
{"id":103024,"date":"2022-09-22T00:53:09","date_gmt":"2022-09-22T00:53:09","guid":{"rendered":"https:\/\/ujkafe.website\/?p=103024"},"modified":"2022-09-21T20:16:24","modified_gmt":"2022-09-21T20:16:24","slug":"ivan-karamazov-a-nobel-dij","status":"publish","type":"post","link":"https:\/\/ujkafe.website\/?p=103024","title":{"rendered":"Ivan Karamazov: A Nobel-d\u00edj"},"content":{"rendered":"\r\n<p>Ha \u00e9n lenn\u00e9k a Nobel-d\u00edjas,<br>venn\u00e9k egy fejet, hogy csak ny\u00edrhasd.<br>S am\u00edg a hajat int\u00e9zgetn\u00e9d,<br>\u00e9n sz\u00e9p csendesen elv\u00e9rezn\u00e9k.<!--more--><br><br>Oll\u00f3t adn\u00e9k a kis kezedbe,<br>hogy belem\u00e1rthasd a sz\u00edvembe,<br>ne legyen itt m\u00e1r semmi kecmec,<br>legyen meg, ami \u00fagyis meglesz.<br><br>Hisz mire voltunk, hogyan voltunk?<br>Mit egykor egym\u00e1st\u00f3l tanultunk,<br>azt most oly sz\u00edvesen feledj\u00fck,<br>a lefoly\u00f3ba leeresztj\u00fck.<br><br>Ez\u00e9rt ha Nobel-d\u00edjas lenn\u00e9k,<br>sz\u00edvemre k\u00e9t mogyor\u00f3t tenn\u00e9k,<br>\u00e9s megint kett\u0151t, akkor h\u00e1tha<br>meg\u00faszn\u00e1m a holnapot m\u00e1r ma.<br><br>\u00c9s akkor \u00edrn\u00e9k, szeretkezn\u00e9k<br>azzal, kibe szerelmes lenn\u00e9k,<br>a m\u00e1t mindig csak m\u00e1nak n\u00e9zn\u00e9m,<br>mint egy vid\u00e1m \u00e9s kerek m\u00e9zl\u00e9ny.<br><br>De addig m\u00e9gis ember\u00e9let,<br>amit szeretek s ez\u00e9rt f\u00e9ltek,<br>addig szeretem, akit adtak,<br>s k\u00f6sz\u00f6n\u00f6k minden pillanatnak.<br><br>\u00c9rte t\u0171r\u00f6m a haragod most,<br>mikor a d\u00fch\u00f6d m\u00e9rge nyaldos,<br>\u00e9rte \u00e1llom \u00e1gy\u00fad l\u00f6v\u00e9s\u00e9t,<br>minden csontomnak sz\u00e9tt\u00f6r\u00e9s\u00e9t.<br><br>De el\u00e9g lesz; ami van, megvan,<br>sziszeg a k\u00e1lyha, \u00e9g a villany,<br>\u00e9s szeretnek, b\u00e1r nem \u00e9rdemlem:<br>Nobel-d\u00edjjal sem lenne szebben.<br><br><em>Forr\u00e1s: szerz\u0151 FB-oldala<\/em><\/p>\r\n","protected":false},"excerpt":{"rendered":"<p>Ha \u00e9n lenn\u00e9k a Nobel-d\u00edjas,venn\u00e9k egy fejet, hogy csak ny\u00edrhasd.S am\u00edg a hajat int\u00e9zgetn\u00e9d,\u00e9n sz\u00e9p csendesen elv\u00e9rezn\u00e9k.<\/p>\n","protected":false},"author":3,"featured_media":0,"comment_status":"open","ping_status":"open","sticky":false,"template":"","format":"standard","meta":{"_monsterinsights_skip_tracking":false,"_monsterinsights_sitenote_active":false,"_monsterinsights_sitenote_note":"","_monsterinsights_sitenote_category":0,"ngg_post_thumbnail":0,"footnotes":""},"categories":[4],"tags":[],"class_list":["post-103024","post","type-post","status-publish","format-standard","hentry","category-vers"],"_links":{"self":[{"href":"https:\/\/ujkafe.website\/index.php?rest_route=\/wp\/v2\/posts\/103024","targetHints":{"allow":["GET"]}}],"collection":[{"href":"https:\/\/ujkafe.website\/index.php?rest_route=\/wp\/v2\/posts"}],"about":[{"href":"https:\/\/ujkafe.website\/index.php?rest_route=\/wp\/v2\/types\/post"}],"author":[{"embeddable":true,"href":"https:\/\/ujkafe.website\/index.php?rest_route=\/wp\/v2\/users\/3"}],"replies":[{"embeddable":true,"href":"https:\/\/ujkafe.website\/index.php?rest_route=%2Fwp%2Fv2%2Fcomments&post=103024"}],"version-history":[{"count":0,"href":"https:\/\/ujkafe.website\/index.php?rest_route=\/wp\/v2\/posts\/103024\/revisions"}],"wp:attachment":[{"href":"https:\/\/ujkafe.website\/index.php?rest_route=%2Fwp%2Fv2%2Fmedia&parent=103024"}],"wp:term":[{"taxonomy":"category","embeddable":true,"href":"https:\/\/ujkafe.website\/index.php?rest_route=%2Fwp%2Fv2%2Fcategories&post=103024"},{"taxonomy":"post_tag","embeddable":true,"href":"https:\/\/ujkafe.website\/index.php?rest_route=%2Fwp%2Fv2%2Ftags&post=103024"}],"curies":[{"name":"wp","href":"https:\/\/api.w.org\/{rel}","templated":true}]}}