
{"id":103025,"date":"2022-09-22T02:52:31","date_gmt":"2022-09-22T02:52:31","guid":{"rendered":"https:\/\/ujkafe.website\/?p=103025"},"modified":"2022-09-21T20:13:50","modified_gmt":"2022-09-21T20:13:50","slug":"rangyak-jozsef-masfel-evtized-tukorszilankjai","status":"publish","type":"post","link":"https:\/\/ujkafe.website\/?p=103025","title":{"rendered":"Rangy\u00e1k J\u00f3zsef: m\u00e1sf\u00e9l \u00e9vtized t\u00fck\u00f6rszil\u00e1nkjai"},"content":{"rendered":"\r\n<div id=\"attachment_103032\" style=\"width: 635px\" class=\"wp-caption alignnone\"><a href=\"https:\/\/ujkafe.website\/wp-content\/uploads\/2022\/09\/rangyakjozsef-festmenye.jpg\"><img loading=\"lazy\" decoding=\"async\" aria-describedby=\"caption-attachment-103032\" class=\"wp-image-103032\" src=\"https:\/\/ujkafe.website\/wp-content\/uploads\/2022\/09\/rangyakjozsef-festmenye-300x157.jpg\" alt=\"\" width=\"625\" height=\"326\" srcset=\"https:\/\/ujkafe.website\/wp-content\/uploads\/2022\/09\/rangyakjozsef-festmenye-300x157.jpg 300w, https:\/\/ujkafe.website\/wp-content\/uploads\/2022\/09\/rangyakjozsef-festmenye.jpg 500w\" sizes=\"auto, (max-width: 625px) 100vw, 625px\" \/><\/a><p id=\"caption-attachment-103032\" class=\"wp-caption-text\">Rangy\u00e1k J\u00f3zsef grafik\u00e1ja<\/p><\/div>\r\n<p><em>\u00daj ki\u00e1ll\u00edt\u00f3teret avatnak p\u00e9nteken Cs\u00edkszered\u00e1ban: a Cs\u00edki Mozi el\u0151csarnoka f\u00f6l\u00f6tti t\u00e1gas terem els\u0151 k\u00e9pz\u0151m\u0171v\u00e9szeti ki\u00e1ll\u00edt\u00e1sa Rangy\u00e1k J\u00f3zsef <strong>T\u00fck\u00f6rszil\u00e1nko<\/strong>k c\u00edm\u0171 t\u00e1rlata lesz. Az alkot\u00f3val besz\u00e9lgett\u00fcnk a kult\u00fara szolg\u00e1lat\u00e1ban v\u00e9gzett munk\u00e1r\u00f3l, m\u0171v\u00e9szi amb\u00edci\u00f3kr\u00f3l \u00e9s a kibontakoz\u00e1si lehet\u0151s\u00e9gekr\u0151l.<\/em><br><br><a href=\"https:\/\/hargitanepe.ro\/rangyak-jozsef-masfel-evtized-tukorszilankjai\/?fbclid=IwAR3VU2-OeGoQCO1jMUaNnEJNO6VKlBRUVXWY0hGaHP8PStKLQPRxYUhJXn4\"><em><strong>A besz\u00e9lget\u00e9s sz\u00f6vege a Hargita N\u00e9pe szerdai sz\u00e1m\u00e1ban.<\/strong><\/em><\/a><br><br><\/p>\r\n","protected":false},"excerpt":{"rendered":"<p>\u00daj ki\u00e1ll\u00edt\u00f3teret avatnak p\u00e9nteken Cs\u00edkszered\u00e1ban: a Cs\u00edki Mozi el\u0151csarnoka f\u00f6l\u00f6tti t\u00e1gas terem els\u0151 k\u00e9pz\u0151m\u0171v\u00e9szeti ki\u00e1ll\u00edt\u00e1sa Rangy\u00e1k J\u00f3zsef T\u00fck\u00f6rszil\u00e1nkok c\u00edm\u0171 t\u00e1rlata lesz. Az alkot\u00f3val besz\u00e9lgett\u00fcnk a kult\u00fara szolg\u00e1lat\u00e1ban v\u00e9gzett munk\u00e1r\u00f3l, m\u0171v\u00e9szi amb\u00edci\u00f3kr\u00f3l \u00e9s a kibontakoz\u00e1si lehet\u0151s\u00e9gekr\u0151l. A besz\u00e9lget\u00e9s sz\u00f6vege a Hargita N\u00e9pe szerdai sz\u00e1m\u00e1ban.<\/p>\n","protected":false},"author":3,"featured_media":0,"comment_status":"open","ping_status":"open","sticky":false,"template":"","format":"standard","meta":{"_monsterinsights_skip_tracking":false,"_monsterinsights_sitenote_active":false,"_monsterinsights_sitenote_note":"","_monsterinsights_sitenote_category":0,"ngg_post_thumbnail":0,"footnotes":""},"categories":[16],"tags":[],"class_list":["post-103025","post","type-post","status-publish","format-standard","hentry","category-bongeszde"],"_links":{"self":[{"href":"https:\/\/ujkafe.website\/index.php?rest_route=\/wp\/v2\/posts\/103025","targetHints":{"allow":["GET"]}}],"collection":[{"href":"https:\/\/ujkafe.website\/index.php?rest_route=\/wp\/v2\/posts"}],"about":[{"href":"https:\/\/ujkafe.website\/index.php?rest_route=\/wp\/v2\/types\/post"}],"author":[{"embeddable":true,"href":"https:\/\/ujkafe.website\/index.php?rest_route=\/wp\/v2\/users\/3"}],"replies":[{"embeddable":true,"href":"https:\/\/ujkafe.website\/index.php?rest_route=%2Fwp%2Fv2%2Fcomments&post=103025"}],"version-history":[{"count":0,"href":"https:\/\/ujkafe.website\/index.php?rest_route=\/wp\/v2\/posts\/103025\/revisions"}],"wp:attachment":[{"href":"https:\/\/ujkafe.website\/index.php?rest_route=%2Fwp%2Fv2%2Fmedia&parent=103025"}],"wp:term":[{"taxonomy":"category","embeddable":true,"href":"https:\/\/ujkafe.website\/index.php?rest_route=%2Fwp%2Fv2%2Fcategories&post=103025"},{"taxonomy":"post_tag","embeddable":true,"href":"https:\/\/ujkafe.website\/index.php?rest_route=%2Fwp%2Fv2%2Ftags&post=103025"}],"curies":[{"name":"wp","href":"https:\/\/api.w.org\/{rel}","templated":true}]}}