
{"id":103027,"date":"2022-09-21T16:35:54","date_gmt":"2022-09-21T16:35:54","guid":{"rendered":"https:\/\/ujkafe.website\/?p=103027"},"modified":"2022-09-21T16:35:54","modified_gmt":"2022-09-21T16:35:54","slug":"akademia-vadasdon-3","status":"publish","type":"post","link":"https:\/\/ujkafe.website\/?p=103027","title":{"rendered":"Akad\u00e9mia Vadasdon"},"content":{"rendered":"<p><strong>Interj\u00fasorozat Sz\u00e9kely Ferenccel<\/strong><\/p>\n<ol start=\"3\">\n<li><strong>A sz\u00fcl\u0151f\u00f6ld \u00f6l\u00e9ben<\/strong><\/li>\n<\/ol>\n<p>&nbsp;<\/p>\n<p><em>Eml<\/em><em>\u00ed<\/em><em>tetted, hogy az <\/em><em>\u00f6<\/em><em>tlet, <\/em><em>\u00e9<\/em><em>s az els<\/em><em>\u0151<\/em><em> k<\/em><em>\u00f6<\/em><em>tet kiad<\/em><em>\u00e1<\/em><em>s<\/em><em>\u00e1<\/em><em>t t<\/em><em>\u00e1<\/em><em>mogat<\/em><em>\u00f3<\/em><em> anyagi h<\/em><em>\u00e1<\/em><em>tt<\/em><em>\u00e9<\/em><em>r a korondi Ambrus Lajost<\/em><em>\u00f3<\/em><em>l sz<\/em><em>\u00e1<\/em><em>rmazott<\/em><em>\u2026 <\/em><em>Hogy <\/em><em>\u201e<\/em><em>ker<\/em><em>\u00fc<\/em><em>lt <\/em><em>\u00e1<\/em><em>t<\/em><em>\u201d<\/em><em> a korondi <\/em><em>\u00f6<\/em><em>tlet a S z<\/em><em>\u00e1<\/em><em>zhalombatt<\/em><em>\u00e1<\/em><em>n m<\/em><em>\u0171<\/em><em>k<\/em><em>\u00f6<\/em><em>d<\/em><em>\u0151<\/em> <em>\u00dc<\/em><em>veghegyig? <\/em><\/p>\n<p><em>&nbsp;<\/em><\/p>\n<p>2012 elej\u00e9n, Ambrus Lajos, miut\u00e1n megegyezt\u00fcnk, hogy elk\u00e9sz\u00edtek egy k\u00f6tetre val\u00f3 interj\u00fat, egy list\u00e1t adott 20 n\u00e9vvel. V\u00e9g\u00fcl felkerek\u00edtett\u00fck 25-re. Ez volt a s\u00f3vid\u00e9ki kort\u00e1rs jelesekr\u0151l k\u00e9sz\u00fclt kimutat\u00e1s, s z\u00f6m\u00e9ben azokat tartalmazta, akik \u2012 azonk\u00edv\u00fcl, hogy ismert szem\u00e9lyis\u00e9gek voltak a t\u00e9rs\u00e9gben \u2012 a Korondon megjelen\u0151 Hazan\u00e9z\u0151 c. foly\u00f3iratnak voltak alkalmi munkat\u00e1rsai, ott k\u00f6z\u00f6ltek t\u00f6bb-kevesebb rendszeress\u00e9ggel. Nem sz\u00e1m\u00edtott a f\u00f6ldrajzi t\u00e1vols\u00e1g, mert abban b\u00edztunk, hogy a modern kommunik\u00e1ci\u00f3s eszk\u00f6z\u00f6k seg\u00edtenek \u00e1thidalni, ami val\u00f3j\u00e1ban siker\u00fclt is. Ambrus Lajos egy e-mail c\u00edmet \u00e9s\/vagy egy telefonsz\u00e1mot bocs\u00e1tott a rendelkez\u00e9semre. Ez volt a kiindul\u00f3pont!<!--more--> \u00c9s ez el\u00e9gs\u00e9ges volt, hogy felvegyem kapcsolatatot pl. a Toront\u00f3ban \u00e9l\u0151 L\u0151rincz B\u00e9la n\u00e9pt\u00e1ncossal vagy a Stokholban \u00e9l\u0151 Bencz\u00e9di Ilona szobr\u00e1szm\u0171v\u00e9sszel, ha \u00fagy tetszik, \u00fajb\u00f3l a magyar olvas\u00f3k, nemzett\u00e1rsak l\u00e1t\u00f3sz\u00f6g\u00e9be hozni. Persze, be kell ismernem, hogy k\u00f6z\u00f6s terv\u00fcnk nem val\u00f3sulhatott volna meg internet n\u00e9lk\u00fcl, a vil\u00e1gh\u00e1l\u00f3n tal\u00e1lhat\u00f3 rengeteg inform\u00e1ci\u00f3 n\u00e9lk\u00fcl, amely val\u00f3ban l\u00e9tezik, gazdag adathalmaz, ott van, csak \u201e\u00f6ssze kell rakni\u201d.<\/p>\n<p><a href=\"https:\/\/ujkafe.website\/wp-content\/uploads\/2022\/09\/Szekely-A-szulofold-oleben.jpg\"><img loading=\"lazy\" decoding=\"async\" class=\"alignnone size-medium wp-image-103026\" src=\"https:\/\/ujkafe.website\/wp-content\/uploads\/2022\/09\/Szekely-A-szulofold-oleben-203x300.jpg\" alt=\"\" width=\"203\" height=\"300\" srcset=\"https:\/\/ujkafe.website\/wp-content\/uploads\/2022\/09\/Szekely-A-szulofold-oleben-203x300.jpg 203w, https:\/\/ujkafe.website\/wp-content\/uploads\/2022\/09\/Szekely-A-szulofold-oleben.jpg 365w\" sizes=\"auto, (max-width: 203px) 100vw, 203px\" \/><\/a><\/p>\n<p>Na most! A szem\u00e9lyis\u00e9gekr\u0151l k\u00e9sz\u00fclt inform\u00e1ci\u00f3s b\u00e1zis legels\u0151bben a szakmai oldalt helyezi el\u0151t\u00e9rbe, ezt igyekszik \u00e1tadni az olvas\u00f3knak, s vajmi keveset kapunk a szem\u00e9lyi h\u00e1tt\u00e9rr\u0151l: gyerekkorr\u00f3l, csal\u00e1dr\u00f3l, a mag\u00e1n\u00e9letr\u0151l,az otthoni sz\u00e9p eml\u00e9kekr\u0151l stb. Valah\u00e1nyszor le\u00fcl\u00f6k a sz\u00e1m\u00edt\u00f3g\u00e9p el\u00e9, hogy \u00fajabb \u00e9s \u00fajabb jelessel \u201ebesz\u00e9lgessek\u201d, mindig foglalkoztat a gondolat: mit tudok \u201ekiszedni\u201d plusszba, \u00e9s az olvas\u00f3k asztal\u00e1ra tenni?&#8230; Valami olyasmire gondolok, amit m\u00e9g nem kaptak, amir\u0151l m\u00e9g nem hallottak a nagybet\u0171s Olvas\u00f3k. S gondolom, hogy az eff\u00e9le \u201em\u00e9lyre\u00e1s\u00e1s\u201d az alanyokat sem zavarja, s\u0151t j\u00f3 n\u00e9ven veszik, hogy \u00e9let\u00fck \u00fajabb \u00e9s \u00fajabb, vagy kev\u00e9sb\u00e9 ismert szegmens\u00e9r\u0151l besz\u00e9lhetnek. Ezt \u00e9reztem 2012 \u0151sz\u00e9n is, amikor a 80 \u00e9ves J\u00f3kai Ann\u00e1nak k\u00fcldtem el a g\u00e9pirat-levelem, s nyomban v\u00e1laszolt: k\u00fcldje el a k\u00e9rd\u00e9seit, azt\u00e1n eld\u00f6nt\u00f6m, hogy v\u00e1laszolni fogok-e. Persze, hogy v\u00e1laszolt \u2012 \u00edr\u00f3g\u00e9ppel \u00e9s k\u00e9zzel \u00edrt level\u00e9t ma nagy becsben tartom! K\u00e9s\u0151bb az interj\u00fat \u2012 amely megjelent a marosv\u00e1s\u00e1rhelyi N\u00e9p\u00fajs\u00e1gban \u00e9s A sz\u00fcl\u0151f\u00f6ld \u00f6l\u00e9ben c. k\u00f6tetben (2014) \u2012 bev\u00e1logatta a V\u00e1laszoltam c. saj\u00e1t interj\u00fak\u00f6tet\u00e9be (2015) is. Megtisztel\u0151 volt!<\/p>\n<p>&nbsp;<\/p>\n<ol start=\"2013\">\n<li>november 21-\u00e9n az erd\u0151szentgy\u00f6rgyi Bodor P\u00e9ter M\u0171vel\u0151d\u00e9si Egyes\u00fclet vend\u00e9ge volt De\u00e1k-S\u00e1rosi L\u00e1szl\u00f3 budapesti nyelv\u00e9sz, k\u00f6lt\u0151, filmarch\u00edv\u00e1tor, Kas\u00f3 Tibor dalszerz\u0151, B. T\u00f3th Kl\u00e1ra k\u00f6lt\u0151-sz\u00f6veg\u00edr\u00f3 \u00e9s V\u00e9ghelyi Bal\u00e1zs sz\u00e1zhalombattai k\u00f6lt\u0151, az \u00dcveghegy k\u00f6nyvkiad\u00f3 vezet\u0151je-tulajdonosa. Ekkor ismerkedtem meg a kiad\u00f3 vezet\u0151j\u00e9vel, aki alig k\u00e9t h\u00f3nappal k\u00e9s\u0151bb, nem z\u00e1rk\u00f3zott el att\u00f3l, hogy megjelentesse A sz\u00fcl\u0151f\u00f6ld \u00f6l\u00e9ben. Besz\u00e9lget\u00e9s t\u00edz magyar \u00edr\u00f3val c. interj\u00fak\u00f6tetet. Ez 2014 elej\u00e9n volt, s az\u00f3ta minden \u00e9vben megjelent legal\u00e1bb egy k\u00f6tet, de volt \u00fagy, hogy kett\u0151 is. (A besz\u00e9lget\u0151k\u00f6nyven k\u00edv\u00fcl volt m\u00e9g n\u00e9prajz, helyt\u00f6rt\u00e9net, n\u00e9pi, humoros igaz t\u00f6rt\u00e9netek.)<\/li>\n<\/ol>\n<p>&nbsp;<\/p>\n<p><em>K\u00e9rdezett: Gergely Tam\u00e1s<\/em><\/p>\n<p><em>(Folytatjuk.)<\/em><\/p>\n<p><em>&nbsp;<\/em><\/p>\n<p><em>Az interj\u00fa els\u0151 r\u00e9sze megjelent itt:<\/em> <em>https:\/\/ujkafe.website\/?p=102940#more-102940<\/em><\/p>\n<p><em>A m\u00e1sodik itt: https:\/\/ujkafe.website\/?p=102995#more-102995<\/em><\/p>\n<p>&nbsp;<\/p>\n","protected":false},"excerpt":{"rendered":"<p>Interj\u00fasorozat Sz\u00e9kely Ferenccel A sz\u00fcl\u0151f\u00f6ld \u00f6l\u00e9ben &nbsp; Eml\u00edtetted, hogy az \u00f6tlet, \u00e9s az els\u0151 k\u00f6tet kiad\u00e1s\u00e1t t\u00e1mogat\u00f3 anyagi h\u00e1tt\u00e9r a korondi Ambrus Lajost\u00f3l sz\u00e1rmazott\u2026 Hogy \u201eker\u00fclt \u00e1t\u201d a korondi \u00f6tlet a S z\u00e1zhalombatt\u00e1n m\u0171k\u00f6d\u0151 \u00dcveghegyig? &nbsp; 2012 elej\u00e9n, Ambrus Lajos, miut\u00e1n megegyezt\u00fcnk, hogy elk\u00e9sz\u00edtek egy k\u00f6tetre val\u00f3 interj\u00fat, egy list\u00e1t adott 20 n\u00e9vvel. V\u00e9g\u00fcl felkerek\u00edtett\u00fck [&hellip;]<\/p>\n","protected":false},"author":2954,"featured_media":0,"comment_status":"open","ping_status":"open","sticky":false,"template":"","format":"standard","meta":{"_monsterinsights_skip_tracking":false,"_monsterinsights_sitenote_active":false,"_monsterinsights_sitenote_note":"","_monsterinsights_sitenote_category":0,"ngg_post_thumbnail":0,"footnotes":""},"categories":[1],"tags":[],"class_list":["post-103027","post","type-post","status-publish","format-standard","hentry","category-nincs-kategorizalva"],"_links":{"self":[{"href":"https:\/\/ujkafe.website\/index.php?rest_route=\/wp\/v2\/posts\/103027","targetHints":{"allow":["GET"]}}],"collection":[{"href":"https:\/\/ujkafe.website\/index.php?rest_route=\/wp\/v2\/posts"}],"about":[{"href":"https:\/\/ujkafe.website\/index.php?rest_route=\/wp\/v2\/types\/post"}],"author":[{"embeddable":true,"href":"https:\/\/ujkafe.website\/index.php?rest_route=\/wp\/v2\/users\/2954"}],"replies":[{"embeddable":true,"href":"https:\/\/ujkafe.website\/index.php?rest_route=%2Fwp%2Fv2%2Fcomments&post=103027"}],"version-history":[{"count":0,"href":"https:\/\/ujkafe.website\/index.php?rest_route=\/wp\/v2\/posts\/103027\/revisions"}],"wp:attachment":[{"href":"https:\/\/ujkafe.website\/index.php?rest_route=%2Fwp%2Fv2%2Fmedia&parent=103027"}],"wp:term":[{"taxonomy":"category","embeddable":true,"href":"https:\/\/ujkafe.website\/index.php?rest_route=%2Fwp%2Fv2%2Fcategories&post=103027"},{"taxonomy":"post_tag","embeddable":true,"href":"https:\/\/ujkafe.website\/index.php?rest_route=%2Fwp%2Fv2%2Ftags&post=103027"}],"curies":[{"name":"wp","href":"https:\/\/api.w.org\/{rel}","templated":true}]}}