
{"id":103041,"date":"2022-09-23T02:55:50","date_gmt":"2022-09-23T02:55:50","guid":{"rendered":"https:\/\/ujkafe.website\/?p=103041"},"modified":"2022-09-22T17:59:46","modified_gmt":"2022-09-22T17:59:46","slug":"boloni-domokos-bongeszoje-597","status":"publish","type":"post","link":"https:\/\/ujkafe.website\/?p=103041","title":{"rendered":"B\u00f6l\u00f6ni Domokos b\u00f6ng\u00e9sz\u0151je"},"content":{"rendered":"\r\n<p><em><strong>SPORTKR\u00d3NIKA<\/strong><\/em><br><em><strong>N\u00c9P\u00fajs\u00e1g\u00edr\u00f3kat vertek Hargita megy\u00e9ben!<\/strong><\/em><\/p>\r\n<p><br>Szigor\u00faan kik\u00fcld\u00f6tt munkat\u00e1rsunkt\u00f3l<br>Szombaton bar\u00e1ts\u00e1gosnak mondhat\u00f3 m\u00ednusz 10 fokos hidegben ker\u00fclt sor Parajdon, a helyi iskola sportcsarnok\u00e1ban a N\u00e9p\u00fajs\u00e1g Szov\u00e1ta v\u00e1ros v\u00e1logatottj\u00e1nak rangad\u00f3j\u00e1ra. A 16 (lelkes) labdar\u00fag\u00f3 k\u00e9nytelen volt mind a 60 percet (ennyit v\u00e1llaltak) leszaladni, hogy oda ne fagyjanak a betonhoz. \u00cdme a csapatok: SZOV\u00c1TA: Fekete \u00c1rp\u00e1d Zsombor, Fekete Barnab\u00e1s, Domokos Andr\u00e1s, Vajda K\u00e1lm\u00e1n, Lengyel Gyula, Kelemen J\u00e1nos, Szab\u00f3 Andr\u00e1s, Kl\u00f3zer Attila. <br>N\u00c9P\u00daJS\u00c1G: Kar\u00e1csonyi Zsigmond, Szucher Ervin, Szilveszter Andr\u00e1s, Makkai J\u00e1nos, Nagy Mikl\u00f3s Kund, Vajda Gy\u00f6rgy, B\u00f6g\u00f6zi Attila (m. v.), M\u00e1th\u00e9 Andr\u00e1s (az ifi-v\u00e1logatottb\u00f3l). J\u00e1t\u00e9kvezet\u0151: Szab\u00f3 K\u00e1roly (Parajd). <br>Az els\u0151 f\u00e9lid\u0151 9. perc\u00e9ig bar\u00e1ts\u00e1gos volt a m\u00e9rk\u0151z\u00e9s, akkor a j\u00e1t\u00e9kosoknak valaki megs\u00fagta, hogy a leveg\u0151vel j\u00f3l felt\u00f6lt\u00f6tt g\u00f6mb\u00f6t (egyesek labd\u00e1nak nevezt\u00e9k) a p\u00e1lya k\u00e9t v\u00e9g\u00e9ben lev\u0151 fekete-feh\u00e9r keret\u0171, viszonylag sz\u0171k lyukba kell juttatni. Ezut\u00e1n a kapusokon k\u00edv\u00fcl m\u00e1r a j\u00e1t\u00e9kosok is labd\u00e1hoz jutottak. A 12. percben Kelemen a p\u00e1lyabeton gyep\u00e9t s\u00farl\u00f3 l\u00f6v\u00e9ssel h\u00e1l\u00f3ba juttatja a labd\u00e1t: 1\u20140. Ezut\u00e1n a N\u00e9p\u00fajs\u00e1g j\u00e1t\u00e9kosai \u00f6sszeszedik magukat \u00e9s az apr\u00f3p\u00e9nz\u00fcket. Szucher n\u00e9h\u00e1nyszor l\u00e1tv\u00e1nyosan h\u00e1r\u00edt (rosszindulat\u00fa h\u00edresztel\u00e9sek szerint rokons\u00e1gban \u00e1ll Jasinnal), majd a 14. percben Szilveszter v\u00e9dhetetlen l\u00f6v\u00e9s\u00e9n\u00e9l Vajda K\u00e1lm\u00e1n kapus m\u00e1r csak hamis tan\u00fa lehet: 1\u20141. Ett\u0151l felbuzdulnak a szov\u00e1taiak, s\u0171r\u0171n integetnek egym\u00e1snak, tapsolnak, s a tapsikol\u00e1s egyik sz\u00fcnet\u00e9ben Lengyel kihaszn\u00e1lja az \u00fcres kapu ny\u00fajtotta el\u0151nyt (a t\u00f6bbiek \u00e9pp keny\u00e9rsorban \u00e1lltak), s lagymatagon a h\u00e1l\u00f3ba gur\u00edt: 2\u20141. <br>Ezut\u00e1n v\u00e1ltakoz\u00f3 szerencs\u00e9vel folyik a j\u00e1t\u00e9k, m\u00edgnem Fekete Barnab\u00e1s kihaszn\u00e1lja Szucher figyelmetlens\u00e9g\u00e9t, s megrezzenti a h\u00e1l\u00f3t: 3\u20141. Egy perccel k\u00e9s\u0151bb Vajda Gy. egy pillanatra leteszi a f\u00e9nyk\u00e9pez\u0151g\u00e9pet, \u00edgy szabad marad a l\u00e1ba, s azzal illeti a labd\u00e1t. N\u00e9vrokona, Vajda K. m\u00e1r csak a h\u00e1l\u00f3 rezd\u00fcl\u00e9s\u00e9t regisztr\u00e1lhatja: 3\u20142, s ez marad az els\u0151 f\u00e9lid\u0151 v\u00e9geredm\u00e9nye is. A sz\u00fcnetben Petelei Istv\u00e1n edz\u0151 \u00e9s Borb\u00e9ly Ern\u0151 gy\u00far\u00f3 taktikai utas\u00edt\u00e1sokat osztogatott a sajt\u00f3soknak, amelyek a l\u00e9nyege az volt, hogy \u2014 ezt kapj\u00e1tok, n\u00e9, nem pr\u00e9miumot! <br>A taktikai utas\u00edt\u00e1sok meghozt\u00e1k gy\u00fcm\u00f6lcs\u00fcket, ugyanis a m\u00e1sodik f\u00e9lid\u0151 16. perc\u00e9ben Lengyel eltal\u00e1lta Szucher l\u00e1ba k\u00f6zt a &#8230; h\u00e1l\u00f3t: 4\u20142. Egyesek tudni v\u00e9lik, hogy a sz\u00fcnetben a szov\u00e1taiak \u00e1lland\u00f3an Szucher fel\u00e9 kacsingattak, \u00e9s mind valami elad\u00f3 sz\u00e1llod\u00e1r\u00f3l besz\u00e9ltek. Sajnos, ezt a tud\u00f3s\u00edt\u00f3 nem vette \u00e9szre, mert t\u00fals\u00e1gosan el volt foglalva a b\u00edr\u00f3 \u00e1ltal felk\u00edn\u00e1lt jav\u00edtott k\u00e1v\u00e9val, \u00edgy a h\u00edresztel\u00e9st hamisnak nyilv\u00e1n\u00edtjuk. \u00c9s minden alapot n\u00e9lk\u00fcl\u00f6z\u0151nek. (Kiv\u00e9ve a pr\u00e9mium-alapot). Ekkor egy v\u00e1ratlan meteorol\u00f3giai fordulat k\u00f6vetkezett be. Az \u00e9g els\u00f6t\u00e9t\u00fclt a s\u0171r\u0171 havaz\u00e1st\u00f3l, s a termen f\u00e9lhom\u00e1ly uralkodott el. Minek k\u00f6vetkezt\u00e9ben Makkai s\u00fcrg\u0151sen k\u00e9s\u0151 esti t\u0171n\u0151d\u00e9sbe kezdett, s nem vette \u00e9szre, hogy r\u00f6pk\u00f6d k\u00f6r\u00fcl\u00f6tte a labda. Ezt kihaszn\u00e1lva Lengyel, majd Fekete Barnab\u00e1s a h\u00e1l\u00f3ba gur\u00edt: 6\u20142. De r\u00e9sen van Nagy Miki (nem az, akire gondolni tetszik, hanem Kund) sorozata, aki k\u00f6teless\u00e9ge \u00e9s felel\u0151ss\u00e9ge teljes tudat\u00e1ban egym\u00e1s ut\u00e1n k\u00e9tszer, a 24. \u00e9s 25. percben g\u00f3lt l\u0151: 6\u20144. \u00c9bredeznek a rem\u00e9nyek a sajt\u00f3sok soraiban, de annyival maradnak. Azaz, valamivel t\u00f6bbel. Mert Fekete B. a 28. percben sz\u00e9p\u00edt (7\u20144), majd Kl\u00f3zer (polg\u00e1r)mesteri l\u00f6v\u00e9ssel be\u00e1ll\u00edtja a v\u00e9geredm\u00e9nyt: 8\u20144. <br>A m\u00e9rk\u0151z\u00e9s ut\u00e1n tal\u00e1lkoz\u00f3ra ker\u00fclt sor a k\u00e9t csapat tagjai k\u00f6z\u00f6tt. A fogad\u00e1s meleg, bar\u00e1ti l\u00e9gk\u00f6rben zajlott, s ennek sor\u00e1n az \u00fajs\u00e1g\u00edr\u00f3k sz\u00f3viv\u0151je kijelentette, nem gy\u0151zni, hanem mesteri j\u00e1t\u00e9kot bemutatni j\u00f6ttek Parajdra. <br>A S\u00f3hivatalhoz egyetlen panasz sem \u00e9rkezett. <br>* <br>Ut\u00f3irat. Lapz\u00e1rtakor \u00e9rtes\u00fclt\u00fcnk: nem igaz a h\u00edr, miszerint parlamenti bizotts\u00e1g alakult annak kivizsg\u00e1l\u00e1s\u00e1ra, hogy a Hargita megyei Parajdon N\u00c9P\u00fajs\u00e1g\u00edr\u00f3kat vertek.<br><br><em>Bak\u00f3 Zolt\u00e1n<\/em><br><em>N\u00e9p\u00fajs\u00e1g, 1992. janu\u00e1r 21<\/em><\/p>\r\n","protected":false},"excerpt":{"rendered":"<p>SPORTKR\u00d3NIKAN\u00c9P\u00fajs\u00e1g\u00edr\u00f3kat vertek Hargita megy\u00e9ben! Szigor\u00faan kik\u00fcld\u00f6tt munkat\u00e1rsunkt\u00f3lSzombaton bar\u00e1ts\u00e1gosnak mondhat\u00f3 m\u00ednusz 10 fokos hidegben ker\u00fclt sor Parajdon, a helyi iskola sportcsarnok\u00e1ban a N\u00e9p\u00fajs\u00e1g Szov\u00e1ta v\u00e1ros v\u00e1logatottj\u00e1nak rangad\u00f3j\u00e1ra. A 16 (lelkes) labdar\u00fag\u00f3 k\u00e9nytelen volt mind a 60 percet (ennyit v\u00e1llaltak) leszaladni, hogy oda ne fagyjanak a betonhoz. \u00cdme a csapatok: SZOV\u00c1TA: Fekete \u00c1rp\u00e1d Zsombor, Fekete Barnab\u00e1s, Domokos [&hellip;]<\/p>\n","protected":false},"author":3,"featured_media":0,"comment_status":"open","ping_status":"open","sticky":false,"template":"","format":"standard","meta":{"_monsterinsights_skip_tracking":false,"_monsterinsights_sitenote_active":false,"_monsterinsights_sitenote_note":"","_monsterinsights_sitenote_category":0,"ngg_post_thumbnail":0,"footnotes":""},"categories":[16],"tags":[],"class_list":["post-103041","post","type-post","status-publish","format-standard","hentry","category-bongeszde"],"_links":{"self":[{"href":"https:\/\/ujkafe.website\/index.php?rest_route=\/wp\/v2\/posts\/103041","targetHints":{"allow":["GET"]}}],"collection":[{"href":"https:\/\/ujkafe.website\/index.php?rest_route=\/wp\/v2\/posts"}],"about":[{"href":"https:\/\/ujkafe.website\/index.php?rest_route=\/wp\/v2\/types\/post"}],"author":[{"embeddable":true,"href":"https:\/\/ujkafe.website\/index.php?rest_route=\/wp\/v2\/users\/3"}],"replies":[{"embeddable":true,"href":"https:\/\/ujkafe.website\/index.php?rest_route=%2Fwp%2Fv2%2Fcomments&post=103041"}],"version-history":[{"count":0,"href":"https:\/\/ujkafe.website\/index.php?rest_route=\/wp\/v2\/posts\/103041\/revisions"}],"wp:attachment":[{"href":"https:\/\/ujkafe.website\/index.php?rest_route=%2Fwp%2Fv2%2Fmedia&parent=103041"}],"wp:term":[{"taxonomy":"category","embeddable":true,"href":"https:\/\/ujkafe.website\/index.php?rest_route=%2Fwp%2Fv2%2Fcategories&post=103041"},{"taxonomy":"post_tag","embeddable":true,"href":"https:\/\/ujkafe.website\/index.php?rest_route=%2Fwp%2Fv2%2Ftags&post=103041"}],"curies":[{"name":"wp","href":"https:\/\/api.w.org\/{rel}","templated":true}]}}