
{"id":103045,"date":"2022-09-23T02:50:29","date_gmt":"2022-09-23T02:50:29","guid":{"rendered":"https:\/\/ujkafe.website\/?p=103045"},"modified":"2022-09-22T17:52:55","modified_gmt":"2022-09-22T17:52:55","slug":"gergely-tamas-rocinante-regenye-15","status":"publish","type":"post","link":"https:\/\/ujkafe.website\/?p=103045","title":{"rendered":"Gergely Tam\u00e1s: ROCINANTE REG\u00c9NYE &#8211; 15"},"content":{"rendered":"\r\n<p><em>(Cervantes nyom\u00e1n szabadon)<\/em><br><br><em><strong>(15) \u201dGAZ KATAL\u00c1NOK\u201d<\/strong><\/em><br><br>H\u00e1t ha ne is \u201dvesszen\u201d, ink\u00e1bb szerezz\u00fck vissza, ez volt a lovag c\u00e9lja. Olvasta, hogy Katal\u00f3nia spanyol volt, de elszakadtak. M\u00e1rpedig Spanyolorsz\u00e1g nem Spanyolorsz\u00e1g Katal\u00f3nia n\u00e9lk\u00fcl.<br>Azzal nekiveselkedt\u00fcnk. A don azt szerette volna, hogy \u00fcgessek, de h\u00e1t az \u00e9n fejem leh\u00fazt\u00e1k a gondok:<br>\u2013 Lesz-e zab Kakaf\u00f3ni\u00e1ban? Ki ad abb\u00f3l nekem: Panza vagy az ellens\u00e9g?<br>M\u00e1r a harmadik falut is elhagytuk, amikor lovagom egy kisebb csoportosul\u00e1st vett \u00e9szre egy h\u00e1z el\u0151tt. Alighanem utasok voltak, akik az \u00fatsz\u00e9li fogad\u00f3ban akart\u00e1k megh\u00fazni magukat. Illetve abb\u00f3l, hogy a szamaraik meg voltak pakolva m\u00e1lh\u00e1val, arra k\u00f6vetkeztettem, hogy keresked\u0151k. \u00c9pp szedt\u00e9k le az \u00e1ruikat a \u00e1llatok h\u00e1t\u00e1r\u00f3l.<br>De Don Hibbant az Agya m\u00e1sk\u00e9nt l\u00e1tta. Azaz m\u00e1sk\u00e9nt fogta fel, amit l\u00e1tott.<br>\u2013 Katal\u00e1nok \u2013 ord\u00edtotta. Csatarendbe \u00e1ll\u00edtott engem meg Panz\u00e1t, azaz a szamarat, kir\u00e1ntotta h\u00fcvely\u00e9b\u0151l a kardj\u00e1t, megigaz\u00edtotta a sisakj\u00e1t, amit akk\u00e9nt hordott, Caterina varrt \u00f6ssze neki b\u0151rb\u0151l egy f\u0151fed\u0151t, b\u00f3bit\u00e1ja is volt, dr\u00f3ttal r\u00e1er\u0151s\u00edtve. Engem mgsarkanty\u00fazott, \u00e9s t\u00e1mad\u00e1sba lend\u00fclt\u00fcnk.<br>\u2013 Gaz katal\u00e1nok \u2013 s\u00fcv\u00f6lt\u00f6tte a h\u0151s lovag \u2013 adj\u00e1tok meg magatokat!<br>Azokat a t\u00e1mad\u00e1s felk\u00e9sz\u00fcletlen\u00fcl \u00e9rte. Kezdetben tr\u00e9f\u00e1ra vett\u00e9k a dolgot, viccel\u0151dtek a lovag r\u00f3v\u00e1s\u00e1ra, f\u0151leg a billeg\u0151 b\u00f3bita nyerte el a tetsz\u00e9s\u00fck.<br>De azt\u00e1n, mikor az els\u0151 k\u00f6z\u00fcl\u00fck a porba v\u00e9resen lerogyott, komolyra fordult a dolog.<br>\u2013 Mi nem vagyunk katal\u00e1nok! \u2013 mondta az egyik, de kapott \u0151 is egy suhint\u00e1st az arc\u00e1ra, \u00fagyhogy fut\u00e1snak eredtek. Volt, aki a szamara m\u00f6g\u00e9 h\u00faz\u00f3dott meg.<br>\u2013 Az sem baj, ha nem azok vagytok, de adj\u00e1tok vissza Katal\u00f3ni\u00e1t! \u2013 er\u0151sk\u00f6d\u00f6tt a lovag, mik\u00f6zben v\u00e9szesen forgatta a kardj\u00e1t.<br>Ekkor \u00e9rte a l\u00f6ved\u00e9k. A fogad\u00f3s vagy annak a fia paritty\u00e1val, egy \u00f6kl\u00f6mnyi k\u0151vel leter\u00edtette. \u00dagy, hogy a Caterina \u00e1ltal eszkab\u00e1lt b\u0151rsisak kett\u00e9hasadt, a don meg al\u00e9ltan fordult le r\u00f3lam.<br><br><strong><em>(FOLYTATJUK * K\u00f6vetkezik: (16.) HAZASZ\u00c1LL\u00cdTJ\u00c1K)<\/em><\/strong><\/p>\r\n","protected":false},"excerpt":{"rendered":"<p>(Cervantes nyom\u00e1n szabadon) (15) \u201dGAZ KATAL\u00c1NOK\u201d H\u00e1t ha ne is \u201dvesszen\u201d, ink\u00e1bb szerezz\u00fck vissza, ez volt a lovag c\u00e9lja. Olvasta, hogy Katal\u00f3nia spanyol volt, de elszakadtak. M\u00e1rpedig Spanyolorsz\u00e1g nem Spanyolorsz\u00e1g Katal\u00f3nia n\u00e9lk\u00fcl.Azzal nekiveselkedt\u00fcnk. A don azt szerette volna, hogy \u00fcgessek, de h\u00e1t az \u00e9n fejem leh\u00fazt\u00e1k a gondok:\u2013 Lesz-e zab Kakaf\u00f3ni\u00e1ban? Ki ad abb\u00f3l nekem: [&hellip;]<\/p>\n","protected":false},"author":3,"featured_media":0,"comment_status":"open","ping_status":"open","sticky":false,"template":"","format":"standard","meta":{"_monsterinsights_skip_tracking":false,"_monsterinsights_sitenote_active":false,"_monsterinsights_sitenote_note":"","_monsterinsights_sitenote_category":0,"ngg_post_thumbnail":0,"footnotes":""},"categories":[6],"tags":[],"class_list":["post-103045","post","type-post","status-publish","format-standard","hentry","category-regeny"],"_links":{"self":[{"href":"https:\/\/ujkafe.website\/index.php?rest_route=\/wp\/v2\/posts\/103045","targetHints":{"allow":["GET"]}}],"collection":[{"href":"https:\/\/ujkafe.website\/index.php?rest_route=\/wp\/v2\/posts"}],"about":[{"href":"https:\/\/ujkafe.website\/index.php?rest_route=\/wp\/v2\/types\/post"}],"author":[{"embeddable":true,"href":"https:\/\/ujkafe.website\/index.php?rest_route=\/wp\/v2\/users\/3"}],"replies":[{"embeddable":true,"href":"https:\/\/ujkafe.website\/index.php?rest_route=%2Fwp%2Fv2%2Fcomments&post=103045"}],"version-history":[{"count":0,"href":"https:\/\/ujkafe.website\/index.php?rest_route=\/wp\/v2\/posts\/103045\/revisions"}],"wp:attachment":[{"href":"https:\/\/ujkafe.website\/index.php?rest_route=%2Fwp%2Fv2%2Fmedia&parent=103045"}],"wp:term":[{"taxonomy":"category","embeddable":true,"href":"https:\/\/ujkafe.website\/index.php?rest_route=%2Fwp%2Fv2%2Fcategories&post=103045"},{"taxonomy":"post_tag","embeddable":true,"href":"https:\/\/ujkafe.website\/index.php?rest_route=%2Fwp%2Fv2%2Ftags&post=103045"}],"curies":[{"name":"wp","href":"https:\/\/api.w.org\/{rel}","templated":true}]}}