
{"id":103051,"date":"2022-09-25T02:53:01","date_gmt":"2022-09-25T02:53:01","guid":{"rendered":"https:\/\/ujkafe.website\/?p=103051"},"modified":"2022-09-24T20:11:07","modified_gmt":"2022-09-24T20:11:07","slug":"a-hepehupa-versjubileumi-sorozatabol","status":"publish","type":"post","link":"https:\/\/ujkafe.website\/?p=103051","title":{"rendered":"A Hepehupa versjubileumi sorozat\u00e1b\u00f3l"},"content":{"rendered":"\r\n<p><em>P. Buzog\u00e1ny \u00c1rp\u00e1d sz\u00e9kelyf\u00f6ldi k\u00f6z\u00edr\u00f3, szerkeszt\u0151, k\u00f6lt\u0151 \u00e9s pr\u00f3za\u00edr\u00f3 lapunk 2003\/4. sz\u00e1m\u00e1ban k\u00f6z\u00f6lt n\u00e9h\u00e1ny verset, t\u00f6bbek k\u00f6z\u00f6tt ezt a k\u00fcl\u00f6nlegesebbet is:<\/em><\/p>\r\n<p><em><strong>P. Buzog\u00e1ny \u00c1rp\u00e1d: k\u00e9k bl\u00faz (l\u00edrai eml\u00e9kez\u00e9s)<\/strong><\/em><\/p>\r\n<p><br>ott l\u00e1ttalak a busz\u00e1llom\u00e1s mellett<br>\u00fcld\u00f6g\u00e9ltetek egy teraszon<br>k\u00e9k bl\u00faz volt rajtad \u00e9s hars\u00e1ny dum\u00e1kat<br>nyomott le egy szak\u00e1llas fazon<br>m\u00e1snap tal\u00e1lkoztunk az \u00e1llom\u00e1sr\u00f3l<br>j\u00f6vet megl\u00e1ttam k\u00e9k bl\u00fazodat<!--more--><br>r\u00e1m kacagt\u00e1l \u00e9s kivillant a r\u00fazsod<br>f\u00f6l\u00fcl sok apr\u00f3 feh\u00e9r fogad<br>este m\u00e1r egy\u00fctt egy teraszon \u00fclt\u00fcnk<br>meg-megsimogattam h\u00e1tadon <br>k\u00e9k bl\u00fazodat az aut\u00f3buszt lek\u00e9stem<br>s egy\u00fctt aludtunk egy fapadon<br><br><\/p>\r\n<p><em>Forr\u00e1s: Hepehupa<\/em><\/p>\r\n","protected":false},"excerpt":{"rendered":"<p>P. Buzog\u00e1ny \u00c1rp\u00e1d sz\u00e9kelyf\u00f6ldi k\u00f6z\u00edr\u00f3, szerkeszt\u0151, k\u00f6lt\u0151 \u00e9s pr\u00f3za\u00edr\u00f3 lapunk 2003\/4. sz\u00e1m\u00e1ban k\u00f6z\u00f6lt n\u00e9h\u00e1ny verset, t\u00f6bbek k\u00f6z\u00f6tt ezt a k\u00fcl\u00f6nlegesebbet is: P. Buzog\u00e1ny \u00c1rp\u00e1d: k\u00e9k bl\u00faz (l\u00edrai eml\u00e9kez\u00e9s) ott l\u00e1ttalak a busz\u00e1llom\u00e1s mellett\u00fcld\u00f6g\u00e9ltetek egy teraszonk\u00e9k bl\u00faz volt rajtad \u00e9s hars\u00e1ny dum\u00e1katnyomott le egy szak\u00e1llas fazonm\u00e1snap tal\u00e1lkoztunk az \u00e1llom\u00e1sr\u00f3lj\u00f6vet megl\u00e1ttam k\u00e9k bl\u00fazodat<\/p>\n","protected":false},"author":3,"featured_media":0,"comment_status":"open","ping_status":"open","sticky":false,"template":"","format":"standard","meta":{"_monsterinsights_skip_tracking":false,"_monsterinsights_sitenote_active":false,"_monsterinsights_sitenote_note":"","_monsterinsights_sitenote_category":0,"ngg_post_thumbnail":0,"footnotes":""},"categories":[16,4],"tags":[],"class_list":["post-103051","post","type-post","status-publish","format-standard","hentry","category-bongeszde","category-vers"],"_links":{"self":[{"href":"https:\/\/ujkafe.website\/index.php?rest_route=\/wp\/v2\/posts\/103051","targetHints":{"allow":["GET"]}}],"collection":[{"href":"https:\/\/ujkafe.website\/index.php?rest_route=\/wp\/v2\/posts"}],"about":[{"href":"https:\/\/ujkafe.website\/index.php?rest_route=\/wp\/v2\/types\/post"}],"author":[{"embeddable":true,"href":"https:\/\/ujkafe.website\/index.php?rest_route=\/wp\/v2\/users\/3"}],"replies":[{"embeddable":true,"href":"https:\/\/ujkafe.website\/index.php?rest_route=%2Fwp%2Fv2%2Fcomments&post=103051"}],"version-history":[{"count":0,"href":"https:\/\/ujkafe.website\/index.php?rest_route=\/wp\/v2\/posts\/103051\/revisions"}],"wp:attachment":[{"href":"https:\/\/ujkafe.website\/index.php?rest_route=%2Fwp%2Fv2%2Fmedia&parent=103051"}],"wp:term":[{"taxonomy":"category","embeddable":true,"href":"https:\/\/ujkafe.website\/index.php?rest_route=%2Fwp%2Fv2%2Fcategories&post=103051"},{"taxonomy":"post_tag","embeddable":true,"href":"https:\/\/ujkafe.website\/index.php?rest_route=%2Fwp%2Fv2%2Ftags&post=103051"}],"curies":[{"name":"wp","href":"https:\/\/api.w.org\/{rel}","templated":true}]}}