
{"id":103052,"date":"2022-09-24T02:58:12","date_gmt":"2022-09-24T02:58:12","guid":{"rendered":"https:\/\/ujkafe.website\/?p=103052"},"modified":"2022-09-23T18:42:24","modified_gmt":"2022-09-23T18:42:24","slug":"jona-david-faludy","status":"publish","type":"post","link":"https:\/\/ujkafe.website\/?p=103052","title":{"rendered":"J\u00f3na D\u00e1vid: Faludy"},"content":{"rendered":"\r\n<p>A t\u00fal\u00e9l\u0151k inge, megtanult versek, <br>f\u00e9lelm\u00e9t rejti a homoksz\u00edn k\u00e9z, <br>barakkban fekve str\u00f3f\u00e1kat suttog, <br>a hord\u00f3j\u00e1t fest\u0151 Diogen\u00e9sz.<!--more--> <br><br>Virrasztott \u00e9jben, keser\u0171s\u00e9gben, <br>valaki egyszer d\u00fadolni kezd, <br>a mindens\u00e9ggel harcol ek\u00f6zben <br>az \u00fcvegbe v\u00e9sett hajsz\u00e1lkereszt. <br><br>Ellens\u00e9g kell az elvt\u00e1rsi l\u00e1znak, <br>b\u00f6rt\u00f6nt b\u00e9lel a n\u00e9pi \u00fcgy\u00e9sz, <br>a csipkebokrok takar\u00e1s\u00e1ban, <br>nesz\u00e9t dugdossa a mesterl\u00f6v\u00e9sz. <br><br>A pr\u00e9da-ijedts\u00e9g sors\u00e1t legy\u0171ri, <br>teremtett vil\u00e1ga \u00fatmutat\u00e1s, <br>furcsa, de \u00edgy van, hasztalan minden: <br>a kegyetlens\u00e9g, s a k\u00ednvallat\u00e1s <br><br>A hitnek, s a versnek gy\u0151zelm\u00e9t hozta <br>az \u00f6r\u00f6kk\u00e9 l\u00e1zas Faludy Gy\u00f6rgy, <br>szavak-\u0151rizte m\u00e9lt\u00f3s\u00e1g\u00e1val <br>rem\u00e9nyt kapott a nyomorult f\u00f6ld. <br><br>Korona pressz\u00f3, \u00f6tven \u00e9v m\u00falva, <br>figyelve hallgat, s \u00e9rti, mit kell, <br>f\u00f6l\u00f6tte marad a m\u00faland\u00f3s\u00e1gnak, <br>mint foly\u00f3ban \u00fasz\u00f3 hungarocell. <br><br>Meztelen l\u00e1b\u00fa, k\u00f3cos kis este, <br>s\u00e1padt az arca, mint a toj\u00e1slik\u0151r, <br>de szeretve b\u00edztat, \u00e9rt\u0151en vizslat, <br>s \u00e9rdekl\u0151dve el\u0151re d\u0151l. <br><br>Az elfogyott csendben, mindennel szemben <br>nekem ez mindig biztos alap, <br>egy falnak t\u00e1masztott kerti s\u00f6pr\u0171, <br>melyre olykor felfut a bab.<br><br><em>Forr\u00e1s: szerz\u0151 FB-oldala<\/em><\/p>\r\n","protected":false},"excerpt":{"rendered":"<p>A t\u00fal\u00e9l\u0151k inge, megtanult versek, f\u00e9lelm\u00e9t rejti a homoksz\u00edn k\u00e9z, barakkban fekve str\u00f3f\u00e1kat suttog, a hord\u00f3j\u00e1t fest\u0151 Diogen\u00e9sz.<\/p>\n","protected":false},"author":3,"featured_media":0,"comment_status":"open","ping_status":"open","sticky":false,"template":"","format":"standard","meta":{"_monsterinsights_skip_tracking":false,"_monsterinsights_sitenote_active":false,"_monsterinsights_sitenote_note":"","_monsterinsights_sitenote_category":0,"ngg_post_thumbnail":0,"footnotes":""},"categories":[4],"tags":[],"class_list":["post-103052","post","type-post","status-publish","format-standard","hentry","category-vers"],"_links":{"self":[{"href":"https:\/\/ujkafe.website\/index.php?rest_route=\/wp\/v2\/posts\/103052","targetHints":{"allow":["GET"]}}],"collection":[{"href":"https:\/\/ujkafe.website\/index.php?rest_route=\/wp\/v2\/posts"}],"about":[{"href":"https:\/\/ujkafe.website\/index.php?rest_route=\/wp\/v2\/types\/post"}],"author":[{"embeddable":true,"href":"https:\/\/ujkafe.website\/index.php?rest_route=\/wp\/v2\/users\/3"}],"replies":[{"embeddable":true,"href":"https:\/\/ujkafe.website\/index.php?rest_route=%2Fwp%2Fv2%2Fcomments&post=103052"}],"version-history":[{"count":0,"href":"https:\/\/ujkafe.website\/index.php?rest_route=\/wp\/v2\/posts\/103052\/revisions"}],"wp:attachment":[{"href":"https:\/\/ujkafe.website\/index.php?rest_route=%2Fwp%2Fv2%2Fmedia&parent=103052"}],"wp:term":[{"taxonomy":"category","embeddable":true,"href":"https:\/\/ujkafe.website\/index.php?rest_route=%2Fwp%2Fv2%2Fcategories&post=103052"},{"taxonomy":"post_tag","embeddable":true,"href":"https:\/\/ujkafe.website\/index.php?rest_route=%2Fwp%2Fv2%2Ftags&post=103052"}],"curies":[{"name":"wp","href":"https:\/\/api.w.org\/{rel}","templated":true}]}}