
{"id":103055,"date":"2022-09-24T02:55:46","date_gmt":"2022-09-24T02:55:46","guid":{"rendered":"https:\/\/ujkafe.website\/?p=103055"},"modified":"2022-09-23T18:38:00","modified_gmt":"2022-09-23T18:38:00","slug":"benczedi-sandor-vazlat-egy-nagy-imre-szoborhoz","status":"publish","type":"post","link":"https:\/\/ujkafe.website\/?p=103055","title":{"rendered":"Bencz\u00e9di S\u00e1ndor: V\u00e1zlat egy Nagy Imre-szoborhoz"},"content":{"rendered":"\r\n<div id=\"attachment_103061\" style=\"width: 635px\" class=\"wp-caption alignnone\"><a href=\"https:\/\/ujkafe.website\/wp-content\/uploads\/2022\/09\/bencedi-onarckep.jpg\"><img loading=\"lazy\" decoding=\"async\" aria-describedby=\"caption-attachment-103061\" class=\"wp-image-103061\" src=\"https:\/\/ujkafe.website\/wp-content\/uploads\/2022\/09\/bencedi-onarckep-300x188.jpg\" alt=\"\" width=\"625\" height=\"391\" srcset=\"https:\/\/ujkafe.website\/wp-content\/uploads\/2022\/09\/bencedi-onarckep-300x188.jpg 300w, https:\/\/ujkafe.website\/wp-content\/uploads\/2022\/09\/bencedi-onarckep.jpg 645w\" sizes=\"auto, (max-width: 625px) 100vw, 625px\" \/><\/a><p id=\"caption-attachment-103061\" class=\"wp-caption-text\"><em>Bencz\u00e9di S\u00e1ndor: \u00d6narck\u00e9p<\/em><\/p><\/div>\r\n<p><strong>A 110 \u00e9ve sz\u00fcletett, erd\u00e9lyi sz\u00e9kely Bencz\u00e9di S\u00e1ndor szobr\u00e1szm\u0171v\u00e9sz eml\u00e9k\u00e9re tisztelg\u0151 ki\u00e1ll\u00edt\u00e1st k\u00e9szitenek megnyitni Sz\u00e9kelyudvarhelyen. Az esem\u00e9ny aprop\u00f3j\u00e1n a Hargita megyei napilap (Hargita N\u00e9pe) \u00f6ssze\u00e1ll\u00edt\u00e1st k\u00f6z\u00f6lt a szatirikus m\u0171v\u00e9sz&nbsp; jellegzetes tev\u00e9kenys\u00e9g\u00e9r\u0151l. A lap megsz\u00f3laltatta egyben a m\u0171v\u00e9sz Sv\u00e9dorsz\u00e1gban \u00e9l\u0151 l\u00e1ny\u00e1t, Bencz\u00e9di Ilon\u00e1t is, aki ugyancsak a k\u00e9pz\u0151m\u0171v\u00e9szi p\u00e1lya mellett k\u00f6telezte el mag\u00e1t. Al\u00e1bb a m\u0171v\u00e9sz vallom\u00e1s\u00e1t id\u00e9zz\u00fck:<\/strong><\/p>\r\n<p><!--more--><\/p>\r\n<p>Nagy Imr\u00e9r\u0151l sokkal ink\u00e1bb szeretn\u00e9k szobrot csin\u00e1lni, mint ak\u00e1rmit is \u00edrni. Megmint\u00e1zn\u00e1m r\u00f3la a nagy kir\u00e1ndul\u00f3t, aki m\u00e9g mindig \u00fagy megy f\u00f6l a hegyre, hogy j\u00f3val fiatalabb k\u00eds\u00e9r\u0151i is lihegve k\u00f6vetik (ezt K\u00e1ny\u00e1di S\u00e1ndort\u00f3l hallottam). Megmint\u00e1zn\u00e1m, amint ropogtatja csontjaimat, ha hosszabb id\u0151 m\u00falt\u00e1n \u00fajra tal\u00e1lkozunk.<br>Az sem volna megvetend\u0151, ha az \u00f6reg b\u00f6lcs szobr\u00e1t k\u00e9sz\u00edten\u00e9m el r\u00f3la, de a legnagyszer\u0171bb m\u00e9giscsak az volna, ha fest\u0151nek mint\u00e1zn\u00e1m. Igaz, m\u00e1r mint\u00e1ztam t\u00f6bbsz\u00f6r is festeget\u0151 Nagy Imr\u00e9t, de az igazi m\u00e9g nem sz\u00fcletett meg.<br>Olyan Nagy Imr\u00e9t szeretn\u00e9k mint\u00e1zni, akiben benne legyen a nagy fest\u0151 hat\u00e1rtalan szeretete az erd\u00e9lyi t\u00e1j ir\u00e1nt, aki, mint egy nagy var\u00e1zsl\u00f3, viszi v\u00e1szonra vagy akvarellk\u00e9pbe a cs\u00edki hegyek reg\u00e9nyes t\u00e1jainak minden sz\u00e9ps\u00e9g\u00e9t. Fogadni mern\u00e9k, most is ott \u00fcl valahol egy csutakon vagy moh\u00e1val ben\u0151tt k\u00f6v\u00f6n (bocs\u00e1nat, most jut eszembe, hogy a sz\u00e9ket is mindig mag\u00e1val viszi), \u00e9s sz\u00far\u00f3s, sasszemeivel n\u00e9zi a t\u00e1jat, hogy a hegyes, bokros, v\u00f6lgyes, lombos vil\u00e1gb\u00f3l kiv\u00e1lassza a legjobb k\u00e9pt\u00e9m\u00e1t.<br>Azt szeretn\u00e9m, ha abba a bizonyos szoborba belemint\u00e1zhatn\u00e1m a nagylelk\u0171 Nagy Imr\u00e9t, aki ugyan nehezen v\u00e1lik meg k\u00e9peit\u0151l, de egyetlen nagy gesztussal k\u00e9pes egy eg\u00e9sz m\u00fazeumra val\u00f3t elaj\u00e1nd\u00e9kozni.<br>Ilyen ez a Nagy Imre, kisz\u00e1m\u00edthatatlan, mint a hargitai cs\u00facsok id\u0151j\u00e1r\u00e1sa. Hol olyan melegen s\u00fct, hogy majdnem-majdnem meg\u00e9geti a k\u00f6zel lev\u0151t, hol olyan zordonan viharzik, hogy azt sem tudja a j\u00e1mbor haland\u00f3, mik\u00e9ppen s hova menek\u00fclj\u00f6n, m\u00edg el\u00fcl a hirtelen kerekedett vill\u00e1mokat sz\u00f3r\u00f3 zivatar. Merthogy elcsendesedik, az olyan biztos, mint a nappalok s az \u00e9jszak\u00e1k v\u00e1ltakoz\u00e1sa, azzal a k\u00fcl\u00f6nbs\u00e9ggel, hogy Nagy Imr\u00e9n\u00e9l a s\u00f6t\u00e9ts\u00e9g sokkal kevesebb ideig tart.<br>Ilyen Nagy Imr\u00e9t szeretn\u00e9k mint\u00e1zni, de nem tudom, lesz-e el\u00e9g er\u0151 bennem, hogy \u00f6sszes\u0171r\u00edtsem egyetlen darabba mindazt, amit l\u00e1tunk, hallunk, \u00e9rz\u00fcnk s gondolunk vele kapcsolatban. Rem\u00e9lem, egyszer csak siker\u00fcl, ha negyven \u00e9v m\u00falva is, s ha majd megcsin\u00e1ltam, elh\u00edvom Nagy Imr\u00e9t, hogy besz\u00e9lgess\u00fcnk el arr\u00f3l a szoborr\u00f3l, merthogy \u0151 m\u00e9g akkor is k\u00f6z\u00f6tt\u00fcnk lesz, az olyan biztos, mint az, hogy most \u00e9n itt azon gy\u00f6tr\u0151dtem, mit is \u00edrjak Nagy Imr\u00e9r\u0151l, hogy tal\u00e1ljon hozz\u00e1.<\/p>\r\n<div id=\"attachment_103060\" style=\"width: 400px\" class=\"wp-caption alignnone\"><a href=\"https:\/\/ujkafe.website\/wp-content\/uploads\/2022\/09\/nagyimrevazlat.jpg\"><img loading=\"lazy\" decoding=\"async\" aria-describedby=\"caption-attachment-103060\" class=\"wp-image-103060\" src=\"https:\/\/ujkafe.website\/wp-content\/uploads\/2022\/09\/nagyimrevazlat-248x300.jpg\" alt=\"\" width=\"390\" height=\"472\" srcset=\"https:\/\/ujkafe.website\/wp-content\/uploads\/2022\/09\/nagyimrevazlat-248x300.jpg 248w, https:\/\/ujkafe.website\/wp-content\/uploads\/2022\/09\/nagyimrevazlat.jpg 496w\" sizes=\"auto, (max-width: 390px) 100vw, 390px\" \/><\/a><p id=\"caption-attachment-103060\" class=\"wp-caption-text\"><em>A Nagy Imre szoborterv<\/em><\/p><\/div>\r\n<p><br><br><em><strong>Forr\u00e1s: Hargita N\u00e9pe, M\u00fazsa mell\u00e9klet, 2022. szeptember 23.<\/strong><\/em><\/p>\r\n","protected":false},"excerpt":{"rendered":"<p>A 110 \u00e9ve sz\u00fcletett, erd\u00e9lyi sz\u00e9kely Bencz\u00e9di S\u00e1ndor szobr\u00e1szm\u0171v\u00e9sz eml\u00e9k\u00e9re tisztelg\u0151 ki\u00e1ll\u00edt\u00e1st k\u00e9szitenek megnyitni Sz\u00e9kelyudvarhelyen. Az esem\u00e9ny aprop\u00f3j\u00e1n a Hargita megyei napilap (Hargita N\u00e9pe) \u00f6ssze\u00e1ll\u00edt\u00e1st k\u00f6z\u00f6lt a szatirikus m\u0171v\u00e9sz&nbsp; jellegzetes tev\u00e9kenys\u00e9g\u00e9r\u0151l. A lap megsz\u00f3laltatta egyben a m\u0171v\u00e9sz Sv\u00e9dorsz\u00e1gban \u00e9l\u0151 l\u00e1ny\u00e1t, Bencz\u00e9di Ilon\u00e1t is, aki ugyancsak a k\u00e9pz\u0151m\u0171v\u00e9szi p\u00e1lya mellett k\u00f6telezte el mag\u00e1t. Al\u00e1bb a m\u0171v\u00e9sz [&hellip;]<\/p>\n","protected":false},"author":3,"featured_media":0,"comment_status":"open","ping_status":"open","sticky":false,"template":"","format":"standard","meta":{"_monsterinsights_skip_tracking":false,"_monsterinsights_sitenote_active":false,"_monsterinsights_sitenote_note":"","_monsterinsights_sitenote_category":0,"ngg_post_thumbnail":0,"footnotes":""},"categories":[16],"tags":[],"class_list":["post-103055","post","type-post","status-publish","format-standard","hentry","category-bongeszde"],"_links":{"self":[{"href":"https:\/\/ujkafe.website\/index.php?rest_route=\/wp\/v2\/posts\/103055","targetHints":{"allow":["GET"]}}],"collection":[{"href":"https:\/\/ujkafe.website\/index.php?rest_route=\/wp\/v2\/posts"}],"about":[{"href":"https:\/\/ujkafe.website\/index.php?rest_route=\/wp\/v2\/types\/post"}],"author":[{"embeddable":true,"href":"https:\/\/ujkafe.website\/index.php?rest_route=\/wp\/v2\/users\/3"}],"replies":[{"embeddable":true,"href":"https:\/\/ujkafe.website\/index.php?rest_route=%2Fwp%2Fv2%2Fcomments&post=103055"}],"version-history":[{"count":0,"href":"https:\/\/ujkafe.website\/index.php?rest_route=\/wp\/v2\/posts\/103055\/revisions"}],"wp:attachment":[{"href":"https:\/\/ujkafe.website\/index.php?rest_route=%2Fwp%2Fv2%2Fmedia&parent=103055"}],"wp:term":[{"taxonomy":"category","embeddable":true,"href":"https:\/\/ujkafe.website\/index.php?rest_route=%2Fwp%2Fv2%2Fcategories&post=103055"},{"taxonomy":"post_tag","embeddable":true,"href":"https:\/\/ujkafe.website\/index.php?rest_route=%2Fwp%2Fv2%2Ftags&post=103055"}],"curies":[{"name":"wp","href":"https:\/\/api.w.org\/{rel}","templated":true}]}}