
{"id":103063,"date":"2022-09-24T02:53:50","date_gmt":"2022-09-24T02:53:50","guid":{"rendered":"https:\/\/ujkafe.website\/?p=103063"},"modified":"2022-09-23T18:30:03","modified_gmt":"2022-09-23T18:30:03","slug":"gondola-jegyzet-a-naprol","status":"publish","type":"post","link":"https:\/\/ujkafe.website\/?p=103063","title":{"rendered":"Gondola \u2013 JEGYZET A NAPR\u00d3L"},"content":{"rendered":"\r\n<p><em><strong>Szerkeszt\u0151: B. Tomos Hajnal<\/strong><\/em><br><em><strong>AZ A J\u00d3 \u00d6REG FRANCK K\u00c1V\u00c9<\/strong><\/em><\/p>\r\n<p><a href=\"https:\/\/ujkafe.website\/wp-content\/uploads\/2022\/09\/franck.jpg\"><img loading=\"lazy\" decoding=\"async\" class=\"alignnone wp-image-103070\" src=\"https:\/\/ujkafe.website\/wp-content\/uploads\/2022\/09\/franck-168x300.jpg\" alt=\"\" width=\"400\" height=\"713\" srcset=\"https:\/\/ujkafe.website\/wp-content\/uploads\/2022\/09\/franck-168x300.jpg 168w, https:\/\/ujkafe.website\/wp-content\/uploads\/2022\/09\/franck-575x1024.jpg 575w, https:\/\/ujkafe.website\/wp-content\/uploads\/2022\/09\/franck-768x1369.jpg 768w, https:\/\/ujkafe.website\/wp-content\/uploads\/2022\/09\/franck-862x1536.jpg 862w, https:\/\/ujkafe.website\/wp-content\/uploads\/2022\/09\/franck.jpg 1149w\" sizes=\"auto, (max-width: 400px) 100vw, 400px\" \/><\/a><\/p>\r\n<p>Az els\u0151 vil\u00e1g\u00e9g\u00e9st k\u00f6vet\u0151en a lepusztult Barcas\u00e1g fiataljai, \u00fagysz\u00f3lv\u00e1n csapatost\u00f3l v\u00e1ndoroltak jobb meg\u00e9lhet\u00e9st keresend\u0151, a rom\u00e1n f\u0151v\u00e1rosba. <br>A l\u00e1nyok gyakran m\u00e1r 14-15 \u00e9ves korukban \u201ekicsi pesztrak\u00e9nt\u201d (dajka) vagy szobal\u00e1nyk\u00e9nt dolgoztak a gazdag gy\u00e1rosok \u00e9s bank\u00e1rok h\u00e1z\u00e1ban, id\u0151vel azt\u00e1n ak\u00e1r szak\u00e1csn\u0151i, h\u00e1zvezet\u0151i \u201erangig\u201d avanzs\u00e1ltak.<br>A j\u00f3 fizets\u00e9g mellett itt tanultak \u201e\u00farias\u201d fog\u00e1sokat k\u00e9sz\u00edteni, porcel\u00e1n \u00e9tk\u00e9szletekben t\u00e1lalni s persze h\u00e1zilag p\u00f6rk\u00f6lt babokb\u00f3l igazi \u201et\u00f6r\u00f6kk\u00e1v\u00e9t\u201d f\u0151zni.<!--more--> <br>Id\u0151s cs\u00e1ng\u00f3 asszonyok mes\u00e9lt\u00e9k, hogy akkoriban a gazdag h\u00e1zakn\u00e1l m\u00e9g a Fanari\u00f3tauralkod\u00f3k (a k\u00f6z\u00e9pkori Port\u00e1t\u00f3l arannyal megv\u00e1s\u00e1rolt tr\u00f3nok foglal\u00f3i) idej\u00e9ben k\u00f6lcs\u00f6nvett t\u00f6r\u00f6k szok\u00e1s szerint f\u0151zt\u00e9k a k\u00e1v\u00e9t, m\u00e9gpedig a kemenc\u00e9ben keny\u00e9rs\u00fct\u00e9s ut\u00e1n visszamaradt forr\u00f3 hamuban. Ha pedig a cs\u00e9sz\u00e9k tetej\u00e9n nem volt j\u00f3 vastag k\u00e1jm\u00e1k (gy\u00f6ngy\u00f6z\u0151 hab), az \u201e\u00farn\u0151t\u0151l\u201d megrov\u00e1st kapott a szak\u00e1csn\u0151.<br>A \u201efelszabadul\u00e1s\u201d ut\u00e1n mindez m\u00e1r csak a sz\u00e9p eml\u00e9kek \u201epanoptikum\u00e1ban\u201d l\u00e9tezett. <br>Az \u00f6tvenes-hatvanas \u00e9vekben sz\u00fcletett gener\u00e1ci\u00f3k csak h\u00edrb\u0151l hallottak a f\u00e9nyes szem\u0171 k\u00e1v\u00e9babokr\u00f3l. Helyett\u00fck ott volt a minden sz\u00fcks\u00e9gletet kiel\u00e9g\u00edt\u0151 Franck k\u00e1v\u00e9, mely persze nem a \u201en\u00e9pi hatalom\u201d tal\u00e1lm\u00e1nya volt, de nagyszer\u0171en lehetett vele p\u00f3tolni az akkoriban igen ritka k\u00fclhoni \u201efeketelevest\u201d. <br>A b\u00e1dogdobozba csomagolt, j\u00f3kora \u00e9rme nagys\u00e1g\u00fara pr\u00e9selt cik\u00f3ria-\u0151rlem\u00e9ny l\u00e9nyeg\u00e9ben a mezei kat\u00e1ng nemes\u00edtett v\u00e1ltozat\u00e1nak gy\u00f6kere volt. Sz\u00e1r\u00edt\u00e1s, p\u00f6rk\u00f6l\u00e9s ut\u00e1n val\u00f3ban hasonl\u00edtott (legal\u00e1bbis kin\u00e9zetre) a k\u00e1v\u00e9hoz s mi, gyermekek is gond n\u00e9lk\u00fcl fogyaszthattuk, nem kellett minket miatta izg\u00e1gas\u00e1g, hiperaktivit\u00e1s, miegym\u00e1s miatt f\u00e9lteni. Reggelente a frissen fejt tejjel elegy\u00edtett it\u00f3k\u00e1ba sz\u00e1raz kenyeret apr\u00edtottunk (hogy az se menjen k\u00e1rba), a kar\u00e1csonyi, h\u00fasv\u00e9ti \u00fcnnepek ut\u00e1n pedig \u201dsima\u201d kal\u00e1csot, melyet a di\u00f3s meg a m\u00e1kos s\u00fctem\u00e9nyek mellett, addig mindenki mell\u0151z\u00f6tt.<br>De az eml\u00e9ken k\u00edv\u00fcl, egy\u00e9b is fennmaradt a csal\u00e1di \u201ehagyat\u00e9kban\u201d. Minap, a cs\u0171rben t\u00e1rolt kacatok k\u00f6zt (\u00e9vek \u00f3ta nem visz r\u00e1 a lelkiismeret, hogy kidobjam \u0151ket) megtal\u00e1ltam a nagyany\u00e1m varr\u00f3k\u00e9szletes doboz\u00e1t, mely nem m\u00e1s, mint egy Franck k\u00e1v\u00e9s b\u00e1dogskatulya, s melyben most, legnagyobb meglepet\u00e9semre az elemis ellen\u0151rz\u0151 f\u00fczetk\u00e9im lapultak. De ezekr\u0151l tal\u00e1n m\u00e1skor mes\u00e9lek.<br><br><em><strong>Fot\u00f3-dokumentum: B. Tomos Hajnal<\/strong><\/em><\/p>\r\n","protected":false},"excerpt":{"rendered":"<p>Szerkeszt\u0151: B. Tomos HajnalAZ A J\u00d3 \u00d6REG FRANCK K\u00c1V\u00c9 Az els\u0151 vil\u00e1g\u00e9g\u00e9st k\u00f6vet\u0151en a lepusztult Barcas\u00e1g fiataljai, \u00fagysz\u00f3lv\u00e1n csapatost\u00f3l v\u00e1ndoroltak jobb meg\u00e9lhet\u00e9st keresend\u0151, a rom\u00e1n f\u0151v\u00e1rosba. A l\u00e1nyok gyakran m\u00e1r 14-15 \u00e9ves korukban \u201ekicsi pesztrak\u00e9nt\u201d (dajka) vagy szobal\u00e1nyk\u00e9nt dolgoztak a gazdag gy\u00e1rosok \u00e9s bank\u00e1rok h\u00e1z\u00e1ban, id\u0151vel azt\u00e1n ak\u00e1r szak\u00e1csn\u0151i, h\u00e1zvezet\u0151i \u201erangig\u201d avanzs\u00e1ltak.A j\u00f3 fizets\u00e9g mellett [&hellip;]<\/p>\n","protected":false},"author":3,"featured_media":0,"comment_status":"open","ping_status":"open","sticky":false,"template":"","format":"standard","meta":{"_monsterinsights_skip_tracking":false,"_monsterinsights_sitenote_active":false,"_monsterinsights_sitenote_note":"","_monsterinsights_sitenote_category":0,"ngg_post_thumbnail":0,"footnotes":""},"categories":[16,5],"tags":[],"class_list":["post-103063","post","type-post","status-publish","format-standard","hentry","category-bongeszde","category-foto"],"_links":{"self":[{"href":"https:\/\/ujkafe.website\/index.php?rest_route=\/wp\/v2\/posts\/103063","targetHints":{"allow":["GET"]}}],"collection":[{"href":"https:\/\/ujkafe.website\/index.php?rest_route=\/wp\/v2\/posts"}],"about":[{"href":"https:\/\/ujkafe.website\/index.php?rest_route=\/wp\/v2\/types\/post"}],"author":[{"embeddable":true,"href":"https:\/\/ujkafe.website\/index.php?rest_route=\/wp\/v2\/users\/3"}],"replies":[{"embeddable":true,"href":"https:\/\/ujkafe.website\/index.php?rest_route=%2Fwp%2Fv2%2Fcomments&post=103063"}],"version-history":[{"count":0,"href":"https:\/\/ujkafe.website\/index.php?rest_route=\/wp\/v2\/posts\/103063\/revisions"}],"wp:attachment":[{"href":"https:\/\/ujkafe.website\/index.php?rest_route=%2Fwp%2Fv2%2Fmedia&parent=103063"}],"wp:term":[{"taxonomy":"category","embeddable":true,"href":"https:\/\/ujkafe.website\/index.php?rest_route=%2Fwp%2Fv2%2Fcategories&post=103063"},{"taxonomy":"post_tag","embeddable":true,"href":"https:\/\/ujkafe.website\/index.php?rest_route=%2Fwp%2Fv2%2Ftags&post=103063"}],"curies":[{"name":"wp","href":"https:\/\/api.w.org\/{rel}","templated":true}]}}