
{"id":103065,"date":"2022-09-24T02:52:03","date_gmt":"2022-09-24T02:52:03","guid":{"rendered":"https:\/\/ujkafe.website\/?p=103065"},"modified":"2022-09-23T18:23:40","modified_gmt":"2022-09-23T18:23:40","slug":"gergely-tamas-rocinante-regenye-16","status":"publish","type":"post","link":"https:\/\/ujkafe.website\/?p=103065","title":{"rendered":"Gergely Tam\u00e1s: ROCINANTE REG\u00c9NYE &#8211; 16"},"content":{"rendered":"\r\n<p><em>(Cervantes nyom\u00e1n szabadon)<\/em><br><br><em><strong>(16.) HAZASZ\u00c1LL\u00cdTJ\u00c1K<\/strong><\/em><br><br>A sebes\u00fcltet az ist\u00e1ll\u00f3ban helyezt\u00e9k el. F\u00e9ltek ugyanis, hogy a megt\u00e1madottak az \u00e9jjel leple alatt k\u00e1rt tesznek benne \u2013 k\u00e9t ember\u00fck, ugye, sebes\u00fcl\u00e9seket szenvedett. Ott fek\u00fcdt a j\u00e1szolba bedobva, mi a Panza szamar\u00e1val szuszogtunk r\u00e1 kis meleg leveg\u0151t, att\u00f3l \u00e9ledt fel.<br>No de Panza nem boldogult egymaga a sebes\u00fclt testtel, \u00fagyhogy elhat\u00e1rozta, hogy seg\u00edts\u00e9g\u00e9rt visszalovagol Manch\u00e1ba. Lovagol, vagyis hagyta a szamar\u00e1t a szam\u00e1r emberrel, engem felnyergelt, hogy menj\u00fcnk.<br>De nekem is megvan a magamhoz val\u00f3 eszem, tapodtat sem l\u00e9ptem, m\u00edg meg nem etet. Zab m\u00e1r nem volt, \u00fagyhogy Panza r\u00e1k\u00e9nyszer\u00fclt, hogy n\u00e9h\u00e1ny pesos\u00e9rt r\u00e9p\u00e1t v\u00e1s\u00e1roljon nekem. <br>Na, engedtem \u00e9n is a 48-b\u00f3l, ha nincs zab, h\u00e1t a r\u00e9pa is megteszi, megesteb\u00e9delve elindultam.<br>Hajnalra m\u00e1r a falunkban voltunk. Felz\u00f6rgett\u00fck a papot meg a Quijote bar\u00e1tj\u00e1t, a kov\u00e1csot, s indultunk egy szek\u00e9rrel a lovag ut\u00e1n.<br>Addigra m\u00e1r \u00e9szhez t\u00e9rt, jobban mondva eszm\u00e9let\u00e9n\u00e9l volt, s nagyon elcsod\u00e1lkozott, hogy a pap is jelen van. De kapott az alkalmon, hogy \u00edgy, egy\u00fctt im\u00e1dhozzanak Izabell\u00e1hoz, hadd tudja meg a mi dics\u0151s\u00e9ges t\u00e1mad\u00e1sunk.<br>A kov\u00e1cs a fej\u00e9t vakarta, hogy mi lesz ebb\u0151l, \u0151k k\u00fcl\u00f6nben sem ez\u00e9rt j\u00f6ttek ide, a pap viszont okosabb volt, \u00edgy gy\u0151zte meg a lovagot a visszautaz\u00e1s sz\u00fcks\u00e9gess\u00e9g\u00e9r\u0151l:<br>\u2013 Im\u00e1dkozni Izabell\u00e1hoz egy ist\u00e1ll\u00f3ban?! Nem f\u00e9lsz att\u00f3l, hogy az \u00e9g r\u00e1nk szakad? Majd otthon a v\u00e1radban, a d\u00edszp\u00e1rn\u00e1k k\u00f6z\u00f6tt, miut\u00e1n Caterina lemosta a kopony\u00e1dr\u00f3l a v\u00e9rt.<br>Ez hatott.<br><br><em><strong>(Folytatjuk: K\u00f6vetkezik (17.) SZAMARUK LEL\u00c9P)<\/strong><\/em><\/p>\r\n","protected":false},"excerpt":{"rendered":"<p>(Cervantes nyom\u00e1n szabadon) (16.) HAZASZ\u00c1LL\u00cdTJ\u00c1K A sebes\u00fcltet az ist\u00e1ll\u00f3ban helyezt\u00e9k el. F\u00e9ltek ugyanis, hogy a megt\u00e1madottak az \u00e9jjel leple alatt k\u00e1rt tesznek benne \u2013 k\u00e9t ember\u00fck, ugye, sebes\u00fcl\u00e9seket szenvedett. Ott fek\u00fcdt a j\u00e1szolba bedobva, mi a Panza szamar\u00e1val szuszogtunk r\u00e1 kis meleg leveg\u0151t, att\u00f3l \u00e9ledt fel.No de Panza nem boldogult egymaga a sebes\u00fclt testtel, \u00fagyhogy [&hellip;]<\/p>\n","protected":false},"author":3,"featured_media":0,"comment_status":"open","ping_status":"open","sticky":false,"template":"","format":"standard","meta":{"_monsterinsights_skip_tracking":false,"_monsterinsights_sitenote_active":false,"_monsterinsights_sitenote_note":"","_monsterinsights_sitenote_category":0,"ngg_post_thumbnail":0,"footnotes":""},"categories":[1,6],"tags":[],"class_list":["post-103065","post","type-post","status-publish","format-standard","hentry","category-nincs-kategorizalva","category-regeny"],"_links":{"self":[{"href":"https:\/\/ujkafe.website\/index.php?rest_route=\/wp\/v2\/posts\/103065","targetHints":{"allow":["GET"]}}],"collection":[{"href":"https:\/\/ujkafe.website\/index.php?rest_route=\/wp\/v2\/posts"}],"about":[{"href":"https:\/\/ujkafe.website\/index.php?rest_route=\/wp\/v2\/types\/post"}],"author":[{"embeddable":true,"href":"https:\/\/ujkafe.website\/index.php?rest_route=\/wp\/v2\/users\/3"}],"replies":[{"embeddable":true,"href":"https:\/\/ujkafe.website\/index.php?rest_route=%2Fwp%2Fv2%2Fcomments&post=103065"}],"version-history":[{"count":0,"href":"https:\/\/ujkafe.website\/index.php?rest_route=\/wp\/v2\/posts\/103065\/revisions"}],"wp:attachment":[{"href":"https:\/\/ujkafe.website\/index.php?rest_route=%2Fwp%2Fv2%2Fmedia&parent=103065"}],"wp:term":[{"taxonomy":"category","embeddable":true,"href":"https:\/\/ujkafe.website\/index.php?rest_route=%2Fwp%2Fv2%2Fcategories&post=103065"},{"taxonomy":"post_tag","embeddable":true,"href":"https:\/\/ujkafe.website\/index.php?rest_route=%2Fwp%2Fv2%2Ftags&post=103065"}],"curies":[{"name":"wp","href":"https:\/\/api.w.org\/{rel}","templated":true}]}}