
{"id":103084,"date":"2022-09-26T02:50:00","date_gmt":"2022-09-26T02:50:00","guid":{"rendered":"https:\/\/ujkafe.website\/?p=103084"},"modified":"2022-09-25T20:42:45","modified_gmt":"2022-09-25T20:42:45","slug":"bajor-andor-potolhatatlan-fegyenc-2","status":"publish","type":"post","link":"https:\/\/ujkafe.website\/?p=103084","title":{"rendered":"Bajor Andor: P\u00f3tolhatatlan fegyenc"},"content":{"rendered":"\r\n<p>Egy fegyenc, aki valamelyik franciaorsz\u00e1gi fegyh\u00e1zban kit\u00f6lt\u00f6tte a b\u00fcntet\u00e9s\u00e9t, k\u00fcl\u00f6n\u00f6s k\u00e9r\u00e9ssel fordult a fegyh\u00e1z igazgat\u00f3s\u00e1g\u00e1hoz. Azt k\u00e9rte, hogy b\u00fcntet\u00e9s\u00e9t hosszabb\u00edts\u00e1k meg k\u00e9t h\u00e9ttel, mert a fegyencek labdar\u00fag\u00f3 csapata m\u00e9rk\u0151zik a b\u00f6rt\u00f6ncsapatok kup\u00e1j\u00e1\u00e9rt, \u00e9s \u0151 ebben a k\u00fczdelemben n\u00e9lk\u00fcl\u00f6zhetetlen.<!--more--><br>A h\u00edr nem ismerteti az igazgat\u00f3s\u00e1g v\u00e1lasz\u00e1t De ha az igazgat\u00f3s\u00e1g helyesen k\u00edv\u00e1nt v\u00e1laszolni, csakis azt \u00edrhatta a szer\u00e9nytelen k\u00e9rv\u00e9nyre, hogy senki se n\u00e9lk\u00fcl\u00f6zhetetlen. Ez k\u00fcl\u00f6n\u00f6sen nem n\u00e9lk\u00fcl\u00f6zhetetlen egy elbocs\u00e1tott fegyenc az el nem bocs\u00e1tott fegyencek k\u00f6z\u00f6tt. A fegyh\u00e1zban \u2013 ha lenn\u00e9nek n\u00e9lk\u00fcl\u00f6zhetetlen emberek \u2013, azok legfennebb a fegyencek lehetn\u00e9nek \u00e9s nem a fegyh\u00e1z kapuj\u00e1nak k\u00f6rny\u00e9k\u00e9n les\u00e1ll\u00e1sban \u00f3l\u00e1lkod\u00f3 labdar\u00fag\u00f3k. De m\u00e9g a fegyencek se n\u00e9lk\u00fcl\u00f6zhetetlenek, mert nemegyszer megsz\u0171nnek, \u00e9s nem esik ki a vil\u00e1g a fenek\u00e9b\u0151l. Kit\u0171n\u0151en tudj\u00e1k p\u00f3tolni \u0151ket \u00faj el\u00edt\u00e9ltekkel.<br>\u00c9s ha a v\u00e1laszt hivatali g\u0151ggel \u00edrj\u00e1k, re\u00e1 kell mutatnia a hivatalos lev\u00e9lnek hogy pillanatnyilag a megfelel\u0151 int\u00e9zm\u00e9ny egyetlen n\u00e9lk\u00fcl\u00f6zhetetlen szem\u00e9llyel rendelkezik: a fegyh\u00e1z igazgat\u00f3j\u00e1val\u2026<br>Mondom, nem ismerem a v\u00e1laszt. Lehets\u00e9ges, hogy a fegyint\u00e9zet vezet\u0151i humanit\u00e1rius szempontokat vetek figyelembe, \u00e9s ez\u00e9rt a k\u00e9rv\u00e9nyez\u0151t \u00fajabb k\u00e9t h\u00e9tre megfosztott\u00e1k szabads\u00e1g\u00e1t\u00f3l. A t\u00fcnem\u00e9nyben a h\u0151s bens\u0151 vil\u00e1ga \u2013 hogy \u00fagy mondjuk: alanyi k\u00f6lt\u00e9szete az \u00e9rdekes. N\u00e9lk\u00fcl\u00f6zhetelens\u00e9g\u00e9nek hit\u00e9ben szembesz\u00e1ll a hagyom\u00e1nnyal, a jogrenddel, saj\u00e1t szabadul\u00e1s\u00e1val. Egy\u00e9ni helyzet\u00e9ben k\u00fcl\u00f6nleges elb\u00e1n\u00e1st k\u00e9r, nevezetesen tulajdon letart\u00f3ztat\u00e1s\u00e1t. Elj\u00e1r\u00e1s\u00e1ra k\u00e9ts\u00e9gtelen\u00fcl van enyh\u00edt\u0151 k\u00f6r\u00fclm\u00e9ny. Mert nem \u0151 az egyetlen a vil\u00e1gt\u00f6rt\u00e9nelemben, aki nem tudta elk\u00e9pzelni saj\u00e1t ut\u00f3dj\u00e1t.<br>I. Ferencre, a j\u00f3 cs\u00e1sz\u00e1rra kell gondolnom; \u0151, ismerve a tr\u00f3n\u00f6r\u00f6k\u00f6s m\u00e9rs\u00e9kelt szellemi k\u00e9pess\u00e9geit, csak dinasztikus szorong\u00e1ssal besz\u00e9lt saj\u00e1t hal\u00e1l\u00e1r\u00f3l. \u00c9s a j\u00f3, de er\u0151skez\u0171 cs\u00e1sz\u00e1rt m\u00e9gis \u00e9veken kereszt\u00fcl p\u00f3tolta a kiss\u00e9 sz\u00f3rakozott, sz\u00e9tsz\u00f3rt figyelm\u0171 V. Ferdin\u00e1nd. V. Ferdin\u00e1nd k\u00e9pzelet\u00e9t szint\u00e9n pr\u00f3b\u00e1ra tette a j\u00f6v\u0151. Nem tudta elk\u00e9pzelni, hogy egy\u00fcgy\u0171 hatalma forradalomba torkollik. Nem tudta elk\u00e9pzelni a forradalmat, m\u00e9g a forradalomban sem.<br>Teljess\u00e9ggel hi\u00e1ba n\u00e9zte palot\u00e1j\u00e1nak ablak\u00e1b\u00f3l. De t\u00e1vol ess\u00e9k t\u0151l\u00fcnk a gyan\u00fa, hogy cs\u00e1sz\u00e1rokat \u00e9s fegyh\u00e1zi labdar\u00fag\u00f3kat vet\u00fcnk \u00f6ssze, a p\u00f3tolhatatlans\u00e1g szempontj\u00e1b\u00f3l. Ez nemcsak fels\u00e9gs\u00e9rt\u00e9s, de teljess\u00e9ggel \u00f6nk\u00e9nyes \u00f6sszehasonl\u00edt\u00e1s. R\u00e1ad\u00e1sul tudjuk, hogy a cs\u00e1sz\u00e1rokat a cs\u00e1sz\u00e1rs\u00e1gban mindig siker\u00fclt p\u00f3tolni, m\u00e9g ha \u00fcggyel-bajjal is. Viszont nem ismerj\u00fck a fegyh\u00e1zak udvari t\u00f6rv\u00e9nyeit az esetben, ha az int\u00e9zm\u00e9nyi labdar\u00fag\u00f3k k\u00f6z\u00fcl a kapus kiszabadul. Ki j\u00e1tszhat helyette? Felmehet-e fegyenckapusnak a b\u00f6rt\u00f6n\u0151r? Nincs kiz\u00e1rva, hogy a fegyenccsapat kapus\u00e1t nehezebben lehet p\u00f3tolni, mint egy monarchia fej\u00e9t\u2026<br>Term\u00e9szetesen t\u00e1vol \u00e1ll t\u0151l\u00fcnk a monarchi\u00e1k fej\u00e9nek meg\u00edt\u00e9l\u00e9se, illetve f\u00fcgg\u0151 helyzetbe hoz\u00e1sa, \u00f6nk\u00e9nyes er\u0151szakkal. Evvel a k\u00e9rd\u00e9ssel Pet\u0151fi S\u00e1ndor elm\u00e9ly\u00fcltebben foglalkozott: di\u00e1idban megb\u00edzhatunk az \u00edt\u00e9let\u00e9ben. Pet\u0151fi l\u00e1nglelk\u0171 volt, forradalm\u00e1r \u00e9s egyetlen. De m\u00e9g ez sem jelenti azt, hogy p\u00f3tolhatatlan. igenis, sz\u00e1mtalan versel\u0151 f\u00e1radozott a p\u00f3tl\u00e1s\u00e1ban. \u00c9s val\u00f3ban, sz\u00e1mos P\u00f3t-Pet\u0151fi szerepl\u00e9s\u00e9nek lehet\u00fcnk tan\u00fai az irodalom t\u00f6rt\u00e9nete folyam\u00e1n. Ez csak szellem\u00e9nek rendk\u00edv\u00fclis\u00e9g\u00e9t jelzi: minden l\u00e1ng\u00e9szt p\u00f3tl\u00e1ng\u00e9szek k\u00f6vetnek. Saj\u00e1ts\u00e1gos m\u00f3don, min\u00e9l kisebb egy szellem l\u00e1ngol\u00e1sa, ann\u00e1l kevesebb p\u00f3tl\u00e1ng lobban k\u00f6r\u00fcl\u00f6tte.<br>Pet\u0151fit p\u00f3tolj\u00e1k, s\u0151t kip\u00f3tolj\u00e1k, de Eml\u00e9nyi \u00d6d\u00f6n k\u00f6lt\u00e9szet\u00e9t nem p\u00f3tolja senki \u00cdgy tal\u00e1n k\u00e9pet kaphatunk egy szellem nagys\u00e1g\u00e1r\u00f3l: ha \u00e1lland\u00f3an \u00faj Balzacok \u00e9s Shakespeare-ek t\u0171nnek el\u0151, elk\u00e9pzelhetj\u00fck, mekkora a r\u00e9gi. \u00c9ppen a p\u00f3tl\u00e1suk k\u00f6zben t\u0171nik f\u00f6l k\u00fcl\u00f6nlegess\u00e9g\u00fck. M\u0171v\u00fck hi\u00e1nytalan, ez\u00e9rt kell korszakonk\u00e9nt \u00e1lland\u00f3an hozz\u00e1juk hasonl\u00f3t teremteni.<br>Ennek a kult\u00fart\u00f6rt\u00e9neti t\u00e9nynek hi\u00e1nyos ismeret\u00e9ben \u00edrta folyamodv\u00e1ny\u00e1t a kiszabadult fegyenc. Nem a sportt\u00e1rsai \u00e1ll\u00edtanak a hely\u00e9re egy ut\u00f3dot, egy Fegyenc Kett\u0151t, aki \u00fagy cselez, sz\u00f6ktet \u2013 s\u0151t, tal\u00e1n lop \u00e9s rabol \u2013, mint boldog eml\u00e9kezet\u0171 el\u0151dje. A gy\u00e1szos az, hogy az el\u0151d tov\u00e1bb akar futni a beker\u00edtett gyepen: \u0151 maga v\u00e1llalja Fegyenc Kett\u0151 szerep\u00e9t mint saj\u00e1t ut\u00f3dja. Ezt k\u00e9ri, mint k\u00fcl\u00f6nleges jogot. Holott \u00e1ltal\u00e1ban minden bal\u00f6sszek\u00f6t\u0151 tov\u00e1bb k\u00edv\u00e1n balr\u00f3l \u00f6sszek\u00f6tni, mint amennyire az \u00e9let engedi Ez az \u00e1ltal\u00e1nos a korszer\u0171tlen bal\u00edt\u00e9letekben, amelyek saj\u00e1t (\u00faj lesz\u00e1rmazottaiknak) akarnak felt\u0171nni. \u00c1ltal\u00e1nos ez az elavult m\u00f3dszerekben, az \u00f6nmagukat t\u00fal\u00e9l\u0151 st\u00edlusokban \u00e9s szavakban.<br>Szerintem, ha k\u00fcl\u00f6nleges elb\u00e1n\u00e1st k\u00edv\u00e1nt volna a k\u00e9rv\u00e9nyez\u0151, saj\u00e1t p\u00f3tl\u00e1s\u00e1t k\u00e9rte volna. B\u00e1r ezen bizony\u00e1ra csod\u00e1lkozott volna a hivatal, mert k\u00fcl\u00f6nleges k\u00edv\u00e1ns\u00e1gokhoz nem lehet hozz\u00e1szokva.<br><br><em>Megjelent A H\u00e9t III. \u00e9vfolyama 38. sz\u00e1m\u00e1ban, 1972. szeptember 22-\u00e9n.<\/em><br><br><a href=\"https:\/\/www.ujhet.com\/bajor-andor-potolhatatlan-fegyenc\"><em><strong>Forr\u00e1s: ujhet.com<\/strong><\/em><\/a><br>\/<\/p>\r\n","protected":false},"excerpt":{"rendered":"<p>Egy fegyenc, aki valamelyik franciaorsz\u00e1gi fegyh\u00e1zban kit\u00f6lt\u00f6tte a b\u00fcntet\u00e9s\u00e9t, k\u00fcl\u00f6n\u00f6s k\u00e9r\u00e9ssel fordult a fegyh\u00e1z igazgat\u00f3s\u00e1g\u00e1hoz. Azt k\u00e9rte, hogy b\u00fcntet\u00e9s\u00e9t hosszabb\u00edts\u00e1k meg k\u00e9t h\u00e9ttel, mert a fegyencek labdar\u00fag\u00f3 csapata m\u00e9rk\u0151zik a b\u00f6rt\u00f6ncsapatok kup\u00e1j\u00e1\u00e9rt, \u00e9s \u0151 ebben a k\u00fczdelemben n\u00e9lk\u00fcl\u00f6zhetetlen.<\/p>\n","protected":false},"author":3,"featured_media":0,"comment_status":"open","ping_status":"open","sticky":false,"template":"","format":"standard","meta":{"_monsterinsights_skip_tracking":false,"_monsterinsights_sitenote_active":false,"_monsterinsights_sitenote_note":"","_monsterinsights_sitenote_category":0,"ngg_post_thumbnail":0,"footnotes":""},"categories":[16],"tags":[],"class_list":["post-103084","post","type-post","status-publish","format-standard","hentry","category-bongeszde"],"_links":{"self":[{"href":"https:\/\/ujkafe.website\/index.php?rest_route=\/wp\/v2\/posts\/103084","targetHints":{"allow":["GET"]}}],"collection":[{"href":"https:\/\/ujkafe.website\/index.php?rest_route=\/wp\/v2\/posts"}],"about":[{"href":"https:\/\/ujkafe.website\/index.php?rest_route=\/wp\/v2\/types\/post"}],"author":[{"embeddable":true,"href":"https:\/\/ujkafe.website\/index.php?rest_route=\/wp\/v2\/users\/3"}],"replies":[{"embeddable":true,"href":"https:\/\/ujkafe.website\/index.php?rest_route=%2Fwp%2Fv2%2Fcomments&post=103084"}],"version-history":[{"count":0,"href":"https:\/\/ujkafe.website\/index.php?rest_route=\/wp\/v2\/posts\/103084\/revisions"}],"wp:attachment":[{"href":"https:\/\/ujkafe.website\/index.php?rest_route=%2Fwp%2Fv2%2Fmedia&parent=103084"}],"wp:term":[{"taxonomy":"category","embeddable":true,"href":"https:\/\/ujkafe.website\/index.php?rest_route=%2Fwp%2Fv2%2Fcategories&post=103084"},{"taxonomy":"post_tag","embeddable":true,"href":"https:\/\/ujkafe.website\/index.php?rest_route=%2Fwp%2Fv2%2Ftags&post=103084"}],"curies":[{"name":"wp","href":"https:\/\/api.w.org\/{rel}","templated":true}]}}