
{"id":103086,"date":"2022-09-26T02:53:42","date_gmt":"2022-09-26T02:53:42","guid":{"rendered":"https:\/\/ujkafe.website\/?p=103086"},"modified":"2022-09-25T20:35:52","modified_gmt":"2022-09-25T20:35:52","slug":"b-tomos-hajnal-valtozasaim","status":"publish","type":"post","link":"https:\/\/ujkafe.website\/?p=103086","title":{"rendered":"B. Tomos Hajnal: V\u00e1ltoz\u00e1saim"},"content":{"rendered":"\r\n<p>Minden percben k\u00f6tel\u00e9ket oldok<br>f\u00e9l k\u00e9zzel,<br>m\u00edg a m\u00e1sikkal \u00fajat csom\u00f3zok &#8211;<br>ami most kezd\u0151dik<br>alighanem valami v\u00e9ge<br>\u00e9s a v\u00e9gk\u00e9p is \u00e1t\u00f6lt\u00f6zhet<br>vadi\u00faj jelmezekbe.<!--more--><br><br>Minden l\u00e9p\u00e9sem teremt valamit:<br>illatot fakaszt, vagy sebet \u00e1s,<br>sz\u00f3-pecs\u00e9tet hagy egy lap feh\u00e9r\u00e9n,<br>de semmi sem marad,<br>mint hal\u00e1l, kiz\u00e1rtan csak eny\u00e9m.<br><br>Azt hinn\u00e9d, m\u00e1ra m\u00e1r<br>kerekre csiszolt, ritka k\u0151<br>sz\u00e1jamban minden gy\u0171jtem\u00e9ny,<br>pedig csak odvak t\u00f6rmel\u00e9ke,<br>s\u00e1rga egyveleg, ha kik\u00f6pn\u00e9m.<br><br>Az, mi ma r\u00f3zs\u00e1san mes\u00e9s,<br>nap-felh\u0151 j\u00e1t\u00e9ka,<br>holnap m\u00e1r t\u00e1jfunr\u00f3l reg\u00e9l,<br>arctalan s\u00f6pred\u00e9k &#8211;<br>tegezel most, hallod l\u00e9gz\u00e9sem,<br>sz\u0171k \u00f3ra m\u00falt\u00e1n egy<br>peronon n\u00e9zed elmen\u00e9sem.<br><br>Gondolom, r\u00e1j\u00f6tt\u00e9l m\u00e1r:<br>csak percig ismert\u00e9l<br>s a peronon egy sz\u00e9lf\u00fatta &#8211;<br>porszemnek intett\u00e9l.<\/p>\r\n<div id=\"attachment_103094\" style=\"width: 635px\" class=\"wp-caption alignnone\"><a href=\"https:\/\/ujkafe.website\/wp-content\/uploads\/2022\/09\/btomos-vervonal.jpg\"><img loading=\"lazy\" decoding=\"async\" aria-describedby=\"caption-attachment-103094\" class=\"wp-image-103094\" src=\"https:\/\/ujkafe.website\/wp-content\/uploads\/2022\/09\/btomos-vervonal-300x206.jpg\" alt=\"\" width=\"625\" height=\"428\" srcset=\"https:\/\/ujkafe.website\/wp-content\/uploads\/2022\/09\/btomos-vervonal-300x206.jpg 300w, https:\/\/ujkafe.website\/wp-content\/uploads\/2022\/09\/btomos-vervonal-768x527.jpg 768w, https:\/\/ujkafe.website\/wp-content\/uploads\/2022\/09\/btomos-vervonal.jpg 1024w\" sizes=\"auto, (max-width: 625px) 100vw, 625px\" \/><\/a><p id=\"caption-attachment-103094\" class=\"wp-caption-text\">V\u00e9rvonal * B. Tomos Hajnal fot\u00f3ja<\/p><\/div>\r\n","protected":false},"excerpt":{"rendered":"<p>Minden percben k\u00f6tel\u00e9ket oldokf\u00e9l k\u00e9zzel,m\u00edg a m\u00e1sikkal \u00fajat csom\u00f3zok &#8211;ami most kezd\u0151dikalighanem valami v\u00e9ge\u00e9s a v\u00e9gk\u00e9p is \u00e1t\u00f6lt\u00f6zhetvadi\u00faj jelmezekbe.<\/p>\n","protected":false},"author":3,"featured_media":0,"comment_status":"open","ping_status":"open","sticky":false,"template":"","format":"standard","meta":{"_monsterinsights_skip_tracking":false,"_monsterinsights_sitenote_active":false,"_monsterinsights_sitenote_note":"","_monsterinsights_sitenote_category":0,"ngg_post_thumbnail":0,"footnotes":""},"categories":[5,1,4],"tags":[],"class_list":["post-103086","post","type-post","status-publish","format-standard","hentry","category-foto","category-nincs-kategorizalva","category-vers"],"_links":{"self":[{"href":"https:\/\/ujkafe.website\/index.php?rest_route=\/wp\/v2\/posts\/103086","targetHints":{"allow":["GET"]}}],"collection":[{"href":"https:\/\/ujkafe.website\/index.php?rest_route=\/wp\/v2\/posts"}],"about":[{"href":"https:\/\/ujkafe.website\/index.php?rest_route=\/wp\/v2\/types\/post"}],"author":[{"embeddable":true,"href":"https:\/\/ujkafe.website\/index.php?rest_route=\/wp\/v2\/users\/3"}],"replies":[{"embeddable":true,"href":"https:\/\/ujkafe.website\/index.php?rest_route=%2Fwp%2Fv2%2Fcomments&post=103086"}],"version-history":[{"count":0,"href":"https:\/\/ujkafe.website\/index.php?rest_route=\/wp\/v2\/posts\/103086\/revisions"}],"wp:attachment":[{"href":"https:\/\/ujkafe.website\/index.php?rest_route=%2Fwp%2Fv2%2Fmedia&parent=103086"}],"wp:term":[{"taxonomy":"category","embeddable":true,"href":"https:\/\/ujkafe.website\/index.php?rest_route=%2Fwp%2Fv2%2Fcategories&post=103086"},{"taxonomy":"post_tag","embeddable":true,"href":"https:\/\/ujkafe.website\/index.php?rest_route=%2Fwp%2Fv2%2Ftags&post=103086"}],"curies":[{"name":"wp","href":"https:\/\/api.w.org\/{rel}","templated":true}]}}