
{"id":103088,"date":"2022-09-26T02:55:22","date_gmt":"2022-09-26T02:55:22","guid":{"rendered":"https:\/\/ujkafe.website\/?p=103088"},"modified":"2022-09-25T20:47:55","modified_gmt":"2022-09-25T20:47:55","slug":"kezed-ugyeben-a-taj-emlekmu-farkas-arpadnak","status":"publish","type":"post","link":"https:\/\/ujkafe.website\/?p=103088","title":{"rendered":"&#8222;Kezed \u00fcgy\u00e9ben a t\u00e1j&#8221; &#8211; Eml\u00e9km\u0171 Farkas \u00c1rp\u00e1dnak"},"content":{"rendered":"\r\n<p><em>Farkas \u00c1rp\u00e1d (1944 \u2013 2021) k\u00f6lt\u00e9szet\u00e9nek, szem\u00e9lyis\u00e9g\u00e9nek l\u00e9nyegi von\u00e1sait id\u00e9zte fel az a h\u00e9tv\u00e9gi (szombati) rendezv\u00e9ny, amelyet a Hargita megyei Sz\u00e9kelyszentmikl\u00f3son tartottak , abban az imm\u00e1r mind\u00f6ssze 22 lelkes Nyik\u00f3-menti faluban, ahol a Kossuth-d\u00edjas k\u00f6lt\u0151 a gyermekkor\u00e1t t\u00f6lt\u00f6tte. (Forr\u00e1s: kronikaonline:\/Fot\u00f3: Jakab M\u00f3nika<\/em><br><br><a href=\"https:\/\/ujkafe.website\/wp-content\/uploads\/2022\/09\/jakabmonika-FArkasarpademlekere.jpg\"><img loading=\"lazy\" decoding=\"async\" class=\"alignnone wp-image-103095\" src=\"https:\/\/ujkafe.website\/wp-content\/uploads\/2022\/09\/jakabmonika-FArkasarpademlekere-300x200.jpg\" alt=\"\" width=\"625\" height=\"417\" srcset=\"https:\/\/ujkafe.website\/wp-content\/uploads\/2022\/09\/jakabmonika-FArkasarpademlekere-300x200.jpg 300w, https:\/\/ujkafe.website\/wp-content\/uploads\/2022\/09\/jakabmonika-FArkasarpademlekere-1024x683.jpg 1024w, https:\/\/ujkafe.website\/wp-content\/uploads\/2022\/09\/jakabmonika-FArkasarpademlekere-768x512.jpg 768w, https:\/\/ujkafe.website\/wp-content\/uploads\/2022\/09\/jakabmonika-FArkasarpademlekere.jpg 1200w\" sizes=\"auto, (max-width: 625px) 100vw, 625px\" \/><\/a><br>Forr\u00e1s: <a href=\"https:\/\/kronikaonline.ro\/kultura\/bkezed-ugyeben-a-tajr-n-farkas-arpad-koltonek-allitottak-emleket-szekelyszentmikloson?fbclid=IwAR35JpbeqB-RiTLw_c-C5dvnnPPa8O9QHYTgOqU93wSVZrFIpNYYnDIMSi0\">kronikaonline.ro<\/a><\/p>\r\n","protected":false},"excerpt":{"rendered":"<p>Farkas \u00c1rp\u00e1d (1944 \u2013 2021) k\u00f6lt\u00e9szet\u00e9nek, szem\u00e9lyis\u00e9g\u00e9nek l\u00e9nyegi von\u00e1sait id\u00e9zte fel az a h\u00e9tv\u00e9gi (szombati) rendezv\u00e9ny, amelyet a Hargita megyei Sz\u00e9kelyszentmikl\u00f3son tartottak , abban az imm\u00e1r mind\u00f6ssze 22 lelkes Nyik\u00f3-menti faluban, ahol a Kossuth-d\u00edjas k\u00f6lt\u0151 a gyermekkor\u00e1t t\u00f6lt\u00f6tte. (Forr\u00e1s: kronikaonline:\/Fot\u00f3: Jakab M\u00f3nika Forr\u00e1s: kronikaonline.ro<\/p>\n","protected":false},"author":3,"featured_media":0,"comment_status":"open","ping_status":"open","sticky":false,"template":"","format":"standard","meta":{"_monsterinsights_skip_tracking":false,"_monsterinsights_sitenote_active":false,"_monsterinsights_sitenote_note":"","_monsterinsights_sitenote_category":0,"ngg_post_thumbnail":0,"footnotes":""},"categories":[5],"tags":[],"class_list":["post-103088","post","type-post","status-publish","format-standard","hentry","category-foto"],"_links":{"self":[{"href":"https:\/\/ujkafe.website\/index.php?rest_route=\/wp\/v2\/posts\/103088","targetHints":{"allow":["GET"]}}],"collection":[{"href":"https:\/\/ujkafe.website\/index.php?rest_route=\/wp\/v2\/posts"}],"about":[{"href":"https:\/\/ujkafe.website\/index.php?rest_route=\/wp\/v2\/types\/post"}],"author":[{"embeddable":true,"href":"https:\/\/ujkafe.website\/index.php?rest_route=\/wp\/v2\/users\/3"}],"replies":[{"embeddable":true,"href":"https:\/\/ujkafe.website\/index.php?rest_route=%2Fwp%2Fv2%2Fcomments&post=103088"}],"version-history":[{"count":0,"href":"https:\/\/ujkafe.website\/index.php?rest_route=\/wp\/v2\/posts\/103088\/revisions"}],"wp:attachment":[{"href":"https:\/\/ujkafe.website\/index.php?rest_route=%2Fwp%2Fv2%2Fmedia&parent=103088"}],"wp:term":[{"taxonomy":"category","embeddable":true,"href":"https:\/\/ujkafe.website\/index.php?rest_route=%2Fwp%2Fv2%2Fcategories&post=103088"},{"taxonomy":"post_tag","embeddable":true,"href":"https:\/\/ujkafe.website\/index.php?rest_route=%2Fwp%2Fv2%2Ftags&post=103088"}],"curies":[{"name":"wp","href":"https:\/\/api.w.org\/{rel}","templated":true}]}}