
{"id":103090,"date":"2022-09-26T02:52:21","date_gmt":"2022-09-26T02:52:21","guid":{"rendered":"https:\/\/ujkafe.website\/?p=103090"},"modified":"2022-09-25T20:11:49","modified_gmt":"2022-09-25T20:11:49","slug":"naszta-katalin-azota-irom","status":"publish","type":"post","link":"https:\/\/ujkafe.website\/?p=103090","title":{"rendered":"N\u00e1szta Katalin: az\u00f3ta \u00edrom&#8230;"},"content":{"rendered":"\r\n<p>nem t\u00e9vednek<br>az\u00f3ta \u00edrom <br>ugyanazt<br>mi\u00f3ta tollat fogtam<br>r\u00f6gz\u00edtem <br>mi a fejemben<br>nyomot hagy<!--more--><br>m\u00edg el nem<br>t\u0171nik onnan<br>mikor milyen<br>a sz\u00e9lj\u00e1r\u00e1s<br>odabent<br>meg az id\u0151<br>att\u00f3l f\u00fcgg<br>k\u00f6dlik vagy<br>kider\u00fcl<br>elmegy a felh\u0151<br>v\u00e1ltozik a k\u00e9p<br>k\u00e9ts\u00e9gtelen<br>mi tagad\u00e1s<br>de a m\u00f3dszer<br>ugyanaz <br>felbukik<br>lesz\u00e1ll<br>\u00e9s le\u00edr\u00e1s<br>m\u00e1snap n\u00e9zem<br>mit is fest<br>nekem ez<br>j\u00f3l esik vagy <br>\u00fajabb szelete<br>az id\u0151tengernek<br>\u00e9s m\u00e1ris<br>versbe \u00e9r a vers<br>becsukhatod<br>a tekintet<br>a kiberfalon<br>tov\u00e1bb netez<br>&#8211;<br><em>(nasztaki)<\/em><br><br><strong>Forr\u00e1s:szerz\u0151 FB-oldala<\/strong><\/p>\r\n","protected":false},"excerpt":{"rendered":"<p>nem t\u00e9vednekaz\u00f3ta \u00edrom ugyanaztmi\u00f3ta tollat fogtamr\u00f6gz\u00edtem mi a fejembennyomot hagy<\/p>\n","protected":false},"author":3,"featured_media":0,"comment_status":"open","ping_status":"open","sticky":false,"template":"","format":"standard","meta":{"_monsterinsights_skip_tracking":false,"_monsterinsights_sitenote_active":false,"_monsterinsights_sitenote_note":"","_monsterinsights_sitenote_category":0,"ngg_post_thumbnail":0,"footnotes":""},"categories":[4],"tags":[],"class_list":["post-103090","post","type-post","status-publish","format-standard","hentry","category-vers"],"_links":{"self":[{"href":"https:\/\/ujkafe.website\/index.php?rest_route=\/wp\/v2\/posts\/103090","targetHints":{"allow":["GET"]}}],"collection":[{"href":"https:\/\/ujkafe.website\/index.php?rest_route=\/wp\/v2\/posts"}],"about":[{"href":"https:\/\/ujkafe.website\/index.php?rest_route=\/wp\/v2\/types\/post"}],"author":[{"embeddable":true,"href":"https:\/\/ujkafe.website\/index.php?rest_route=\/wp\/v2\/users\/3"}],"replies":[{"embeddable":true,"href":"https:\/\/ujkafe.website\/index.php?rest_route=%2Fwp%2Fv2%2Fcomments&post=103090"}],"version-history":[{"count":0,"href":"https:\/\/ujkafe.website\/index.php?rest_route=\/wp\/v2\/posts\/103090\/revisions"}],"wp:attachment":[{"href":"https:\/\/ujkafe.website\/index.php?rest_route=%2Fwp%2Fv2%2Fmedia&parent=103090"}],"wp:term":[{"taxonomy":"category","embeddable":true,"href":"https:\/\/ujkafe.website\/index.php?rest_route=%2Fwp%2Fv2%2Fcategories&post=103090"},{"taxonomy":"post_tag","embeddable":true,"href":"https:\/\/ujkafe.website\/index.php?rest_route=%2Fwp%2Fv2%2Ftags&post=103090"}],"curies":[{"name":"wp","href":"https:\/\/api.w.org\/{rel}","templated":true}]}}