
{"id":103106,"date":"2022-09-27T02:59:22","date_gmt":"2022-09-27T02:59:22","guid":{"rendered":"https:\/\/ujkafe.website\/?p=103106"},"modified":"2022-09-26T19:56:03","modified_gmt":"2022-09-26T19:56:03","slug":"gergely-tamas-rocinante-regenye-18","status":"publish","type":"post","link":"https:\/\/ujkafe.website\/?p=103106","title":{"rendered":"Gergely Tam\u00e1s: ROCINANTE REG\u00c9NYE -18"},"content":{"rendered":"\r\n<p><em>(Cervantes nyom\u00e1n szabadon)<\/em><\/p>\r\n<p><em><strong>(18.) A PARITTYA<\/strong><\/em><br><br>\u2013 Megvan! \u2013 ki\u00e1ltotta a lovag, \u00e9s a fej\u00e9hez kapott. Meg is f\u00e1jdult az neki, mert a seb \u00e9ppencsak behegedt, viszont a f\u00e1jdalmat sem \u00e9rezte, mert \u00fagy gondolta, hogy a katal\u00e1nok elleni harcban el\u0151re haladt.<br>\u2013 Paritty\u00e1val ter\u00edtettek le engem, parittya \u00e1ltal lakolnak!<br>A t\u00f6bbi gyorsan ment, legal\u00e1bbis az elej\u00e9n. Marokk\u00f3b\u00f3l paritty\u00e1t rendelt, mert ott k\u00e9sz\u00fcl a lejobb b\u0151r, lovaghoz ill\u0151. A foganty\u00faj\u00e1t a helyi asztalosra b\u00edzta, \u00e9s Caterin\u00e1nak megparancsolta, hogy szerezzen gumit, \u00e9s varrja \u00f6ssze az eg\u00e9szet.<br>Ekkor t\u00f6rt\u00e9nt meg a baj.<br>Az asztalra kik\u00e9sz\u00edtett b\u0151rt \u00e9jjel az egerek megtal\u00e1lt\u00e1k, megr\u00e1gt\u00e1k, fel\u00e9t megett\u00e9k, \u00fagyhogy az haszn\u00e1lhatalann\u00e1 v\u00e1lt, \u00fajat kellett rendelni.<br>No de.<br>Az \u0151r\u00fclt \u00fagy fogta fel a dolgot, hogy Caterina sz\u00e1nd\u00e9kosan hagyta kint a b\u0151r\u00f6ket. Hogy az egerek mocskolj\u00e1k meg, hogy ne lehessen bel\u0151l\u00fck paritty\u00e1t k\u00e9sz\u00edteni, hogy ne tudja \u0151, a dics\u0151 lovag folytatni a katal\u00e1nok elleni harcot. Szabot\u00e1lta m\u00e1s sz\u00f3val. Meg kell b\u00fcntetni!<br>\u00dagyhogy Caterin\u00e1t sz\u00e9lnek eresztett\u00e9k. Lej\u00f6tt hozz\u00e1m elb\u00facs\u00fazni, \u00e9n m\u00e9rgemben sz\u00e9tvertem a j\u00e1szolt, ugyanis Caterina elveszt\u00e9se nagyon f\u00e1jt.<br><br><em><strong>(Folytatjuk * K\u00f6vetkezik: (19.) KAKAS A PANZA HOMLOK\u00c1RA)<\/strong><\/em><br><br><\/p>\r\n","protected":false},"excerpt":{"rendered":"<p>(Cervantes nyom\u00e1n szabadon) (18.) A PARITTYA \u2013 Megvan! \u2013 ki\u00e1ltotta a lovag, \u00e9s a fej\u00e9hez kapott. Meg is f\u00e1jdult az neki, mert a seb \u00e9ppencsak behegedt, viszont a f\u00e1jdalmat sem \u00e9rezte, mert \u00fagy gondolta, hogy a katal\u00e1nok elleni harcban el\u0151re haladt.\u2013 Paritty\u00e1val ter\u00edtettek le engem, parittya \u00e1ltal lakolnak!A t\u00f6bbi gyorsan ment, legal\u00e1bbis az elej\u00e9n. Marokk\u00f3b\u00f3l [&hellip;]<\/p>\n","protected":false},"author":3,"featured_media":0,"comment_status":"open","ping_status":"open","sticky":false,"template":"","format":"standard","meta":{"_monsterinsights_skip_tracking":false,"_monsterinsights_sitenote_active":false,"_monsterinsights_sitenote_note":"","_monsterinsights_sitenote_category":0,"ngg_post_thumbnail":0,"footnotes":""},"categories":[6],"tags":[],"class_list":["post-103106","post","type-post","status-publish","format-standard","hentry","category-regeny"],"_links":{"self":[{"href":"https:\/\/ujkafe.website\/index.php?rest_route=\/wp\/v2\/posts\/103106","targetHints":{"allow":["GET"]}}],"collection":[{"href":"https:\/\/ujkafe.website\/index.php?rest_route=\/wp\/v2\/posts"}],"about":[{"href":"https:\/\/ujkafe.website\/index.php?rest_route=\/wp\/v2\/types\/post"}],"author":[{"embeddable":true,"href":"https:\/\/ujkafe.website\/index.php?rest_route=\/wp\/v2\/users\/3"}],"replies":[{"embeddable":true,"href":"https:\/\/ujkafe.website\/index.php?rest_route=%2Fwp%2Fv2%2Fcomments&post=103106"}],"version-history":[{"count":0,"href":"https:\/\/ujkafe.website\/index.php?rest_route=\/wp\/v2\/posts\/103106\/revisions"}],"wp:attachment":[{"href":"https:\/\/ujkafe.website\/index.php?rest_route=%2Fwp%2Fv2%2Fmedia&parent=103106"}],"wp:term":[{"taxonomy":"category","embeddable":true,"href":"https:\/\/ujkafe.website\/index.php?rest_route=%2Fwp%2Fv2%2Fcategories&post=103106"},{"taxonomy":"post_tag","embeddable":true,"href":"https:\/\/ujkafe.website\/index.php?rest_route=%2Fwp%2Fv2%2Ftags&post=103106"}],"curies":[{"name":"wp","href":"https:\/\/api.w.org\/{rel}","templated":true}]}}