
{"id":103108,"date":"2022-09-27T02:56:00","date_gmt":"2022-09-27T02:56:00","guid":{"rendered":"https:\/\/ujkafe.website\/?p=103108"},"modified":"2022-09-26T19:48:19","modified_gmt":"2022-09-26T19:48:19","slug":"b-tomos-hajnal-oroknyomok","status":"publish","type":"post","link":"https:\/\/ujkafe.website\/?p=103108","title":{"rendered":"B. Tomos Hajnal: \u00d6r\u00f6knyomok"},"content":{"rendered":"\r\n<div id=\"attachment_103111\" style=\"width: 635px\" class=\"wp-caption alignnone\"><a href=\"https:\/\/ujkafe.website\/wp-content\/uploads\/2022\/09\/hajnal-csond.jpg\"><img loading=\"lazy\" decoding=\"async\" aria-describedby=\"caption-attachment-103111\" class=\"wp-image-103111\" src=\"https:\/\/ujkafe.website\/wp-content\/uploads\/2022\/09\/hajnal-csond-300x168.jpg\" alt=\"\" width=\"625\" height=\"351\" srcset=\"https:\/\/ujkafe.website\/wp-content\/uploads\/2022\/09\/hajnal-csond-300x168.jpg 300w, https:\/\/ujkafe.website\/wp-content\/uploads\/2022\/09\/hajnal-csond-1024x575.jpg 1024w, https:\/\/ujkafe.website\/wp-content\/uploads\/2022\/09\/hajnal-csond-768x431.jpg 768w, https:\/\/ujkafe.website\/wp-content\/uploads\/2022\/09\/hajnal-csond-1536x862.jpg 1536w, https:\/\/ujkafe.website\/wp-content\/uploads\/2022\/09\/hajnal-csond.jpg 2048w\" sizes=\"auto, (max-width: 625px) 100vw, 625px\" \/><\/a><p id=\"caption-attachment-103111\" class=\"wp-caption-text\"><em>A szerz\u0151 fot\u00f3ja: Cs\u00f6nd<\/em><\/p><\/div>\r\n<p>A mai napt\u00f3l<br>minden felriasztott galamb r\u00f6pt\u00e9n,<br>minden menek\u00fcl\u0151 l\u00e1bnyom\u00e1n,<br>minden elejtett kismack\u00f3n,<br>szop\u00f3sok fuldokl\u00f3 s\u00edr\u00e1s\u00e1n,<br>\u0151s\u00f6k falon f\u00fcgg\u0151 mosoly\u00e1n,<br>minden behorpadt s\u00edron,<!--more--><br>sz\u00e9tszaggatott, betaposott v\u00e9gtagon,<br>csal\u00e1di h\u00e1zak t\u00e1rva felejtett kapuj\u00e1n,<br>a felbor\u00edtott hokkedlin, a kifutott tejen,<br>a meg nem kapott \u00fczeneten<br>\u00e9s abbamaradt \u00f6lel\u00e9sen,<br>a v\u00e9gig nem olvasott reg\u00e9nyen<br>\u00e9s a masz\u00fcletett csecsem\u0151k g\u00e9nl\u00e1nc\u00e1n<br>l\u00e1tszani fog \u00f6r\u00f6kre<br>a s\u00e1ros herny\u00f3talpak nyoma.<\/p>\r\n","protected":false},"excerpt":{"rendered":"<p>A mai napt\u00f3lminden felriasztott galamb r\u00f6pt\u00e9n,minden menek\u00fcl\u0151 l\u00e1bnyom\u00e1n,minden elejtett kismack\u00f3n,szop\u00f3sok fuldokl\u00f3 s\u00edr\u00e1s\u00e1n,\u0151s\u00f6k falon f\u00fcgg\u0151 mosoly\u00e1n,minden behorpadt s\u00edron,<\/p>\n","protected":false},"author":3,"featured_media":0,"comment_status":"open","ping_status":"open","sticky":false,"template":"","format":"standard","meta":{"_monsterinsights_skip_tracking":false,"_monsterinsights_sitenote_active":false,"_monsterinsights_sitenote_note":"","_monsterinsights_sitenote_category":0,"ngg_post_thumbnail":0,"footnotes":""},"categories":[5,4],"tags":[],"class_list":["post-103108","post","type-post","status-publish","format-standard","hentry","category-foto","category-vers"],"_links":{"self":[{"href":"https:\/\/ujkafe.website\/index.php?rest_route=\/wp\/v2\/posts\/103108","targetHints":{"allow":["GET"]}}],"collection":[{"href":"https:\/\/ujkafe.website\/index.php?rest_route=\/wp\/v2\/posts"}],"about":[{"href":"https:\/\/ujkafe.website\/index.php?rest_route=\/wp\/v2\/types\/post"}],"author":[{"embeddable":true,"href":"https:\/\/ujkafe.website\/index.php?rest_route=\/wp\/v2\/users\/3"}],"replies":[{"embeddable":true,"href":"https:\/\/ujkafe.website\/index.php?rest_route=%2Fwp%2Fv2%2Fcomments&post=103108"}],"version-history":[{"count":0,"href":"https:\/\/ujkafe.website\/index.php?rest_route=\/wp\/v2\/posts\/103108\/revisions"}],"wp:attachment":[{"href":"https:\/\/ujkafe.website\/index.php?rest_route=%2Fwp%2Fv2%2Fmedia&parent=103108"}],"wp:term":[{"taxonomy":"category","embeddable":true,"href":"https:\/\/ujkafe.website\/index.php?rest_route=%2Fwp%2Fv2%2Fcategories&post=103108"},{"taxonomy":"post_tag","embeddable":true,"href":"https:\/\/ujkafe.website\/index.php?rest_route=%2Fwp%2Fv2%2Ftags&post=103108"}],"curies":[{"name":"wp","href":"https:\/\/api.w.org\/{rel}","templated":true}]}}