
{"id":103119,"date":"2022-09-27T15:51:35","date_gmt":"2022-09-27T15:51:35","guid":{"rendered":"https:\/\/ujkafe.website\/?p=103119"},"modified":"2022-09-27T19:51:46","modified_gmt":"2022-09-27T19:51:46","slug":"akademia-vadasdon-4","status":"publish","type":"post","link":"https:\/\/ujkafe.website\/?p=103119","title":{"rendered":"Akad\u00e9mia Vadasdon"},"content":{"rendered":"<p><strong>Interj\u00fasorozat Sz\u00e9kely Ferenccel<\/strong><\/p>\n<p><em><strong>4. \u00c1b\u00e9c\u00e9sorrendben. A nemzet asztal\u00e1n<\/strong><\/em><\/p>\n<p>&nbsp;<\/p>\n<p><em>Technikai okok miatt nem tudtuk k\u00f6z\u00f6lni az interj\u00faalanyok nev\u00e9b\u00f5l k\u00e9sz\u00fcl molin\u00f3dat. Pedig l\u00e1tom, hogy fontos sz\u00e1modra, \u00e9s h\u00e1t 117, az impon\u00e1l\u00f3 mennyis\u00e9g. Tegy\u00fcnk h\u00e1t kiv\u00e9telt, k\u00f6z\u00f6lj\u00fck azok list\u00e1j\u00e1t, akik beker\u00fcltek sorozatodba, ami eddig t\u00edz k\u00f6tetet tesz ki. H\u00e1tha az olvas\u00f3t \u00e9rdekli, \u00e9s v\u00e9gigb\u00f6ng\u00e9szi, hogy kedvenc \u00edr\u00f3j\u00e1ra esetleg r\u00e1tal\u00e1ljon!<\/em><!--more--><\/p>\n<p>&nbsp;<\/p>\n<p>A k\u00f6vetkez\u0151 alanyokkal besz\u00e9lgettem \u2013 \u00e1lljanak itt \u00e1b\u00e9c\u00e9sorrendben:<\/p>\n<p>Ablonczy L\u00e1szl\u00f3 (Budapest), Albert Ern\u0151 (Sepsiszentgy\u00f6rgy). Ambrus Lajos (Korond), \u00c1goston Vilmos (San Antonio), Balla Tam\u00e1s (Magyard\u00e9cse), Balla Zs\u00f3fia (Budapest), Bal\u00e1zs Lajos (Cs\u00edkszereda), Bandi \u00c1rp\u00e1d (Marosv\u00e1s\u00e1rhely). Barab\u00e1s L\u00e1szl\u00f3 (Marosv\u00e1s\u00e1rhely), Baricz Lajos (Marosszentgy\u00f6rgy), Bar\u00f3thi \u00c1d\u00e1m (Sz\u00e1szr\u00e9gen), B\u00e1gyoni Sz. Istv\u00e1n (Budapest), Beder Tibor (Cs\u00edkszereda), Bencz\u00e9di Ilona (\u00d6stersund), B\u00edr\u00f3 A. Zolt\u00e1n (Cs\u00edkszereda), Ana Blandiana (Bukarest), Bodor \u00c1d\u00e1m (Budapest), B\u00f6jte L\u00eddia (Sz\u00e1szr\u00e9gen), B\u00f6l\u00f6ni Domokos (Marosv\u00e1s\u00e1rhely), Burj\u00e1n-G\u00e1l Emil (Gyergy\u00f3szmikl\u00f3s), Czeg\u0151 Zolt\u00e1n (Sepsiszentgy\u00f6rgy), Csata Ambrus (Gyergy\u00f3szmikl\u00f3s), Cs\u00e1vossy Gy\u00f6rgy (Nagyenyed), Cseke G\u00e1bor (Cs\u00edkszereda), Cseke P\u00e9ter (Kolozsv\u00e1r), Csif\u00f3 J\u00e1nos (Marosv\u00e1s\u00e1rhely), Csire Gabriella (Bukarest), Csutak Istv\u00e1n (Cs\u00edkszereda), De\u00e1k-S\u00e1rosi L\u00e1szl\u00f3 (Budapest), De\u00e9 Nagy Anik\u00f3 (Eger), Demeter J\u00f3zsef (Sz\u00e1szr\u00e9gen), Erdei J\u00e1nos (New York), \u00c9ltet\u0151 J\u00f3zsef (Budapest), Farkas \u00c1rp\u00e1d (Sepsiszentgy\u00f6rgy), Fazakas Tibor (Vajdahunyad), Ferencz Imre (Cs\u00edkszereda), Fodor S\u00e1ndor (Kolozsv\u00e1r), F\u00fcl\u00f6p K\u00e1lm\u00e1n (Nagykend), Garda Dezs\u0151 (Gyegy\u00f3sztmikl\u00f3s), Gazda J\u00f3zsef (Kov\u00e1szna), G\u00e1l \u00c9va Emese (Gyergy\u00f3sztmikl\u00f3s), G\u00e1sp\u00e1r S\u00e1ndor (Marosv\u00e1s\u00e1rhely), Ha\u00e1z S\u00e1ndor (Szentegyh\u00e1za), Hadnagy J\u00f3zsef (Debrecen), Horv\u00e1th Arany (Kolozsv\u00e1r), H. Szab\u00f3 Gyula (Marosv\u00e1s\u00e1rhely), Irinyi Kiss Ferenc (Szatm\u00e1rn\u00e9meti), Jakab S\u00e1muel (Marosvhely), J\u00f3kai Anna (Budapest), J\u00f3zsa Andr\u00e1s (Szov\u00e1ta) J\u00f3zsa Erika (Sydney), J\u00f3zsa J\u00e1nos (Korond), J\u00f3zsa Judit (Budapest), Kall\u00f3s Zolt\u00e1n (V\u00e1lasz\u00fat), Kapui \u00c1gota (Dabas), K\u00e1d\u00e1r-Dombi P\u00e9ter (Szentkeresztb\u00e1nya), K\u00e1konyi Csilla (Marosv\u00e1s\u00e1rhely), K\u00e1li Kir\u00e1ly Istv\u00e1n (Marosv\u00e1s\u00e1rhely). Kedei Zolt\u00e1n (Marosv\u00e1s\u00e1rhely), Ken\u00e9z Ferenc (Budapest), Keszeg Vilmos (Torda), Kily\u00e9n Ilka (Marosv\u00e1s\u00e1rhely), Kincses Elem\u00e9r (Marosv\u00e1s\u00e1rhely), Kincses El\u0151d (Marosv\u00e1s\u00e1rhely), Kir\u00e1ly L\u00e1szl\u00f3 (Kolozsv\u00e1r), Kiss J. Botond (Tulcea), Kocsis Istv\u00e1n (Budapest), Komor\u00f3czy Gy\u00f6rgy (Sz\u00e9kelyudvarhely), Korona Juli\u00e1nna (Parajd), Korondi K. Andr\u00e1s (Sz\u00e9kelyudvarhely), Koszta Gabriella (P\u00e9cs), Kov\u00e1cs G\u00e9za (SZ) (Segesv\u00e1r), Kovrig Magdolna (Erd\u0151szentgy\u00f6rgy), Kozma M\u00e1ria (Cs\u00edkszereda), K\u00f6nt\u00f6s-Szab\u00f3 Zolt\u00e1n (Budapest), Krist\u00f3 Tibor (Cs\u00edkszereda), Kusztos Endre (Szov\u00e1ta), Kuti M\u00e1rta (Marosv\u00e1s\u00e1rhely), L\u00e1ng Eszter (Debrecen), L\u00e1szl\u00f3ffy Csaba (Kolozsv\u00e1r), L\u0151rincz B\u00e9la (Toront\u00f3), L\u0151rincz Gy\u00f6rgy (Sz\u00e9kelyudvarhely), Majla S\u00e1ndor (Sz\u00e9kelyudvarhely), M\u00e1rkus B\u00e9la (Debrecen), M\u00e1rton B\u00e9la (Szov\u00e1ta), M\u00e1rton K\u00e1roly (Marosv\u00e1s\u00e1rhely), Molnos Ferenc (Szov\u00e1ta), Molnos Lajos (Budapest), Nagy Benedek (Cs\u00edkszereda), Nagy Mikl\u00f3s Kund (Marosv\u00e1s\u00e1rhely), N\u00e1szta Katalin (Zalaegerszeg), Ol\u00e1h Istv\u00e1n (Sz\u00e9kelyudvarhely), Olosz Katalin (Marosv\u00e1s\u00e1rhely), \u00d6tv\u00f6s J\u00f3zsef (Marosv\u00e1s\u00e1rhely), P\u00e1l-Antal S\u00e1ndor (Marosv\u00e1s\u00e1rhely), P\u00e1ll Lajos (Korond), Peth\u0151 L\u00e1szl\u00f3 \u00c1. (Budapest), P\u00e9ntek J\u00e1nos (Kolozsv\u00e1r), Pomog\u00e1ts B\u00e9la (Budapest), R\u00e1duly J\u00e1nos (Kib\u00e9d), S\u00e1ndor J\u00e1nos (H\u00e1rmasfalu), Sebesty\u00e9n S. Mih\u00e1ly (Marosv\u00e1s\u00e1rhely), Sim\u00f3 M\u00e1rton (Sz\u00e9kelyudvarhely), So\u00f3 Z\u00f6ld Margit (Kolozsv\u00e1r), Sz\u00e1lasy Ferenc (Sz\u00e9kelyudvarhely), Sz\u00e1sz Istv\u00e1n Tas (Le\u00e1nyfalu), Sz\u00e1vai G\u00e9za (Budapest), Szekeres L. S\u00e1ndor (Monor), Sz\u00e9kedi Ferenc (Cs\u00edkszereda), Sz\u00e9kely-B. Endre (Ny\u00e1r\u00e1dszentm\u00e1rton), Sz\u00e9kely Ferenc (Vadasd), Sz\u00e9kely Szab\u00f3 Zolt\u00e1n (Marosv\u00e1s\u00e1rhely), Tar K\u00e1roly (Lund &#8211; Sv\u00e9dorsz\u00e1g), T\u00f3falvi Zolt\u00e1n (Budapest), Tomcs\u00e1nyi M\u00e1ria (Marosv\u00e1s\u00e1rhely), T\u00f3th B\u00e9la (Marosv\u00e1s\u00e1rhely), Vinczeffy L\u00e1szl\u00f3 (Sepsiszszentgy\u00f6rgy).<\/p>\n<p><a href=\"https:\/\/ujkafe.website\/wp-content\/uploads\/2022\/09\/thumbnail_Szekely-F.-180322-12-a.jpg\"><img loading=\"lazy\" decoding=\"async\" class=\"size-medium wp-image-103118 aligncenter\" src=\"https:\/\/ujkafe.website\/wp-content\/uploads\/2022\/09\/thumbnail_Szekely-F.-180322-12-a-300x157.jpg\" alt=\"\" width=\"300\" height=\"157\" srcset=\"https:\/\/ujkafe.website\/wp-content\/uploads\/2022\/09\/thumbnail_Szekely-F.-180322-12-a-300x157.jpg 300w, https:\/\/ujkafe.website\/wp-content\/uploads\/2022\/09\/thumbnail_Szekely-F.-180322-12-a-1024x534.jpg 1024w, https:\/\/ujkafe.website\/wp-content\/uploads\/2022\/09\/thumbnail_Szekely-F.-180322-12-a-768x401.jpg 768w, https:\/\/ujkafe.website\/wp-content\/uploads\/2022\/09\/thumbnail_Szekely-F.-180322-12-a.jpg 1280w\" sizes=\"auto, (max-width: 300px) 100vw, 300px\" \/><\/a><\/p>\n<p><em>Balr\u00f3l jobbra: Barab\u00e1s L\u00e1szl\u00f3 n\u00e9prajzkutat\u00f3, \u00d6tv\u00f6s J\u00f3zsef reform\u00e1tus lelk\u00e9sz, K\u00e1li Kir\u00e1ly Istv\u00e1n \u00edr\u00f3, Sebesty\u00e9n Spielmann&nbsp;Mih\u00e1ly \u00edr\u00f3, ny. k\u00f6nyvt\u00e1ros, Sz\u00e9kely Ferenc k\u00f6tetszerz\u0151, Nagy Mikl\u00f3s Kund m\u0171v\u00e9szeti \u00edr\u00f3, Kily\u00e9n Ilka sz\u00ednm\u0171v\u00e9sz.&nbsp;<\/em><em>Fot\u00f3: B\u00e1lint Zsigmond.<\/em><em> Bern\u00e1dy H\u00e1z, Marosv\u00e1s\u00e1rhely, 2018. m\u00e1rcius 22.&nbsp;<\/em><\/p>\n<p>&nbsp;<\/p>\n<p><em>Hol lehet a k<\/em><em>\u00f6<\/em><em>teteket megv<\/em><em>\u00e1<\/em><em>s<\/em><em>\u00e1<\/em><em>rolni, olvasni, kik<\/em><em>\u00f6<\/em><em>lcs<\/em><em>\u00f6<\/em><em>n<\/em><em>\u00f6<\/em><em>zni? <\/em><\/p>\n<p>Az interj\u00fak\u00f6tetek \u2012 mint mondtam \u2012 Sz\u00e1zhalombatt\u00e1n jelennek meg, \u00e9rtelemszer\u0171en teh\u00e1t Magyarorsz\u00e1gon t\u00f6rt\u00e9nik a legnagyobb forgalmaz\u00e1s is. Ebben a L\u00edra k\u00f6nyv\u00fczlet-h\u00e1l\u00f3zat a legjobb partner, amely az eg\u00e9sz orsz\u00e1got lefedi. Rom\u00e1ni\u00e1ba az \u00e1ltalam megrendelt p\u00e9ld\u00e1nysz\u00e1m (200-300 db.) jut el, amelynek egy r\u00e9sz\u00e9t az alanyok kapj\u00e1k k\u00e9zhez, a t\u00f6bbit k\u00f6tetbemutat\u00f3k\u00f3n forgalmazz\u00e1k (Sz\u00e1szr\u00e9genben, Marosszentgy\u00f6rgy\u00f6n, Szov\u00e1t\u00e1n \u00e9s Marosv\u00e1s\u00e1rhelyen), vagy let\u00e9tbe helyezik Erd\u00e9ly k\u00e9t fontos dokument\u00e1ci\u00f3s k\u00f6nyvt\u00e1r\u00e1ban: a marosv\u00e1s\u00e1rhelyi Teleki T\u00e9k\u00e1ban \u00e9s a cs\u00edkszeredai K\u00e1joni J\u00e1nos Megyei K\u00f6nyvt\u00e1rban. Ezenk\u00edv\u00fcl minden k\u00f6tetb\u0151l egy p\u00e9ld\u00e1nyt \u00e1tadok az erd\u0151szentgy\u00f6rgyi Szent Gy\u00f6rgy Technol\u00f3giai L\u00edceum k\u00f6nyvt\u00e1r\u00e1nak, ahonnan b\u00e1rmikor kik\u00f6lcs\u00f6n\u00f6zhet\u0151. Id\u00e9n m\u00e1rciusban aj\u00e1nd\u00e9koztam egy teljes sorozatot (10 k\u00f6nyvet) a Marosv\u00e1s\u00e1rhelyi R\u00e1di\u00f3nak, ahol b\u00e1rmikor fel tudj\u00e1k haszn\u00e1lni: adatokat kijegyzetelni az alanyok szakmai \u00e9s \u00e9letrajzi p\u00e1lyafut\u00e1s\u00e1b\u00f3l.<\/p>\n<p><em>Nem l<\/em><em>\u00e9<\/em><em>tezik a K<\/em><em>\u00f6<\/em><em>nyvet post<\/em><em>\u00e1<\/em><em>n nev\u00fb szolg<\/em><em>\u00e1<\/em><em>ltat<\/em><em>\u00e1<\/em><em>s, <\/em><em>\u00fa<\/em><em>gy mint r<\/em><em>\u00e9<\/em><em>gen, ut<\/em><em>\u00e1<\/em><em>nv<\/em><em>\u00e9<\/em><em>ttel? <\/em><\/p>\n<p>De igen! Ezt j\u00f3magam v\u00e9gzem az olvas\u00f3k ig\u00e9nyl\u00e9s\u00e9re vagy az alanyok k\u00e9r\u00e9s\u00e9re, akik az orsz\u00e1ghat\u00e1rokon k\u00edv\u00fcl \u00e9lnek (pl.az US\u00c1-ban, Ausztr\u00e1li\u00e1ban vagy b\u00e1rhol), \u00e9s nincs lehet\u0151s\u00e9g\u00fck \u00e1tadni\/elk\u00fcldeni itthon maradt szeretteiknek azt a k\u00f6tetet, amelyben \u0151 is benne van. Ilyenkor a megadott c\u00edmre post\u00e1zom a k\u00f6nyvet, amit \u2012 az ut\u00f3bbi \u00e9vek gyakorlata szerint \u2012 mindig eljutott a c\u00edmzetthez.<\/p>\n<p>Ez \u00fcgyben, k\u00e9rem \u00edrjanak\/\u00edrjatok a k\u00f6vetkez\u0151 \u00edm\u00e9lc\u00edmre: szekelyferi@gmail.com.<\/p>\n<p><em>Kit szerett\u00e9l volna meginterj\u00favolni m\u00e9g, de nem j\u00f6tt \u00f6ssze? <\/em><\/p>\n<p>Lenn\u00e9nek n\u00e9h\u00e1nyan: Juh\u00e1sz Ferenc, Cso\u00f3ri S\u00e1ndor, Pusztai J\u00e1nos, V\u00e1ri Attila, K\u00e1ny\u00e1di S\u00e1ndor, D\u00e1vid Gyula, Ferenczes Istv\u00e1n, T\u0151k\u00e9s L\u00e1szl\u00f3, Kar\u00e1csonyi Zsigmond, Gy\u00f6rfi K\u00e1lm\u00e1n, Bajna Gy\u00f6rgy&#8230; Ezek k\u00f6z\u00f6tt van olyan, akit m\u00e9g \u201eelcs\u00edphetek\u201d, de \u2013 sajnos \u2012 van olyan is, akit m\u00e1r nem: elt\u00e1vozott az \u00e9l\u0151k sor\u00e1b\u00f3l&#8230;<\/p>\n<p><em>Kik k\u00f6vetkeznek 2023-ban? <\/em><\/p>\n<p>\u2012 Nem szeretn\u00e9k neveket felsorolni, de mindenki sz\u00e1m\u00edt\u00e1sban j\u00f6het, aki \u201ehagyott m\u00e1r valamit\u201d a nemzet asztal\u00e1n, \u00e9s mindenk\u00e9pp kerek \u00e9vfordul\u00f3s lesz a k\u00f6vetkez\u0151 esztend\u0151ben.Teh\u00e1t: 60-65-70-75-80 \u00e9ves lesz, vagy 80-van feletti \u2012 b\u00e1rmely esztend\u0151 \u2012 mert akkor minden \u00e9v \u201ekereknek\u201d sz\u00e1m\u00edt.<\/p>\n<p>&nbsp;<\/p>\n<p><em>K\u00e9rdezett: Gergely Tam\u00e1s<\/em><\/p>\n<p><em>(V\u00e9ge.) <\/em><\/p>\n<p>&nbsp;<\/p>\n<p><em>&nbsp;<\/em><\/p>\n<p><em>A sorozat els\u00f5 r\u00e9sze megjelent itt: <a href=\"https:\/\/ujkafe.website\/?p=102940\">https:\/\/ujkafe.website\/?p=102940<\/a><\/em><\/p>\n<p><em>A m\u00e1sodik r\u00e9sz itt:<a href=\"https:\/\/ujkafe.website\/?p=102995\"> https:\/\/ujkafe.website\/?p=102995<\/a><\/em><\/p>\n<p><em>A harmadik: <a href=\"https:\/\/ujkafe.website\/?p=103027\">https:\/\/ujkafe.website\/?p=103027 <\/a><\/em><\/p>\n<p>&nbsp;<\/p>\n","protected":false},"excerpt":{"rendered":"<p>Interj\u00fasorozat Sz\u00e9kely Ferenccel 4. \u00c1b\u00e9c\u00e9sorrendben. A nemzet asztal\u00e1n &nbsp; Technikai okok miatt nem tudtuk k\u00f6z\u00f6lni az interj\u00faalanyok nev\u00e9b\u00f5l k\u00e9sz\u00fcl molin\u00f3dat. Pedig l\u00e1tom, hogy fontos sz\u00e1modra, \u00e9s h\u00e1t 117, az impon\u00e1l\u00f3 mennyis\u00e9g. Tegy\u00fcnk h\u00e1t kiv\u00e9telt, k\u00f6z\u00f6lj\u00fck azok list\u00e1j\u00e1t, akik beker\u00fcltek sorozatodba, ami eddig t\u00edz k\u00f6tetet tesz ki. H\u00e1tha az olvas\u00f3t \u00e9rdekli, \u00e9s v\u00e9gigb\u00f6ng\u00e9szi, hogy kedvenc \u00edr\u00f3j\u00e1ra [&hellip;]<\/p>\n","protected":false},"author":2954,"featured_media":0,"comment_status":"open","ping_status":"open","sticky":false,"template":"","format":"standard","meta":{"_monsterinsights_skip_tracking":false,"_monsterinsights_sitenote_active":false,"_monsterinsights_sitenote_note":"","_monsterinsights_sitenote_category":0,"ngg_post_thumbnail":0,"footnotes":""},"categories":[122],"tags":[],"class_list":["post-103119","post","type-post","status-publish","format-standard","hentry","category-interju"],"_links":{"self":[{"href":"https:\/\/ujkafe.website\/index.php?rest_route=\/wp\/v2\/posts\/103119","targetHints":{"allow":["GET"]}}],"collection":[{"href":"https:\/\/ujkafe.website\/index.php?rest_route=\/wp\/v2\/posts"}],"about":[{"href":"https:\/\/ujkafe.website\/index.php?rest_route=\/wp\/v2\/types\/post"}],"author":[{"embeddable":true,"href":"https:\/\/ujkafe.website\/index.php?rest_route=\/wp\/v2\/users\/2954"}],"replies":[{"embeddable":true,"href":"https:\/\/ujkafe.website\/index.php?rest_route=%2Fwp%2Fv2%2Fcomments&post=103119"}],"version-history":[{"count":0,"href":"https:\/\/ujkafe.website\/index.php?rest_route=\/wp\/v2\/posts\/103119\/revisions"}],"wp:attachment":[{"href":"https:\/\/ujkafe.website\/index.php?rest_route=%2Fwp%2Fv2%2Fmedia&parent=103119"}],"wp:term":[{"taxonomy":"category","embeddable":true,"href":"https:\/\/ujkafe.website\/index.php?rest_route=%2Fwp%2Fv2%2Fcategories&post=103119"},{"taxonomy":"post_tag","embeddable":true,"href":"https:\/\/ujkafe.website\/index.php?rest_route=%2Fwp%2Fv2%2Ftags&post=103119"}],"curies":[{"name":"wp","href":"https:\/\/api.w.org\/{rel}","templated":true}]}}