
{"id":103140,"date":"2022-09-29T02:50:45","date_gmt":"2022-09-29T02:50:45","guid":{"rendered":"https:\/\/ujkafe.website\/?p=103140"},"modified":"2022-09-28T20:33:42","modified_gmt":"2022-09-28T20:33:42","slug":"gergely-tamas-rocinante-regenye-20","status":"publish","type":"post","link":"https:\/\/ujkafe.website\/?p=103140","title":{"rendered":"Gergely Tam\u00e1s: ROCINANTE REG\u00c9NYE &#8211; 20"},"content":{"rendered":"\r\n<p><em>(Cervantes nyom\u00e1n szabadon)<\/em><br>,<br><em><strong>(20.) FEN\u00c9KEN BILLENTIK <\/strong><\/em><br><br>A t\u00e1mad\u00e1st a lovag \u00fagy k\u00e9pzelte el, hogy Panza paritty\u00e1zik, amit\u0151l a v\u00e1rosiak \u2013 olvasni nem tudok, ez\u00e9rt a t\u00e1bla a v\u00e1ros sz\u00e9l\u00e9n sz\u00e1momra arabul van \u2013 megijednek, beh\u00faz\u00f3dnak a h\u00e1zaikba, s akkor \u0151 el\u0151reny\u00fajtott d\u00e1rd\u00e1val \u2013 mivel kardj\u00e1t kett\u00e9t\u00f6rt\u00e9k a kor\u00e1bbi csat\u00e1roz\u00e1sban, a d\u00e1rd\u00e1t Panz\u00e1t\u00f3l mag\u00e1hoz vette \u2013 sz\u00f3val \u0151 beront meglepet\u00e9sszer\u0171en, a v\u00e1ros k\u00f6zep\u00e9n a meger\u0151s\u00edtett v\u00e1rat elfoglalja, a z\u00e1szl\u00f3t, a spanyolt kit\u0171zi a v\u00e1rfokra \u2013 egy z\u00e1szl\u00f3t elvitt\u00fcnk titokban Manch\u00e1r\u00f3l, a kutya sem v\u00e9dte.<br>No de nem \u00e9ppen \u00edgy alakult.<br>Panza l\u00f6ved\u00e9kei arra voltak j\u00f3k, hogy a helyiek felkapj\u00e1k a fej\u00fck, hogy itt t\u00e1mad\u00e1s k\u00f6vetkezik, s a v\u00e1roskaput a Quijote orra el\u0151tt becsukj\u00e1k. De h\u00e1t mit t\u00f6r\u0151d\u00f6tt ezzel a h\u0151s lovag, m\u00e9g \u00f6szt\u00f6k\u00e9lt engem, mintha azt k\u00e9pzelte volna, hogy \u00e9n a massz\u00edv t\u00f6lgyf\u00e1b\u00f3l k\u00e9sz\u00fclt kaput led\u00f6nt\u00f6m.<br>Hogy abba belepusztulok, az nem \u00e9rdekelte.<br>Ez\u00e9rt \u00fagy tettem, mintha megbotlottam volna, amit\u0151l t\u00e9rdre estem, lovagom kirep\u00fclt a nyeregb\u0151l, tiszta szerencse, hogy a d\u00e1rd\u00e1ja tal\u00e1lkozott el\u0151sz\u00f6r a kapuval, \u00e9s nem a feje, mert ott lehelte volna ki a lelk\u00e9t. <br>Ekkor oldalr\u00f3l helyb\u00e9li katon\u00e1k ugrottak el\u0151, \u00e9s a h\u0151s lovagot fen\u00e9ken billentett\u00e9k. Oda volt a d\u00e1rda, oda a dics\u0151s\u00e9g.<br>Visszafele nem engem szidott, hanem Panz\u00e1t okolta a baleset\u00e9rt:<br>\u2013 Mert nem adt\u00e1l neki zabot! \u2013 ki\u00e1ltotta h\u00e1tra, ott kocogott Panza a megszel\u00edd\u00fclt szamar\u00e1n.<br><br><em><strong>(Folytatjuk * K\u00f6vetkezik: *(21.) CIP\u0150CSKE)<\/strong><\/em><\/p>\r\n","protected":false},"excerpt":{"rendered":"<p>(Cervantes nyom\u00e1n szabadon),(20.) FEN\u00c9KEN BILLENTIK A t\u00e1mad\u00e1st a lovag \u00fagy k\u00e9pzelte el, hogy Panza paritty\u00e1zik, amit\u0151l a v\u00e1rosiak \u2013 olvasni nem tudok, ez\u00e9rt a t\u00e1bla a v\u00e1ros sz\u00e9l\u00e9n sz\u00e1momra arabul van \u2013 megijednek, beh\u00faz\u00f3dnak a h\u00e1zaikba, s akkor \u0151 el\u0151reny\u00fajtott d\u00e1rd\u00e1val \u2013 mivel kardj\u00e1t kett\u00e9t\u00f6rt\u00e9k a kor\u00e1bbi csat\u00e1roz\u00e1sban, a d\u00e1rd\u00e1t Panz\u00e1t\u00f3l mag\u00e1hoz vette \u2013 sz\u00f3val [&hellip;]<\/p>\n","protected":false},"author":3,"featured_media":0,"comment_status":"open","ping_status":"open","sticky":false,"template":"","format":"standard","meta":{"_monsterinsights_skip_tracking":false,"_monsterinsights_sitenote_active":false,"_monsterinsights_sitenote_note":"","_monsterinsights_sitenote_category":0,"ngg_post_thumbnail":0,"footnotes":""},"categories":[6],"tags":[],"class_list":["post-103140","post","type-post","status-publish","format-standard","hentry","category-regeny"],"_links":{"self":[{"href":"https:\/\/ujkafe.website\/index.php?rest_route=\/wp\/v2\/posts\/103140","targetHints":{"allow":["GET"]}}],"collection":[{"href":"https:\/\/ujkafe.website\/index.php?rest_route=\/wp\/v2\/posts"}],"about":[{"href":"https:\/\/ujkafe.website\/index.php?rest_route=\/wp\/v2\/types\/post"}],"author":[{"embeddable":true,"href":"https:\/\/ujkafe.website\/index.php?rest_route=\/wp\/v2\/users\/3"}],"replies":[{"embeddable":true,"href":"https:\/\/ujkafe.website\/index.php?rest_route=%2Fwp%2Fv2%2Fcomments&post=103140"}],"version-history":[{"count":0,"href":"https:\/\/ujkafe.website\/index.php?rest_route=\/wp\/v2\/posts\/103140\/revisions"}],"wp:attachment":[{"href":"https:\/\/ujkafe.website\/index.php?rest_route=%2Fwp%2Fv2%2Fmedia&parent=103140"}],"wp:term":[{"taxonomy":"category","embeddable":true,"href":"https:\/\/ujkafe.website\/index.php?rest_route=%2Fwp%2Fv2%2Fcategories&post=103140"},{"taxonomy":"post_tag","embeddable":true,"href":"https:\/\/ujkafe.website\/index.php?rest_route=%2Fwp%2Fv2%2Ftags&post=103140"}],"curies":[{"name":"wp","href":"https:\/\/api.w.org\/{rel}","templated":true}]}}