
{"id":103146,"date":"2022-09-30T02:51:05","date_gmt":"2022-09-30T02:51:05","guid":{"rendered":"https:\/\/ujkafe.website\/?p=103146"},"modified":"2022-09-29T19:00:44","modified_gmt":"2022-09-29T19:00:44","slug":"szekedi-ferenc-oszi-leltar","status":"publish","type":"post","link":"https:\/\/ujkafe.website\/?p=103146","title":{"rendered":"Sz\u00e9kedi Ferenc: \u0150szi lelt\u00e1r"},"content":{"rendered":"\r\n<p>Galagonya, k\u00f6k\u00e9ny, cseresznyeszilva t\u00f6bb sz\u00ednben, (korkodusnak nevezik Erd\u00e9lyben), t\u00f6lgyfa makk \u2013 \u00edgy n\u00e9z ki egy \u0151szi bogy\u00f3s mozaik Jobb\u00e1gytelk\u00e9n, a csipkebogy\u00f3t, a gyalogbodz\u00e1t \u00e9s a somot nem is sz\u00e1m\u00edtva. De a faluban \u00e9s az eg\u00e9sz Ny\u00e1r\u00e1dment\u00e9n t\u00fal sok a kerti gy\u00fcm\u00f6lcs ahhoz, hogy szer\u00e9ny vadrokonaik is el\u0151t\u00e9rbe ker\u00fcljenek. A cs\u00edki szemnek azonban k\u00edn\u00e1lj\u00e1k a l\u00e1tv\u00e1nyt. <em>(Forr\u00e1s: szerz\u0151 FB-oldala)<\/em><\/p>\r\n<p><a href=\"https:\/\/ujkafe.website\/wp-content\/uploads\/2022\/09\/szekedi-kokeny.jpg\"><img loading=\"lazy\" decoding=\"async\" class=\"alignnone  wp-image-103148\" src=\"https:\/\/ujkafe.website\/wp-content\/uploads\/2022\/09\/szekedi-kokeny-300x300.jpg\" alt=\"\" width=\"514\" height=\"514\" srcset=\"https:\/\/ujkafe.website\/wp-content\/uploads\/2022\/09\/szekedi-kokeny-300x300.jpg 300w, https:\/\/ujkafe.website\/wp-content\/uploads\/2022\/09\/szekedi-kokeny-150x150.jpg 150w, https:\/\/ujkafe.website\/wp-content\/uploads\/2022\/09\/szekedi-kokeny.jpg 404w\" sizes=\"auto, (max-width: 514px) 100vw, 514px\" \/><\/a><\/p>\r\n<p>&nbsp;<\/p>\r\n","protected":false},"excerpt":{"rendered":"<p>Galagonya, k\u00f6k\u00e9ny, cseresznyeszilva t\u00f6bb sz\u00ednben, (korkodusnak nevezik Erd\u00e9lyben), t\u00f6lgyfa makk \u2013 \u00edgy n\u00e9z ki egy \u0151szi bogy\u00f3s mozaik Jobb\u00e1gytelk\u00e9n, a csipkebogy\u00f3t, a gyalogbodz\u00e1t \u00e9s a somot nem is sz\u00e1m\u00edtva. De a faluban \u00e9s az eg\u00e9sz Ny\u00e1r\u00e1dment\u00e9n t\u00fal sok a kerti gy\u00fcm\u00f6lcs ahhoz, hogy szer\u00e9ny vadrokonaik is el\u0151t\u00e9rbe ker\u00fcljenek. A cs\u00edki szemnek azonban k\u00edn\u00e1lj\u00e1k a l\u00e1tv\u00e1nyt. [&hellip;]<\/p>\n","protected":false},"author":3,"featured_media":0,"comment_status":"open","ping_status":"open","sticky":false,"template":"","format":"standard","meta":{"_monsterinsights_skip_tracking":false,"_monsterinsights_sitenote_active":false,"_monsterinsights_sitenote_note":"","_monsterinsights_sitenote_category":0,"ngg_post_thumbnail":0,"footnotes":""},"categories":[5],"tags":[],"class_list":["post-103146","post","type-post","status-publish","format-standard","hentry","category-foto"],"_links":{"self":[{"href":"https:\/\/ujkafe.website\/index.php?rest_route=\/wp\/v2\/posts\/103146","targetHints":{"allow":["GET"]}}],"collection":[{"href":"https:\/\/ujkafe.website\/index.php?rest_route=\/wp\/v2\/posts"}],"about":[{"href":"https:\/\/ujkafe.website\/index.php?rest_route=\/wp\/v2\/types\/post"}],"author":[{"embeddable":true,"href":"https:\/\/ujkafe.website\/index.php?rest_route=\/wp\/v2\/users\/3"}],"replies":[{"embeddable":true,"href":"https:\/\/ujkafe.website\/index.php?rest_route=%2Fwp%2Fv2%2Fcomments&post=103146"}],"version-history":[{"count":0,"href":"https:\/\/ujkafe.website\/index.php?rest_route=\/wp\/v2\/posts\/103146\/revisions"}],"wp:attachment":[{"href":"https:\/\/ujkafe.website\/index.php?rest_route=%2Fwp%2Fv2%2Fmedia&parent=103146"}],"wp:term":[{"taxonomy":"category","embeddable":true,"href":"https:\/\/ujkafe.website\/index.php?rest_route=%2Fwp%2Fv2%2Fcategories&post=103146"},{"taxonomy":"post_tag","embeddable":true,"href":"https:\/\/ujkafe.website\/index.php?rest_route=%2Fwp%2Fv2%2Ftags&post=103146"}],"curies":[{"name":"wp","href":"https:\/\/api.w.org\/{rel}","templated":true}]}}