
{"id":103151,"date":"2022-09-30T02:59:08","date_gmt":"2022-09-30T02:59:08","guid":{"rendered":"https:\/\/ujkafe.website\/?p=103151"},"modified":"2022-09-29T19:21:26","modified_gmt":"2022-09-29T19:21:26","slug":"boloni-domokos-bongeszoje-602","status":"publish","type":"post","link":"https:\/\/ujkafe.website\/?p=103151","title":{"rendered":"B\u00f6l\u00f6ni Domokos b\u00f6ng\u00e9sz\u0151je"},"content":{"rendered":"\r\n<p><em><strong>SOSE ADJ K\u00d6LCS\u00d6N<\/strong><\/em><br><br>A Nemzeti k\u00e9t kedves tagja, Faludi T\u00f3ni \u00e9s R\u00f3zsahegyi K\u00e1lm\u00e1n r\u00e9gi ugrat\u00f3i egym\u00e1snak, folyton \u00faj \u00e9s \u00faj ugrat\u00e1si \u00f6tleteken t\u00f6rik a fej\u00fcket. Legut\u00f3bb Faludi azt tal\u00e1lta ki, hogy borzaszt\u00f3 tragikus arccal \u00edgy sz\u00f3lt R\u00f3zsahegyihez: <br>\u2014 K\u00e1lm\u00e1nk\u00e1m, r\u00e9mesen meg vagyok szorulva, adj k\u00f6lcs\u00f6n h\u00fasz forintot. R\u00f3zsahegyi m\u00e1r m\u00e1r a zseb\u00e9be ny\u00falt. A (sz\u00edni)iskola j\u00f3l fizet, csupa el\u0151kel\u0151, p\u00e9nzvil\u00e1gbeli \u00e9s m\u00e1gn\u00e1s tan\u00edtv\u00e1nya van, \u00e9s nagy\u00fari est\u00e9lyek rendez\u00e9s\u00e9re k\u00e9rt\u00e9k fel. Sz\u00f3val volt p\u00e9nze, \u00e9s m\u00e1r ny\u00falt a zseb\u00e9be, de ekkor hirtelen \u00e9szrevette Faludi arc\u00e1n egy mosolyfut\u00f3 villan\u00e1s\u00e1t. \u201eEz csak heccb\u0151l k\u00e9r\u201d \u2014 gondolta mag\u00e1ban. De az\u00e9rt m\u00e9gis adott. Ekkor Faludi diadalmas arccal sz\u00f3lt: <br>\u2014 Most adok egy j\u00f3 tan\u00e1csot. Sohase adj k\u00f6lcs\u00f6n, mert a legjobb esetben is csak a p\u00e9nzedet adj\u00e1k vissza.<br><br><em>Sz\u00ednh\u00e1zi \u00c9let, 1911\/29<\/em><\/p>\r\n","protected":false},"excerpt":{"rendered":"<p>SOSE ADJ K\u00d6LCS\u00d6N A Nemzeti k\u00e9t kedves tagja, Faludi T\u00f3ni \u00e9s R\u00f3zsahegyi K\u00e1lm\u00e1n r\u00e9gi ugrat\u00f3i egym\u00e1snak, folyton \u00faj \u00e9s \u00faj ugrat\u00e1si \u00f6tleteken t\u00f6rik a fej\u00fcket. Legut\u00f3bb Faludi azt tal\u00e1lta ki, hogy borzaszt\u00f3 tragikus arccal \u00edgy sz\u00f3lt R\u00f3zsahegyihez: \u2014 K\u00e1lm\u00e1nk\u00e1m, r\u00e9mesen meg vagyok szorulva, adj k\u00f6lcs\u00f6n h\u00fasz forintot. R\u00f3zsahegyi m\u00e1r m\u00e1r a zseb\u00e9be ny\u00falt. A (sz\u00edni)iskola [&hellip;]<\/p>\n","protected":false},"author":3,"featured_media":0,"comment_status":"open","ping_status":"open","sticky":false,"template":"","format":"standard","meta":{"_monsterinsights_skip_tracking":false,"_monsterinsights_sitenote_active":false,"_monsterinsights_sitenote_note":"","_monsterinsights_sitenote_category":0,"ngg_post_thumbnail":0,"footnotes":""},"categories":[16],"tags":[],"class_list":["post-103151","post","type-post","status-publish","format-standard","hentry","category-bongeszde"],"_links":{"self":[{"href":"https:\/\/ujkafe.website\/index.php?rest_route=\/wp\/v2\/posts\/103151","targetHints":{"allow":["GET"]}}],"collection":[{"href":"https:\/\/ujkafe.website\/index.php?rest_route=\/wp\/v2\/posts"}],"about":[{"href":"https:\/\/ujkafe.website\/index.php?rest_route=\/wp\/v2\/types\/post"}],"author":[{"embeddable":true,"href":"https:\/\/ujkafe.website\/index.php?rest_route=\/wp\/v2\/users\/3"}],"replies":[{"embeddable":true,"href":"https:\/\/ujkafe.website\/index.php?rest_route=%2Fwp%2Fv2%2Fcomments&post=103151"}],"version-history":[{"count":0,"href":"https:\/\/ujkafe.website\/index.php?rest_route=\/wp\/v2\/posts\/103151\/revisions"}],"wp:attachment":[{"href":"https:\/\/ujkafe.website\/index.php?rest_route=%2Fwp%2Fv2%2Fmedia&parent=103151"}],"wp:term":[{"taxonomy":"category","embeddable":true,"href":"https:\/\/ujkafe.website\/index.php?rest_route=%2Fwp%2Fv2%2Fcategories&post=103151"},{"taxonomy":"post_tag","embeddable":true,"href":"https:\/\/ujkafe.website\/index.php?rest_route=%2Fwp%2Fv2%2Ftags&post=103151"}],"curies":[{"name":"wp","href":"https:\/\/api.w.org\/{rel}","templated":true}]}}