
{"id":103153,"date":"2022-09-30T02:57:56","date_gmt":"2022-09-30T02:57:56","guid":{"rendered":"https:\/\/ujkafe.website\/?p=103153"},"modified":"2022-09-29T19:13:36","modified_gmt":"2022-09-29T19:13:36","slug":"ha-valaki-arra-jarna","status":"publish","type":"post","link":"https:\/\/ujkafe.website\/?p=103153","title":{"rendered":"Ha valaki arra j\u00e1rna&#8230;"},"content":{"rendered":"\r\n<p>P\u00e9nteken, szeptember 30-\u00e1n \u00f6r\u00f6mmel veszek r\u00e9szt m\u0171ford\u00edt\u00f3k\u00e9nt k\u00e9t, v\u00e1rhat\u00f3an igen \u00e9rdekes besz\u00e9lget\u00e9sen, az idei Budapesti Nemzetk\u00f6zi K\u00f6nyvfesztiv\u00e1lon. <br>K\u00f6sz\u00f6n\u00f6m a megh\u00edv\u00e1st a budapesti Rom\u00e1n Kultur\u00e1lis Int\u00e9zetnek!<br><br>15:00\u201316:00: K\u00f6nyvbemutat\u00f3<br>Gheorghe Cr\u0103ciun, Ioan Gro\u0219an, Mircea Nedelciu: Rom\u00e1n triptichon (Lector Kiad\u00f3, 2021).<br><br>R\u00e9sztvev\u0151k: L\u00f6v\u00e9tei L\u00e1z\u00e1r L\u00e1szl\u00f3 (a k\u00f6tet ford\u00edt\u00f3ja) \u00e9s G\u00e1lfalvi \u00c1gnes kiad\u00f3<br>Moder\u00e1tor: Szonda Szabolcs<br><br>18:00\u201319:00: Kerekasztal-besz\u00e9lget\u00e9s<br><br>A rom\u00e1n irodalom magyar nyelv\u0171 ford\u00edt\u00e1s\u00e1nak \u00e9s publik\u00e1l\u00e1s\u00e1nak lehet\u0151s\u00e9gei \u00e9s neh\u00e9zs\u00e9gei<br>R\u00e9sztvev\u0151k: Koszta Gabriella, Szonda Szabolcs, Ciprian M\u0103ce\u0219aru \u00e9s Ion Mure\u0219an<br>Moder\u00e1tor: Dem\u00e9ny P\u00e9ter.<br>Aki ott lesz vagy \u00e9pp arra j\u00e1r, \u00e9s k\u00edv\u00e1ncsi r\u00e1nk,, szeretettel v\u00e1rjuk!<\/p>\r\n<p><em>Forr\u00e1s: Szonda Szabolcs FB-oldala<\/em><\/p>\r\n","protected":false},"excerpt":{"rendered":"<p>P\u00e9nteken, szeptember 30-\u00e1n \u00f6r\u00f6mmel veszek r\u00e9szt m\u0171ford\u00edt\u00f3k\u00e9nt k\u00e9t, v\u00e1rhat\u00f3an igen \u00e9rdekes besz\u00e9lget\u00e9sen, az idei Budapesti Nemzetk\u00f6zi K\u00f6nyvfesztiv\u00e1lon. K\u00f6sz\u00f6n\u00f6m a megh\u00edv\u00e1st a budapesti Rom\u00e1n Kultur\u00e1lis Int\u00e9zetnek! 15:00\u201316:00: K\u00f6nyvbemutat\u00f3Gheorghe Cr\u0103ciun, Ioan Gro\u0219an, Mircea Nedelciu: Rom\u00e1n triptichon (Lector Kiad\u00f3, 2021). R\u00e9sztvev\u0151k: L\u00f6v\u00e9tei L\u00e1z\u00e1r L\u00e1szl\u00f3 (a k\u00f6tet ford\u00edt\u00f3ja) \u00e9s G\u00e1lfalvi \u00c1gnes kiad\u00f3Moder\u00e1tor: Szonda Szabolcs 18:00\u201319:00: Kerekasztal-besz\u00e9lget\u00e9s A rom\u00e1n irodalom [&hellip;]<\/p>\n","protected":false},"author":3,"featured_media":0,"comment_status":"open","ping_status":"open","sticky":false,"template":"","format":"standard","meta":{"_monsterinsights_skip_tracking":false,"_monsterinsights_sitenote_active":false,"_monsterinsights_sitenote_note":"","_monsterinsights_sitenote_category":0,"ngg_post_thumbnail":0,"footnotes":""},"categories":[8],"tags":[],"class_list":["post-103153","post","type-post","status-publish","format-standard","hentry","category-hir"],"_links":{"self":[{"href":"https:\/\/ujkafe.website\/index.php?rest_route=\/wp\/v2\/posts\/103153","targetHints":{"allow":["GET"]}}],"collection":[{"href":"https:\/\/ujkafe.website\/index.php?rest_route=\/wp\/v2\/posts"}],"about":[{"href":"https:\/\/ujkafe.website\/index.php?rest_route=\/wp\/v2\/types\/post"}],"author":[{"embeddable":true,"href":"https:\/\/ujkafe.website\/index.php?rest_route=\/wp\/v2\/users\/3"}],"replies":[{"embeddable":true,"href":"https:\/\/ujkafe.website\/index.php?rest_route=%2Fwp%2Fv2%2Fcomments&post=103153"}],"version-history":[{"count":0,"href":"https:\/\/ujkafe.website\/index.php?rest_route=\/wp\/v2\/posts\/103153\/revisions"}],"wp:attachment":[{"href":"https:\/\/ujkafe.website\/index.php?rest_route=%2Fwp%2Fv2%2Fmedia&parent=103153"}],"wp:term":[{"taxonomy":"category","embeddable":true,"href":"https:\/\/ujkafe.website\/index.php?rest_route=%2Fwp%2Fv2%2Fcategories&post=103153"},{"taxonomy":"post_tag","embeddable":true,"href":"https:\/\/ujkafe.website\/index.php?rest_route=%2Fwp%2Fv2%2Ftags&post=103153"}],"curies":[{"name":"wp","href":"https:\/\/api.w.org\/{rel}","templated":true}]}}