
{"id":103327,"date":"2022-10-10T02:58:36","date_gmt":"2022-10-10T02:58:36","guid":{"rendered":"https:\/\/ujkafe.website\/?p=103327"},"modified":"2022-10-09T18:39:29","modified_gmt":"2022-10-09T18:39:29","slug":"boloni-domokos-szelrozsa-a-toronyban","status":"publish","type":"post","link":"https:\/\/ujkafe.website\/?p=103327","title":{"rendered":"B\u00f6l\u00f6ni Domokos: Sz\u00e9lr\u00f3zsa a toronyban"},"content":{"rendered":"\r\n<p><em><strong>Priv\u00e1t hangulatok<\/strong><\/em><\/p>\r\n<p><br>Dennd\u00f6rfer vagy Belleschd\u00f6rfer egy febru\u00e1r v\u00e9gi h\u00e9tf\u0151n jelenik meg Sch.-ben, reggel kor\u00e1n. M\u00e1r takar\u00edtj\u00e1k a havat, seperik a j\u00e1rd\u00e1t, mocorognak a szemetesek, ja, ja, gondolja D. vagy B., kicsiny a v\u00e1ros, kicsinyke a v\u00e1roska, telik neki szemetesre, j\u00e9gt\u00f6r\u0151re, egyik cs\u00e1k\u00e1nyol, m\u00e1sik a lap\u00e1tot p\u00e1sztorolja, h\u00e1rman szivarozva tartj\u00e1k sz\u00f3val, hogy ne unja mag\u00e1t. Dennd\u00f6rfer vagy Belleschd\u00f6rfer f\u00fclel, hinnye, de sokat fejl\u0151d\u00f6tt a nyelv, pedig a maga idej\u00e9ben tudott rom\u00e1ul is, rom\u00e1nul: ma is \u2013 j\u00e1rja h\u00e1t az utc\u00e1kat nagy sebbel-lobbal, mintha ott a j\u00e1r\u00e1st \u0151 tudn\u00e1 legjobban (t\u00e9nyleg, kicsit t\u00e1n eml\u00e9keztet Bud\u00e1ra, t\u0171n\u0151dik, hisz Dennd\u00f6rfer vagy Belleschd\u00f6rfer anno a Toldi peckes j\u00e1rk\u00e1l\u00e1s\u00e1t is rekonstru\u00e1lta amottan) \u2013 itt viszont bika sem rugaszkodik, k\u00f6t\u00e9l sem szakad.<!--more--> <br><br>D. vagy B. a Hermann Oberth t\u00e9ren \u00e1csorog kicsid\u00e9g, figyeli egy kiskocsi k\u00ednl\u00f3d\u00e1s\u00e1t, amint valahogy m\u00e9gis elevick\u00e9l a T\u00f6rv\u00e9nysz\u00e9k fel\u00e9. Azt\u00e1n ism\u00e9t f\u00fclel: hall-e sz\u00e1sz besz\u00e9det. Hiszen annak is annyi a t\u00e1jvari\u00e1nsa, hogy pl. a holdvil\u00e1gi sz\u00e1szok nem \u00e9rtik, nem \u00e9rthetik, mondjuk, a cikm\u00e1ntoriak, n\u00e1dasiak besz\u00e9d\u00e9t, honnan-sz\u00e1rmaz\u00e1si okb\u00f3l; csak a Schul\u00e9ban meg a Kirch\u00e9ben hallott n\u00e9met seg\u00edt valamennyire a t\u00e1rsalkod\u00e1sban. Dennd\u00f6rfer vagy Belleschd\u00f6rfer azonban nem sz\u00e1sz, hanem valami d\u00e9ln\u00e9met besz\u00e9det sejd\u00edt, melyre enyh\u00e9n sem vev\u0151. Protekci\u00f3s deleg\u00e1ci\u00f3: b\u00e1mulj\u00e1k a tornyot, a m\u00e9g mindig gy\u00f6ny\u00f6r\u0171 v\u00e1rosh\u00e1z\u00e1t, s f\u00f6l\u00f6tt\u00fck a magasztos Haltrich Schul\u00e9t. \u00d6sszen\u00e9znek, b\u00f3logatnak. <br><br>Mereng cs\u00f6ppecsk\u00e9t, azt\u00e1n csak \u00fagy, minden c\u00e9l n\u00e9lk\u00fcl indul fel egy utc\u00e1n, melynek hopp\u00e1, Horia Teculescu a neve, meneget magasra sz\u00e9pecsk\u00e9n, valami r\u00e9gebbi eml\u00e9k is felr\u00e9mlik. K\u00e9t, dehogy: h\u00e1rom egyform\u00e1n ismer\u0151s polg\u00e1rh\u00e1zat l\u00e1t meg hirtelen, egyik f\u00fcgg\u00f6ny m\u00f6g\u00fcl kivillan egy csipk\u00e9s f\u0151k\u00f6t\u0151&#8230; De azt\u00e1n semmi \u2013 kuty\u00e1k bagzanak a telkek k\u00f6zti gaz vackaiban, od\u00e9bb \u00e9ppen hozz\u00e1k a tejet az \u00e1llami szektor privatiz\u00e1ltjai, egy kapu el\u0151tt az \u00e1ll a gy\u0171r\u00f6tt c\u00e9gt\u00e1bl\u00e1n, hogy Regina beer srl \u2013, szinte ki\u00e9r a sz\u0171k, agyagos v\u00f6lgyb\u0151l, meg sem fordul, s m\u00e1r azt l\u00e1thatja az a p\u00e1r nyugd\u00edjas, aki ott meresztgeti a szeme \u00fcveg\u00e9t, hogy h\u00e1ttal ereg\u00e9l, m\u00e9g ben\u00e9z ide meg amoda, s ojj\u00e9, most veszi figyelembe: a kirakatok telve v\u00e1laszt\u00e1si plak\u00e1tokkal, egy kem\u00e9ny bajusz\u00fa f\u00e9rfit hirdetnek, aki azt \u00edg\u00e9ri, hogy amint eddigel\u00e9, csak \u00fagy ezut\u00e1n is&#8230; Sz\u00e1mos kirakatban l\u00e1t eff\u00e9l\u00e9t Dennd\u00f6rfer vagy Belleschd\u00f6rfer, mik\u00f6zben r\u00e9gi korokat id\u00e9z\u0151 munkam\u00e1ni\u00e1s \u00f6regek \u00e9s gumicsizm\u00e1s alkalmazottak \u00e9rthetetlen dolgokat sutyur\u00e1lnak a sepr\u0171ny\u00e9l mellett, \u00e9ppen-pihen\u0151ben: \u201eF\u00e9sz\u00e9n\u00e9s volt s most p\u00e9n\u00e9l\u00e9s lett!&#8230;\u201d D. vagy B. csak bambul; az \u0151 dimenzi\u00f3j\u00e1ban jelent\u00e9s n\u00e9lk\u00fcli e halmaz. Tapasztal lekapart plak\u00e1tokat is, egyiken m\u00e9gis valahogy ott maradt: \u201eJos cu mafia din fabrici\u201d \u2013 ez is rejt\u00e9ly, \u00e9s az is, ami egykori kedvenc s\u00f6rh\u00e1za bels\u0151 ter\u00e9ben fogadja egy kormos feliraton: \u201eMagazinele de la etaj s-au desfin\u0163at\u201d. Valaki tr\u00e9f\u00e1b\u00f3l hozz\u00e1ping\u00e1lt m\u00e9g egy i-t, ekk\u00e9nt bizony\u00e1ra helyesebb. A b\u00f6grecs\u00e1rd\u00e1ban, ahov\u00e1 sz\u00fcks\u00e9g\u00e9t v\u00e9gezni k\u00e9nyszeredik (ugyanis a v\u00e1roska egyetlen k\u00f6zv\u00e9c\u00e9je, enyh\u00e9n sz\u00f3lva, zaklatott \u00e1llapotban leledz\u2019), fiatal schm\u00e4cker csalja a s\u00f6rt \u2013 nemesebb italt, bort csak eg\u00e9sz palackkal hajland\u00f3, s\u0151t koszos nejlonpoh\u00e1rral undor\u00edtja. <br><br>Dennf\u00f6rfer vagy Belleschd\u00f6rfer mell\u0151zi a civiliz\u00e1ci\u00f3t, megh\u00fazn\u00e1 az \u00fcveget, de m\u00e1r az els\u0151 kortyn\u00e1l beler\u00e1zk\u00f3dik. Szerencs\u00e9re nem botr\u00e1ny k\u00f6pni.<br><br>Hogy minden milyen term\u00e9szetes.<br><br>Nyugd\u00edjasok m\u00f3rik\u00e1lnak b\u0171nrossz p\u00e1link\u00e1juk mellett \u2013 egyik\u0151j\u00fck kifejti, hogy tovafel\u00e9 a nyugd\u00edjat nem \u00fagy adj\u00e1k, n\u00e9vsor szerint, hanem kapsz egy lyukk\u00e1rty\u00e1t, und&#8230; nun ja, mikor m\u00e9sz, csak beduvasztod, s m\u00e1ris j\u00f6n a filgeld. <br><br>Dennd\u00f6rfer vagy Belleschd\u00f6rfer \u00e9szrevesz egy echte denndorfit vagy belleschdorfit is, faggatn\u00e1, mi a helyzet. Perelj\u00fck a f\u00f6ld\u00fcnket, mondja amaz, n\u00e9v szerint Lauren\u0163iu b\u00e1csi. \u00d6ssze van keverve minden, ezt m\u00e1r a Weltb\u00fcrgermeister sem bogozn\u00e1 ki. B\u00e1natos az atyafi, a f\u00f6ldet neki \u00edt\u00e9lt\u00e9k, de h\u00e1t december \u00f3ta nem jutott ideje a b\u00edr\u00f3s\u00e1gnak kik\u00e9zbes\u00edteni a v\u00e9gz\u00e9st. Jobb a b\u00e1r\u00f3s\u00e1g, mint a b\u00edr\u00f3s\u00e1g, id\u00e9zi halk bels\u0151 kuncog\u00e1ssal a b\u00f6lcs Johann Sprizzert D. vagy B. <br><br>Aznap nem is t\u00f6rt\u00e9nik semmi l\u00e9nyeges Sch\u00e4ssburgban. A n\u00e9p teszi a dolg\u00e1t. M\u00e9g havaz itt-ott\u2026 Dennd\u00f6rfer vagy Belleschd\u00f6rfer a Deutsche Demokratische Forum irod\u00e1j\u00e1t is z\u00e1rva tal\u00e1lja. Valakik m\u00e9regetik ugyan k\u00edv\u00e1ncsian, de h\u00e1t lej\u00e1rt a kartonra r\u00f3tt vizit\u00e1ci\u00f3s id\u0151. Ingy\u00e9rt nix inf\u00f3.<br><br>Dennd\u00f6rfert vagy Belleschd\u00f6rfert m\u00e9g megk\u00e9rdezi k\u00e9t vulk\u00e1nf\u00edber dzsekis muks\u00f3 a bunk\u00f3cziak szakszervezet\u00e9t\u0151l: kicsoda, s mit ad (el) \u2013 mire a c\u00e9lszem\u00e9ly rezign\u00e1ltan csak ennyit v\u00e1laszol (nem \u00e1llhatja meg): \u201eValamikor \u00e9n voltam ennek a v\u00e1rosnak a kulcsembere\u201d. <br><br>A fick\u00f3k f\u00e9lreagyintj\u00e1k, ugyanis a kulcs az a demokratikus konvenci\u00f3 jele. A tetov\u00e1lt k\u00e9p\u0171 r\u00f6gvest karon ragadja, s viszi h\u00e1tra, le, az \u00f6rd\u00f6gb\u00e1rba. \u2013 Most egy kicsit fogunk mi ketten drakul\u00e1zni \u2013 f\u0171zi kedves fenyeget\u00e9ssel. <br><br>Dennd\u00f6rfer vagy Belleschd\u00f6rfer azonban udvariatlan tolakod\u00e1snak v\u00e9li. A b\u0151rdzsekisek k\u00e9t v\u00e1lt\u00e1sban okl\u00e1ndolj\u00e1k a budikagyl\u00f3t; ma sem \u00e9rtik, t\u00e9len a vill\u00e1mcsap\u00e1s? <br><br>A b\u00e1r\u00f3 vagy b\u00edr\u00f3 pedig, aki \u00e1ll\u00edt\u00f3lag ura lehetett a v\u00e1rosnak, sz\u00e9p csendesen ballagd\u00e1l fel az \u00f3ratorony l\u00e9pcsein, a n\u00e9h\u00e1ny (rendk\u00edv\u00fcli enged\u00e9llyel \u201ebeengedett\u201c turist\u00e1t megel\u0151zve \u2013 ja, hogy h\u00e9tf\u0151n nincs l\u00e1togat\u00e1s?), azt\u00e1n az \u00f3raszerkezetre sand\u00edtva kil\u00e9p a torony torn\u00e1c\u00e1ra, ahol \u00edrva vagyon, micsod\u00e1s t\u00e1vra kilom\u00e9terezhet\u0151k Eur\u00f3pa legcsod\u00e1sabb v\u00e1rosai. <br><br>Dennd\u00f6rfer vagy Belleschd\u00f6rfer nagyot s\u00f3hajt legott, \u00e1m igaz\u00edt egy hajsz\u00e1lnyit a m\u00e1nuson.<br><br>Egyszerre megvil\u00e1glik az \u00e9den, odalent \u00f6r\u00f6k\u00f6s napf\u00e9nyben f\u00fcrdeti az \u00e9g a patin\u00e1s v\u00e1rost \u2013 m\u00e1jusi z\u00e1por utols\u00f3 p\u00e1szm\u00e1i mosdatj\u00e1k a t\u00e1jat; veri az \u00f6rd\u00f6g a feles\u00e9g\u00e9t. <br><br>Dennd\u00f6rfer vagy Belleschd\u00f6rfer megr\u00e1zza mag\u00e1t, \u00e9s a t\u00fcnd\u00f6kl\u00e9sbe kapaszkodva Windrose-sz\u00e9lr\u00f3zs\u00e1v\u00e1 v\u00e1lik.<br><br>F\u00e9nyk\u00e9pezik gyakran, de nincs ott.<br><br>Sose l\u00e1ssa \u00fajra senki. <br><br><em>Forr\u00e1s: N\u00e9p\u00fajs\u00e1g, M\u00fazsa mell\u00e9klet, 2022. okt\u00f3ber 8.<\/em><\/p>\r\n","protected":false},"excerpt":{"rendered":"<p>Priv\u00e1t hangulatok Dennd\u00f6rfer vagy Belleschd\u00f6rfer egy febru\u00e1r v\u00e9gi h\u00e9tf\u0151n jelenik meg Sch.-ben, reggel kor\u00e1n. M\u00e1r takar\u00edtj\u00e1k a havat, seperik a j\u00e1rd\u00e1t, mocorognak a szemetesek, ja, ja, gondolja D. vagy B., kicsiny a v\u00e1ros, kicsinyke a v\u00e1roska, telik neki szemetesre, j\u00e9gt\u00f6r\u0151re, egyik cs\u00e1k\u00e1nyol, m\u00e1sik a lap\u00e1tot p\u00e1sztorolja, h\u00e1rman szivarozva tartj\u00e1k sz\u00f3val, hogy ne unja mag\u00e1t. Dennd\u00f6rfer [&hellip;]<\/p>\n","protected":false},"author":3,"featured_media":0,"comment_status":"open","ping_status":"open","sticky":false,"template":"","format":"standard","meta":{"_monsterinsights_skip_tracking":false,"_monsterinsights_sitenote_active":false,"_monsterinsights_sitenote_note":"","_monsterinsights_sitenote_category":0,"ngg_post_thumbnail":0,"footnotes":""},"categories":[23],"tags":[],"class_list":["post-103327","post","type-post","status-publish","format-standard","hentry","category-rovidproza"],"_links":{"self":[{"href":"https:\/\/ujkafe.website\/index.php?rest_route=\/wp\/v2\/posts\/103327","targetHints":{"allow":["GET"]}}],"collection":[{"href":"https:\/\/ujkafe.website\/index.php?rest_route=\/wp\/v2\/posts"}],"about":[{"href":"https:\/\/ujkafe.website\/index.php?rest_route=\/wp\/v2\/types\/post"}],"author":[{"embeddable":true,"href":"https:\/\/ujkafe.website\/index.php?rest_route=\/wp\/v2\/users\/3"}],"replies":[{"embeddable":true,"href":"https:\/\/ujkafe.website\/index.php?rest_route=%2Fwp%2Fv2%2Fcomments&post=103327"}],"version-history":[{"count":0,"href":"https:\/\/ujkafe.website\/index.php?rest_route=\/wp\/v2\/posts\/103327\/revisions"}],"wp:attachment":[{"href":"https:\/\/ujkafe.website\/index.php?rest_route=%2Fwp%2Fv2%2Fmedia&parent=103327"}],"wp:term":[{"taxonomy":"category","embeddable":true,"href":"https:\/\/ujkafe.website\/index.php?rest_route=%2Fwp%2Fv2%2Fcategories&post=103327"},{"taxonomy":"post_tag","embeddable":true,"href":"https:\/\/ujkafe.website\/index.php?rest_route=%2Fwp%2Fv2%2Ftags&post=103327"}],"curies":[{"name":"wp","href":"https:\/\/api.w.org\/{rel}","templated":true}]}}