
{"id":103423,"date":"2022-10-16T03:00:38","date_gmt":"2022-10-16T03:00:38","guid":{"rendered":"https:\/\/ujkafe.website\/?p=103423"},"modified":"2022-10-15T15:53:29","modified_gmt":"2022-10-15T15:53:29","slug":"petrozsenyi-nagy-pal-viktor-es-viktoria-5-kisregeny","status":"publish","type":"post","link":"https:\/\/ujkafe.website\/?p=103423","title":{"rendered":"Petrozs\u00e9nyi Nagy P\u00e1l: VIKTOR \u00c9S VIKT\u00d3RIA \/5\/ kisreg\u00e9ny"},"content":{"rendered":"\r\n<p>Az apa sz\u00f3tlanul hallgatta, csak akkor futotta el a pulykam\u00e9reg, amikor a fi\u00fa a kamer\u00e1kr\u00f3l is besz\u00e1molt.<br>\u2013 \u00d3, te okos toj\u00e1s, most azt\u00e1n nyakig benne vagyunk mi is a cs\u00e1v\u00e1ban.<br>\u2013 Mi? \u00c9n? De hiszen meg sem mukkantam, csak ott \u00e1lltam, \u00e9s\u2026<br>\u2013 Lefilmeztetted magadat. Tudod te, mit csin\u00e1lnak a szekusok az ilyen h\u00fcly\u00e9kkel? Elkapj\u00e1k a frakkj\u00e1t, \u00e9s onnant\u00f3l isten irgalmazzon a k\u00f6rmeinek, h\u00e1t\u00e1nak\u2026 Kiv\u00e9ve, ha v\u00e1llalja, hogy rendszeres jelent\u00e9seket \u00edrogat err\u0151l vagy arr\u00f3l a szem\u00e9lyr\u0151l, legyen az ak\u00e1r a saj\u00e1t apja is.<br>A fiatalember les\u00fajtva harapott az ajk\u00e1ba.<br>\u2013 Most m\u00e1r csak egy dologban b\u00edzhatunk: ha egyetlen felv\u00e9telen sem szerepelsz. Addig is aj\u00e1nlom, nem, k\u00f6vetelem: tartsd magad t\u00e1vol mindenf\u00e9le t\u00f6megt\u0151l. Legjobb, ha egy ideig ki sem mozdultok itthonr\u00f3l.<br>\u2013 Ilyen vesz\u00e9lyes? \u2013 s\u00e1p\u00edtozott Vikt\u00f3ria. \u2013 Tal\u00e1n m\u00e9g az sem kacsa, miszerint Moldva f\u0151v\u00e1ros\u00e1t Ceau\u015fescu-ellenes r\u00f6pc\u00e9dul\u00e1kkal bomb\u00e1zz\u00e1k.<!--more--><br>\u2013 Ia\u015fit, Zsil-v\u00f6lgy\u00e9t stb. De err\u0151l egy sz\u00f3t sem senkinek. Ez\u00e9rt is szerettem volna elt\u0171nni valahol k\u00fclf\u00f6ld\u00f6n. Hi\u00fa \u00e1lom: nemhogy k\u00fclf\u00f6ldre, de szabira sem engednek.<br>\u2013 H\u00e1t ez irt\u00f3 j\u00f3! \u00c9s te egy ilyen rezsimnek nyalod, bocs, t\u00f6r\u00f6lgeted a bocskor\u00e1t?<br>\u2013 Na, ide figyelj, te forradalm\u00e1r! \u2013 \u00fct\u00f6tt az asztalra mag\u00e1n k\u00edv\u00fcl a csal\u00e1df\u0151. \u2013 Mondd meg nekem h\u00e1ny szob\u00e1nk van?<br>\u2013 N\u00e9gy.<br>\u2013 \u00c9hezel? Ruh\u00e1d, p\u00e9nzed van, noha m\u00e9g csak nem is dolgozol?<br>\u2013 Da, da. Igaz, hogy m\u00e1r sz\u00e1zszor k\u00e9rdezted, de csak folytasd nyugodtan.<br>\u2013 Ok\u00e9, nem folytatom, csup\u00e1n annyit k\u00e9rdezn\u00e9k, mindezt biztos\u00edthattam volna-e neked \u00e9s a h\u00fagodnak, ha nem nyalom a f\u0151n\u00f6keim talp\u00e1t naponk\u00e9nt?<br>\u2013 Ki k\u00e9rt r\u00e1? \u00c9n nem, \u00e9s Vicus sem, ha cser\u00e9be eladod a lelked a dracunak.\/az \u00f6rd\u00f6gnek (rom\u00e1n)\/<br>\u2013 K\u00f6sz\u00f6n\u00f6m a meg\u00e9rt\u00e9st \u2013 h\u00fazott ki a b\u00e1rszekr\u00e9nyb\u0151l egy \u00fcveg sk\u00f3t whiskyt. \u2013 Milyen j\u00f3, hogy legal\u00e1bb a gyerekeink meg\u00e9rtenek benn\u00fcnket.<br>\u2013 Apa, k\u00e9rlek, ne igy\u00e1l! \u2013 k\u00e9rlelte Vicuska. \u2013 Mi lesz, ha v\u00e9letlen\u00fcl cseng a telefon, \u00e9s megint beh\u00edvnak?<br>\u2013 Mit t\u00f6r\u0151dsz te vele, ez hadd legyen az \u00e9n gondom! \u2013 kortyolt a sz\u00e1zados az \u00fcvegbe. \u2013 Te persze sose tenn\u00e9l ilyesmit. Ink\u00e1bb odav\u00e1gn\u00e1l, nem nyaln\u00e1l. Eltal\u00e1ltam?<br>\u2013 El.<br>\u2013 H\u00e1t akkor v\u00e1gj! L\u00e1ssuk, mennyivel van t\u00f6bb v\u00e9r a te puc\u00e1dban. V\u00e1gj, de ide, ide! \u2013 ny\u00fajtotta arc\u00e1t a fia fel\u00e9. \u2013 Na, mi lesz? K\u00e9pzeld el, hogy \u00e9n vagyok a Haza Megment\u0151je, a K\u00e1rp\u00e1tok G\u00e9niusza!<br>\u2013 \u00cdzl\u00e9stelen vagy.<br>\u2013 M\u00e9g ez is? J\u00f3l van, fiam, vettem az ad\u00e1st. Gratul\u00e1lhatsz magadnak \u2013 z\u00f6ttyent egy fotelbe, \u00e9s azont\u00fal \u00fcgyet sem vetett re\u00e1juk.<br>\u2013 S\u00e9t\u00e1lok egyet a v\u00e1rosban \u2013 \u00e1llt este Viktor a t\u00fck\u00f6r el\u00e9, \u00e9s feket\u00e9re festett k\u00f3cot ragasztott az orra al\u00e1. \u2013 Na, hogy festek? \u2013 cs\u00fasztatott egy s\u00f6t\u00e9t szem\u00fcveget is a szem\u00e9re.<br>\u2013 K\u00e9rlek, ne j\u00e1tssz a t\u0171zzel, mert meg\u00e9geted magadat! Hagyd a fen\u00e9be azt a papocsk\u00e1t. Ez vall\u00e1s\u00fcgy. Mi\u00f3ta vagy te ilyen vall\u00e1sos?<br>\u2013 T\u00e9vedsz. M\u00e1r r\u00e9ges-r\u00e9g nem az, meg k\u00edv\u00e1ncsi is vagyok, ugyeb\u00e1r, v\u00e9g\u00fcl is kilakoltatt\u00e1k T\u0151k\u00e9st a paplakb\u00f3l?<br>\u2013 \u00c9n is, de eml\u00e9kezz vissza, mit \u00edg\u00e9rt\u00fcnk ap\u00e1nak: m\u00e9g csak passz\u00edv n\u00e9z\u0151k\u00e9nt sem csatlakozunk semmif\u00e9le t\u00f6meghez.<br>\u2013 Szeretn\u00e9 \u0151, de mikor \u00edg\u00e9rtem neki b\u00e1rmikor is ilyesmit?<br>A templom el\u0151tt nemhogy fogyott volna, de m\u00e9g gyarapodott is a sokas\u00e1g. Rend\u0151r sehol, szekus ann\u00e1l ink\u00e1bb, civil ruh\u00e1ban, nehogy felismerj\u00e9k \u0151ket a t\u00fcntet\u0151k.<br>\u2013 Mi \u00fajs\u00e1g? \u2013 sz\u00f3l\u00edtott meg Viktor egy bajuszos emberk\u00e9t.<br>\u2013 \u00c1ll\u00f3 front: a tiszteletes benn, mi meg kinn diderg\u00fcnk. Legal\u00e1bb a doktort engedn\u00e9k be hozz\u00e1juk, hiszen \u00e1llapotos a j\u00f3 asszony. Szabad? \u2013 kacsintott r\u00e1 az atyafi, \u00e9s megigaz\u00edtotta Viktor bajusz\u00e1t. \u2013 Vigy\u00e1zz a bajuszodra, mert mindj\u00e1rt leesik.<br><br><em>(Folytatjuk)<\/em><\/p>\r\n","protected":false},"excerpt":{"rendered":"<p>Az apa sz\u00f3tlanul hallgatta, csak akkor futotta el a pulykam\u00e9reg, amikor a fi\u00fa a kamer\u00e1kr\u00f3l is besz\u00e1molt.\u2013 \u00d3, te okos toj\u00e1s, most azt\u00e1n nyakig benne vagyunk mi is a cs\u00e1v\u00e1ban.\u2013 Mi? \u00c9n? De hiszen meg sem mukkantam, csak ott \u00e1lltam, \u00e9s\u2026\u2013 Lefilmeztetted magadat. Tudod te, mit csin\u00e1lnak a szekusok az ilyen h\u00fcly\u00e9kkel? Elkapj\u00e1k a frakkj\u00e1t, [&hellip;]<\/p>\n","protected":false},"author":3,"featured_media":0,"comment_status":"open","ping_status":"open","sticky":false,"template":"","format":"standard","meta":{"_monsterinsights_skip_tracking":false,"_monsterinsights_sitenote_active":false,"_monsterinsights_sitenote_note":"","_monsterinsights_sitenote_category":0,"ngg_post_thumbnail":0,"footnotes":""},"categories":[155],"tags":[],"class_list":["post-103423","post","type-post","status-publish","format-standard","hentry","category-kisregeny"],"_links":{"self":[{"href":"https:\/\/ujkafe.website\/index.php?rest_route=\/wp\/v2\/posts\/103423","targetHints":{"allow":["GET"]}}],"collection":[{"href":"https:\/\/ujkafe.website\/index.php?rest_route=\/wp\/v2\/posts"}],"about":[{"href":"https:\/\/ujkafe.website\/index.php?rest_route=\/wp\/v2\/types\/post"}],"author":[{"embeddable":true,"href":"https:\/\/ujkafe.website\/index.php?rest_route=\/wp\/v2\/users\/3"}],"replies":[{"embeddable":true,"href":"https:\/\/ujkafe.website\/index.php?rest_route=%2Fwp%2Fv2%2Fcomments&post=103423"}],"version-history":[{"count":0,"href":"https:\/\/ujkafe.website\/index.php?rest_route=\/wp\/v2\/posts\/103423\/revisions"}],"wp:attachment":[{"href":"https:\/\/ujkafe.website\/index.php?rest_route=%2Fwp%2Fv2%2Fmedia&parent=103423"}],"wp:term":[{"taxonomy":"category","embeddable":true,"href":"https:\/\/ujkafe.website\/index.php?rest_route=%2Fwp%2Fv2%2Fcategories&post=103423"},{"taxonomy":"post_tag","embeddable":true,"href":"https:\/\/ujkafe.website\/index.php?rest_route=%2Fwp%2Fv2%2Ftags&post=103423"}],"curies":[{"name":"wp","href":"https:\/\/api.w.org\/{rel}","templated":true}]}}