
{"id":103540,"date":"2022-11-05T02:51:09","date_gmt":"2022-11-05T02:51:09","guid":{"rendered":"https:\/\/ujkafe.website\/?p=103540"},"modified":"2022-11-04T19:15:54","modified_gmt":"2022-11-04T19:15:54","slug":"petrozsenyi-nagy-pal-viktor-es-viktoria-12-kisregeny","status":"publish","type":"post","link":"https:\/\/ujkafe.website\/?p=103540","title":{"rendered":"Petrozs\u00e9nyi Nagy P\u00e1l: VIKTOR \u00c9S VIKT\u00d3RIA\/12 \/kisreg\u00e9ny"},"content":{"rendered":"\r\n<p>\u2013 Ugyanis itt dolgoz\u00f3m, mint d\u00edszlettervez\u0151 \u2013 magyar\u00e1zta menet k\u00f6zben a fest\u0151n\u0151. \u2013 Reggeli az asztalon. Ha sz\u00fcks\u00e9getek van m\u00e9g valamire, kukkantsatok a frizsibe. P\u00e1, p\u00e1! N\u00e9gy k\u00f6r\u00fcl tal\u00e1lkozunk.<br>\u2013 Hogy aludt\u00e1l? \u2013 f\u00fcrk\u00e9szett Viktor h\u00faga arc\u00e1ba.<br>\u2013 K\u00f6sz, j\u00f3l. \u00c9s te?<br>\u00dagy t\u0171nik, \u00e1rtatlan! Bizony\u00e1ra \u00e1lm\u00e1ban babr\u00e1lt rajta olyan ser\u00e9nyen.<br>\u2013 Mint a bunda. N\u00e9zz\u00fck, mi a reggeli!<br>Vikt\u00f3ria csin\u00e1lt n\u00e9h\u00e1ny szendvicset, k\u00f6zben elolvast\u00e1k a tegnapi \u00fajs\u00e1got, s m\u00e1r meg is sz\u00fcletett az aznapi haditerv: beugranak Freidorfra, \u00e9s megn\u00e9zik, milyen az az \u00e1llatgondoz\u00f3i \u00e1ll\u00e1s, amit az \u00fajs\u00e1gban hirdetnek. A telep\u00fcl\u00e9s alig p\u00e1r kilom\u00e9terre h\u00faz\u00f3dott a v\u00e1rost\u00f3l \u00e9s ink\u00e1bb k\u00fclter\u00fcletnek, mint falunak sz\u00e1m\u00edtott. Nem is olyan r\u00e9gen itt m\u0171k\u00f6d\u00f6tt az orsz\u00e1g legnagyobb sert\u00e9sfeldolgoz\u00f3 \u00fczeme \u00e9s hizlald\u00e1ja, am\u00edg meg nem sz\u00fcntett\u00e9k. Lehets\u00e9ges, hogy most ism\u00e9t beindul?<br>Felsz\u00e1lltak a 3-as villamosra, \u00e9s r\u00f6vid d\u00f6c\u00f6g\u00e9s ut\u00e1n meg\u00e9rkeztek az egykori sv\u00e1b k\u00f6zs\u00e9gbe.<br>\u2013 J\u00f3 napot k\u00edv\u00e1nok! \u2013 k\u00f6sz\u00f6nt Viktor illedelmesen egy feh\u00e9r bajusz\u00fa \u00f6regap\u00f3nak. \u2013 Megmondan\u00e1 nek\u00fcnk, hol lakik Holzberger \u00far?<!--more--><br>\u2013 H\u00e1t ahajt, kint a telep v\u00e9g\u00e9n. Polon\u0103 utca 6.<br>\u2013 K\u00f6sz! \u00c9s a Weissm\u00fcller h\u00e1z\u00e1t ismeri-e, tudja, ahol az a jenki sz\u00edn\u00e9sz lakott.<br>\u2013 A Hansi h\u00e1z\u00e1t? Hogyne, \u00e9pp ehejt, itt a Pet\u0151fi-t\u00e9ren, vagyis ink\u00e1bb csak a helye, mert m\u00e1r lebontott\u00e1k.<br>\u2013 Ki az a Weissm\u00fcller? \u2013 \u00e9rdekl\u0151d\u00f6tt Vikt\u00f3ria.<br>\u2013 Egyik kedvenc filmsz\u00edn\u00e9szem. A legh\u00edresebb Tarzan-filmszt\u00e1r, plusz \u00f6tsz\u00f6r\u00f6s olimpiai bajnok gyors\u00fasz\u00e1sban. Most hat \u00e9ve halt meg. \u00c9rdekes, min\u00e9l kijjebb megy\u00fcnk, ann\u00e1l b\u00fcd\u00f6sebb van! \u2013 szagl\u00e1szott a fi\u00fa a leveg\u0151be.<br>\u2013 A m\u00falt szaga \u2013 \u00e9lcel\u0151d\u00f6tt Vikt\u00f3ria. \u2013 Azt\u00e1n sok a mocs\u00e1r is errefele.<br>\u2013 \u00cdmhol a Holzberger-kast\u00e9ly! \u2013 \u00e1llt meg Viktor egy tanyasi h\u00e1zf\u00e9les\u00e9g el\u0151tt. \u2013 \u00c9pp mir\u00e1nk v\u00e1r a gazda. J\u00f3 napot k\u00edv\u00e1nok! Maga Holzberger \u00far?<br>\u2013 Ja.<br>D\u00e9l. A nap egyenesen a szem\u00fckbe s\u00fct\u00f6tt. A t\u00e1gas udvaron kuty\u00e1k ugr\u00e1ndoztak egy sz\u0151ke, mel\u00e1k ember k\u00f6r\u00fcl. Lehetett olyan \u00f6tven \u00e9ves, sz\u00e1j\u00e1ban \u00e9rintetlen cigaretta.<br>\u2013 Mars! A fene essen magukba! Kit keresnek?<br>\u2013 Hallottad? Ez mag\u00e1zza a kuty\u00e1it! \u2013 Az \u00fajs\u00e1ghirdet\u00e9sre j\u00f6tt\u00fcnk, gazduram.<br>\u2013 J\u00f6jjenek be! Ceau\u015fescu, a hely\u00e9re! Iliescu, Honecker maguk is!<br>\u2013 Kis Viktor \u2013 mutatkozott be a fiatalember. \u2013 Ez meg a h\u00fagom, Vikt\u00f3ria.<br>\u2013 Csak egy emberre van sz\u00fcks\u00e9gem.<br>\u2013 \u0150 csak elk\u00eds\u00e9rt. A munka egyed\u00fcl nekem kell.<br>\u2013 Az mindj\u00e1rt m\u00e1s. \u00c9rt maga az \u00e1llatokhoz?<br>\u2013 Maxim\u00e1lisan \u2013 v\u00e1gta r\u00e1 gyorsan b\u00e1tyja helyett Vikt\u00f3ria. \u2013 Diszn\u00f3, teh\u00e9n, kutya, juh\u2026 \u00dagy ismeri \u0151ket ak\u00e1r egy\u2026 egy veterin\u00e1r (\u00e1llateg\u00e9szs\u00e9g\u00fcgyi)<br>\u2013 \u00c9n nem mag\u00e1t k\u00e9rdeztem.<br>\u2013 Nem. Bocs\u00e1ss meg, de h\u00e1t \u00fagyis r\u00e1j\u00f6nne.<br>\u2013 Akkor mi a francot, keres itt?<br>\u2013 Kenyeret. Azt rem\u00e9ltem, ahol egy diszn\u00f3nak jut n\u00e9h\u00e1ny darabka, ott \u00e9n sem maradok \u00e9hesen.<br>\u2013 Egy diszn\u00f3nak igen, mert azt felfaljuk, de mag\u00e1nak nem, mert mag\u00e1t m\u00e9g csak meg sem ehetj\u00fck. Viszont tudja, mit? A feles\u00e9g\u00e9t felveszem \u2013 legeltette v\u00e9gig szemeit Vikt\u00f3ri\u00e1n az atyafi.<br>\u2013 Nem a feles\u00e9gem, a h\u00fagom, Herr Holzberger.<br>\u2013 Ann\u00e1l jobb. J\u00f6jj\u00f6n, megmutatom a szob\u00e1j\u00e1t, ugyanis kv\u00e1rt\u00e9lyba is felveszem.<br>\u2013 Engem? N\u00e9zze! Ha m\u00e1r a b\u00e1ty\u00e1m olyan \u0151szinte, \u00e9n sem akarok hazudni, ez\u00e9rt kerek perec bevallom, \u00e9n sem \u00e9rtek a h\u00edz\u00f3khoz. Mellesleg mit sz\u00f3lna hozz\u00e1 a b. neje? \u2013 \u00e9rtette el Holzberger tekintet\u00e9t Vikt\u00f3ria.<br>\u2013 \u0150 semmit, merthogy megh\u00f3tt m\u00e1r vagy k\u00e9t \u00e9ve, s mivel a gyerekek is elhagytak, igencsak elkelne egy kis seg\u00edts\u00e9g.<br>\u2013 Ilyen nagy az \u00e1llom\u00e1ny?<br>\u2013 Ja. Megegyezt\u00fcnk?<br>\u2013 De \u00e9n\u2026<br>\u2013 Majd beletanul, seg\u00edtek. Igaz\u00e1n nem nagy \u00fcgy.<br>\u2013 H\u00e1t ha nem nagy \u00fcgy, tan\u00edtsa be a b\u00e1ty\u00e1m is. \u0150 sz\u00edvesen be\u00e1llna mag\u00e1hoz, ha felvenn\u00e9.<br>\u2013 \u0150t\u2026 iz\u00e9\u2026 \u2013 vakarta meg a f\u00fcle t\u00f6v\u00e9t a piros arc\u00fa, rezes orr\u00fa kisgazda. \u2013 Nem b\u00e1nom. K\u00e9t felt\u00e9tellel.<br>\u2013 M\u00e9gpedig?<br>\u2013 Ha mag\u00e1cska is vele tart.<br>\u2013 Vele, persze, mi t\u00f6bb: \u00e9pp erre akartam megk\u00e9rni.<br>\u2013 Ennek \u00f6r\u00fcl\u00f6k. Viszont ez a tan\u00edt\u00e1s munk\u00e1ba, id\u0151be \u00e9s p\u00e9nzbe is ker\u00fcl \u00e1m. \u00c9n is csak az\u00e9rt v\u00e1llalom, hogy seg\u00edtsek magukon.<br>\u2013 K\u00f6sz\u00f6n\u00f6m. Nagyon h\u00e1l\u00e1sak vagyunk, Herr Holzberger. \u00cdg\u00e9rem, nem fogja megb\u00e1nni. \u00c9s a fizet\u00e9s? Hetenk\u00e9nt fizet vagy havonk\u00e9nt?<br>\u2013 A b\u00e9r\u00fck a koszt, lak\u00e1s \u00e9s ok\u00edt\u00e1s. Am\u00edg bele nem j\u00f6nnek, ut\u00e1na megl\u00e1tjuk.<br>Viktor d\u00fch\u00f6sen fintorgott, de m\u00e9g miel\u0151tt visszautas\u00edthatta volna a fekete mell\u00e9nyes freidorfit, h\u00faga m\u00e1r kezet is r\u00e1zott a gazd\u00e1val.<br>\u2013 Al\u00e1\u00edrva! Mutassa meg, hol lakunk!<br>\u2013 Milyen puha kacs\u00f3ja van kegyednek? \u2013 simogatta meg a gazda Vikt\u00f3ria tenyer\u00e9t. \u2013 M\u00e9gis mi a szakm\u00e1ja, ha nem titok?<br>\u2013 Mi\u00e9rt \u00e9rdekli? \u2013 t\u00fcrt\u0151ztette mag\u00e1t a fiatalember.<br>\u2013 Csak \u00fagy k\u00e9rdeztem. De ha titok, bocs az alkalmatlankod\u00e1s\u00e9rt.<br>\u2013 Nem titok \u2013 mosolygott Vikt\u00f3ria. \u2013 Gy\u00f3gyszer\u00e9sz asszisztens.<br>\u2013 Sz\u00e9p szakma. \u00c9s hogyhogy nem kap \u00e1ll\u00e1st ilyen klassz diplom\u00e1val a zseb\u00e9ben?<br>\u2013 Hossz\u00fa hist\u00f3ria. Majd egyszer ezt is elmes\u00e9lem, de most ink\u00e1bb mutassa meg a k\u00e9glinket!<br>A gazda k\u00e9szs\u00e9gesen megmutatta, m\u00e1rmint egy t\u0151r\u0151lmetszett sv\u00e1b ny\u00e1ri konyh\u00e1t.<br>\u2013 Most \u00edgy n\u00e9z ki. K\u00e9s\u0151bb \u00e1talak\u00edtom \u00fagy, ahogy szeretik \u2013 h\u00fazott el\u0151 egy noteszt a zseb\u00e9b\u0151l. \u2013 Teh\u00e1t mit rakjak bel\u00e9? Szerencs\u00e9re van el\u00e9g b\u00fatorom, m\u00e9g t\u00f6bb is, mint kellene. Nem a legmodernebbek, de m\u00e9g ma is haszn\u00e1lhat\u00f3k.<br>\u2013 K\u00e9t \u00e1gy, ruh\u00e1sszekr\u00e9ny, a kredenc, asztal maradhat, azt\u00e1n n\u00e9gy sz\u00e9k, fogas \u00e9s egy j\u00e9gszekr\u00e9ny is j\u00f3l j\u00f6nne.<br>\u2013 Meglesz. Mikor k\u00f6lt\u00f6znek?<br>\u2013 Holnap reggel, \u00fagy nyolc \u00f3ra t\u00e1jt.<br>\u2013 Ilyen hamar? \u2013 sajn\u00e1lkozott Dorina, amikor k\u00f6z\u00f6lt\u00e9k vele, hol \u00e9s milyen \u00e1ll\u00e1st tal\u00e1ltak a freidorfi negyedben. \u2013 Megjegyzem, ezt sem t\u00e9teleztem volna fel r\u00f3lad. Patika helyett diszn\u00f3\u00f3l\u2026 ?! Ez\u00e9rt k\u00e1r volt annyit bifl\u00e1zni.<br>\u2013 Majd az \u00faj vil\u00e1gban m\u00e1sk\u00e9pp lesz \u2013 bizakodott a darukezel\u0151. \u2013 Ott mindenki azt teszi, amihez kedve, tehets\u00e9ge van, \u00e9s a sz\u00fcks\u00e9gletei szerint term\u00e9szetben fizetik. Akarsz egy t\u00e9v\u00e9t? Megkapod. Vil\u00e1gk\u00f6r\u00fcli utat? Csak k\u00e9rned kell. A parlamentben szakemberek \u00fclnek, a t\u00e9v\u00e9kben \u2026<br>\u2013 Mis\u00e9t sug\u00e1roznak \u2013 g\u00fanyol\u00f3dott Kis Viktor.<br><br><em>(Folytatjuk)<\/em><\/p>\r\n","protected":false},"excerpt":{"rendered":"<p>\u2013 Ugyanis itt dolgoz\u00f3m, mint d\u00edszlettervez\u0151 \u2013 magyar\u00e1zta menet k\u00f6zben a fest\u0151n\u0151. \u2013 Reggeli az asztalon. Ha sz\u00fcks\u00e9getek van m\u00e9g valamire, kukkantsatok a frizsibe. P\u00e1, p\u00e1! N\u00e9gy k\u00f6r\u00fcl tal\u00e1lkozunk.\u2013 Hogy aludt\u00e1l? \u2013 f\u00fcrk\u00e9szett Viktor h\u00faga arc\u00e1ba.\u2013 K\u00f6sz, j\u00f3l. \u00c9s te?\u00dagy t\u0171nik, \u00e1rtatlan! Bizony\u00e1ra \u00e1lm\u00e1ban babr\u00e1lt rajta olyan ser\u00e9nyen.\u2013 Mint a bunda. N\u00e9zz\u00fck, mi a reggeli!Vikt\u00f3ria [&hellip;]<\/p>\n","protected":false},"author":3,"featured_media":0,"comment_status":"open","ping_status":"open","sticky":false,"template":"","format":"standard","meta":{"_monsterinsights_skip_tracking":false,"_monsterinsights_sitenote_active":false,"_monsterinsights_sitenote_note":"","_monsterinsights_sitenote_category":0,"ngg_post_thumbnail":0,"footnotes":""},"categories":[155],"tags":[],"class_list":["post-103540","post","type-post","status-publish","format-standard","hentry","category-kisregeny"],"_links":{"self":[{"href":"https:\/\/ujkafe.website\/index.php?rest_route=\/wp\/v2\/posts\/103540","targetHints":{"allow":["GET"]}}],"collection":[{"href":"https:\/\/ujkafe.website\/index.php?rest_route=\/wp\/v2\/posts"}],"about":[{"href":"https:\/\/ujkafe.website\/index.php?rest_route=\/wp\/v2\/types\/post"}],"author":[{"embeddable":true,"href":"https:\/\/ujkafe.website\/index.php?rest_route=\/wp\/v2\/users\/3"}],"replies":[{"embeddable":true,"href":"https:\/\/ujkafe.website\/index.php?rest_route=%2Fwp%2Fv2%2Fcomments&post=103540"}],"version-history":[{"count":0,"href":"https:\/\/ujkafe.website\/index.php?rest_route=\/wp\/v2\/posts\/103540\/revisions"}],"wp:attachment":[{"href":"https:\/\/ujkafe.website\/index.php?rest_route=%2Fwp%2Fv2%2Fmedia&parent=103540"}],"wp:term":[{"taxonomy":"category","embeddable":true,"href":"https:\/\/ujkafe.website\/index.php?rest_route=%2Fwp%2Fv2%2Fcategories&post=103540"},{"taxonomy":"post_tag","embeddable":true,"href":"https:\/\/ujkafe.website\/index.php?rest_route=%2Fwp%2Fv2%2Ftags&post=103540"}],"curies":[{"name":"wp","href":"https:\/\/api.w.org\/{rel}","templated":true}]}}