
{"id":103616,"date":"2022-11-17T18:34:21","date_gmt":"2022-11-17T18:34:21","guid":{"rendered":"https:\/\/ujkafe.website\/?p=103616"},"modified":"2022-11-17T18:34:21","modified_gmt":"2022-11-17T18:34:21","slug":"petrozsenyi-nagy-pal-viktor-es-viktoria-18-kisregeny","status":"publish","type":"post","link":"https:\/\/ujkafe.website\/?p=103616","title":{"rendered":"Petrozs\u00e9nyi Nagy P\u00e1l: Viktor \u00e9s Vikt\u00f3ria \/18\/ kisreg\u00e9ny"},"content":{"rendered":"\r\n<p>\u2013 Megint? Peches n\u0151 ez a ti any\u00e1tok. Ezek szerint fogalmatok sincs, hol lehet. K\u00e1r, mert ha elv\u00e1lt, m\u00e9g \u00e9n is, igen, igen, nem viccelek, m\u00e9g \u00e9n is f\u00f6lkeresn\u00e9m egy sz\u00e9p napon.<br>\u2013 Mi c\u00e9lb\u00f3l?<br>\u2013 Ejnye, Viki, mi ebben olyan \u00e9rthetetlen? \u2013 pirongatta meg a l\u00e1ny a testv\u00e9r\u00e9t. \u2013 Mellesleg nem is menne hi\u00e1ba. Tudod-e, doki apu, h\u00e1nyszor emlegetett t\u00e9ged az anyuci?<br>\u2013 Engem? \u2013 j\u00f6tt izgalomba az embers\u00e9ges belgy\u00f3gy\u00e1sz. \u2013 Kinek? Hol? K\u00e9rlek, ne sz\u00e9d\u00edts, r\u00e9g elfelejtett m\u00e1r engem a mam\u00e1tok.<br>\u2013 Nem \u00e1 \u2013 kapcsolt gyorsan Kis Viktor \u2013, hiszen pont ezt el\u00e9gelte meg anyu f\u00e9rje, egy sz\u0151r\u00f6s mell\u0171 \u0151stulok.<br>\u2013 Hogy?<br>\u2013 Hogy folyton t\u00e9ged emleget: a T\u00f3ni \u00edgy, a T\u00f3ni \u00fagy, \u0151 azt\u00e1n talpig \u00fariember, bezzeg T\u00f3ni mindig tudja, mi illik\u2026<!--more--><br>\u00c9desapj\u00e1t nem eml\u00edtette. Minek rontsa le az \u00f6sszhat\u00e1st! Egy\u00e9bk\u00e9nt is meghalt, a doki meg \u00e9l, \u00e9s igen szimpatikus f\u00e9rfi is, tov\u00e1bb\u00e1, ki tudja, egyszer m\u00e9g javukra is v\u00e1lhat ez a kapcsolat.<br>Egy \u00f3r\u00e1t diskur\u00e1ltak, ismerkedtek.<br>\u2013 Holnap \u00fajb\u00f3l elj\u00f6v\u00f6k \u2013 d\u00f6rzs\u00f6lte kezeit j\u00f3kedv\u0171en a belgy\u00f3gy\u00e1sz. \u2013 De akkor \u00fagy k\u00e9sz\u00fcljetek, hogy kiruccanunk a v\u00e1rosba is egy\u00fattal.<br>Nem j\u00f6tt el. Pedig hogy v\u00e1rt\u00e1k a j\u00f3 dokit. M\u00e9g azokat a ruh\u00e1kat is felvett\u00e9k, melyeket Podmaniczky vitt nekik a m\u00e1sodik b\u0151r\u00f6ndben.<br>\u2013 Tudtam, \u00e9reztem \u2013 szomorodott el Vikt\u00f3ria. \u2013 \u0150 is ugyanolyan szivar, mint a t\u00f6bbiek. De h\u00e1t mit is v\u00e1rhatunk egy doktort\u00f3l, akit m\u00e1r eleve \u00fagy programozott a j\u00f3isten, hogy csak a bor\u00edt\u00e9kos kliensek vehess\u00e9k le a l\u00e1b\u00e1r\u00f3l.<br>\u2013 Hacsak nem a boszork\u00e1ny k\u00f6t\u00f6tte meg valamilyen var\u00e1zzsal \u2013 nevetett Kis Viktor.<br>Az \u00f6t\u00f6dik nap reggel\u00e9n azonban azonban ki toppant a t\u00e1borba? H\u00e1t bizony a doktor \u00far!<br>\u2013 Bocs a r\u00f6vidke sz\u00fcnet\u00e9rt, de levert a n\u00e1tha a l\u00e1bamr\u00f3l.<br>A fiatalember a bor\u00edt\u00e9kra gondolt, \u00e9s j\u00f3t mosolygott mag\u00e1ban.<br>\u2013 Most pedig k\u00e9rjetek gyorsan egy kil\u00e9p\u0151t, mert elviszlek benneteket a k\u00f3rh\u00e1zba. M\u00e9ghozz\u00e1 pont abba, ahol \u00e9n is dolgozom.<br>\u2013 Benn\u00fcnket? De hiszen te vagy n\u00e1th\u00e1s\u2026 doki apu.<br>\u2013 Ennek semmi k\u00f6ze a n\u00e1th\u00e1hoz \u2013 v\u00e1laszolta a belgy\u00f3gy\u00e1sz r\u00f6viden, t\u00f6bbet nem is lehetett bel\u0151le kih\u00fazni. \u2013 Bemutatom a mostohal\u00e1nyomat \u2013 mutatta be ut\u00f3bb a k\u00f3rh\u00e1zi patik\u00e1ban a f\u0151n\u00f6knek. \u2013 \u0150 az az asszisztens, akit beaj\u00e1nlottam neked, bar\u00e1tom.<br>A feh\u00e9r haj\u00fa, kecskeszak\u00e1ll\u00fa patikus kedvtelve pillantott a b\u00e1jos, frufrufrizur\u00e1s le\u00e1nyra.<br>\u2013 \u00d6rvendek. Doktor Buzek. \u00d6n okleveles gy\u00f3gyszert\u00e1ri asszisztens?<br>\u2013 Igen.<br>\u2013 Van r\u00f3la pap\u00edrja?<br>\u2013 Szerencs\u00e9re \u00e1thoztam.<br>\u2013 \u00c9s a munka\u00fcgyi k\u00f6zpont \u00e1ltal kibocs\u00e1tott munkav\u00e1llal\u00e1si enged\u00e9lye?<br>\u2013 Az\u2026 az nincs, de regisztr\u00e1lt menek\u00fcltk\u00e9nt erre nincs is sz\u00fcks\u00e9gem. Legal\u00e1bbis engem \u00edgy t\u00e1j\u00e9koztattak.<br>\u2013 Eddig hol dolgozott?<br>\u2013 Egy temesv\u00e1ri patik\u00e1ban.<br>\u2013 Szeretne n\u00e1lunk dolgozni?<br>\u2013 \u00d6r\u00f6mmel \u2013 kapisk\u00e1lta a l\u00e1ny, mi c\u00e9lb\u00f3l faggatj\u00e1k itt ennyire. \u2013 Ha volna r\u00e1 lehet\u0151s\u00e9g.<br>\u2013 Volna, miut\u00e1n \u00e9pp most keres\u00fcnk erre a posztra valakit, ergo jelentkezz\u00e9k holnap reggel a munka\u00fcgyi el\u0151ad\u00f3nkn\u00e1l.<br>Vikt\u00f3ria szinte felsik\u00edtott \u00f6r\u00f6m\u00e9ben.<br>\u2013 K\u00f6sz\u00f6n\u00f6m. Isten \u00e1ldja meg ez\u00e9rt, doktor \u00far! \u00c9s t\u00e9ged is \u2013 esett Podmaniczky nyak\u00e1ba. \u2013 Eln\u00e9z\u00e9st! \u00dagy viselkedek, mint egy \u00e9retlen kis csitri.<br>\u2013 V\u00e1rjatok, csak v\u00e1rjatok, ez m\u00e9g nem minden \u2013 tuszkolta ki az orvos sietve a k\u00e9t testv\u00e9rt. \u2013 Viszl\u00e1t, \u00f6reg harcos! \u00c9s\u2026 k\u00f6sz\u00f6n\u00f6m!<br>Besz\u00e1lltak a kocsij\u00e1ba, sz\u00e9p bord\u00f3v\u00f6r\u00f6s Zsiguli volt, \u00e9s elhajtottak egy apr\u00f3cska, de takar\u00f3s h\u00e1zik\u00f3hoz.<br>\u2013 Itt lakik a testv\u00e9rem, Nusika. Szeg\u00e9nynek \u00e9pp a m\u00falt \u00e9vben halt meg az embere, \u00e9s az\u00f3ta egyed\u00fcl \u00e9l egy k\u00e9t szoba-konyh\u00e1s lak\u00e1sban. Sajnos ez a kisebbik gond. A nagyobb az, hogy meglehet\u0151sen beteges, \u00e9s \u00e1pol\u00e1sra szorulna. Mondtam, k\u00f6lt\u00f6zz\u00f6n hozz\u00e1nk. El\u00e9g nagy a h\u00e1zunk, k\u00e9nyelmesen elf\u00e9rn\u00e9nk benne h\u00e1rman is \u2013 vil\u00e1gos\u00edtotta fel a testv\u00e9rp\u00e1rt a helyzetr\u0151l, miel\u0151tt kisz\u00e1lltak volna az aut\u00f3b\u00f3l. \u2013 De h\u00e1t nem akar, ugyanis ki nem \u00e1llja a feles\u00e9gemet, \u0151 meg Nusik\u00e1t, \u00fagyhogy m\u00e1s megold\u00e1st kellett v\u00e1lasztanom. T\u00f6rtem a fejemet, r\u00e1g\u00f3dtam rajta p\u00e1r h\u00e9tig, v\u00e9g\u00fcl elfoglalts\u00e1gomra val\u00f3 tekintettel azt aj\u00e1nlottam, olyan gondoz\u00e1si szerz\u0151d\u00e9st k\u00f6ss\u00fcnk valakivel, mely szerint Nusika ingyen alb\u00e9rlet fej\u00e9ben ingyen gondoz\u00e1sban r\u00e9szes\u00fcl, beszerzik a gy\u00f3gyszereit, takar\u00edtanak neki, f\u0151znek \u00e9s mosnak is r\u00e1.<br>\u2013 Ebbe belement? \u2013 \u00e9rdekl\u0151d\u00f6tt Kis Viktor.<br>\u2013 Ebbe bele, azzal a kik\u00f6t\u00e9ssel, hogy el\u0151bb ismerje meg a gondoz\u00f3j\u00e1t, azt\u00e1n ha megfelel, j\u00f6het a meg\u00e1llapod\u00e1s. M\u00e1s sz\u00f3val \u0151 pr\u00f3baid\u0151t is javasol.<br>\u2013 Hm, el\u00e9g bizalmatlan a Nusika. De mi k\u00f6z\u00fcnk nek\u00fcnk mindehhez?<br>\u2013 H\u00e1t csak annyi, hogy \u00e9n r\u00e1tok gondoltam.<br>\u2013 Hopp, m\u00e9g egy meglepet\u00e9s! \u2013 pattintott szok\u00e1sa szerint a temesv\u00e1ri menek\u00fclt.<br>\u2013 Elfogadj\u00e1tok?<br>\u2013 Att\u00f3l f\u00fcgg, ki fizeti a kosztot, gy\u00f3gyszert, mos\u00f3szereket, meg ami m\u00e9g ad\u00f3dik \u2013 v\u00e1laszolta Viktor helyett Vikt\u00f3ria. \u2013 Na \u00e9s a szakszer\u0171 \u00e1pol\u00e1shoz sem \u00e9rt\u00fcnk, ezt m\u00e1r most el\u0151rebocs\u00e1tjuk.<\/p>\r\n<p><em>(Folytatjuk)<\/em><\/p>\r\n","protected":false},"excerpt":{"rendered":"<p>\u2013 Megint? Peches n\u0151 ez a ti any\u00e1tok. Ezek szerint fogalmatok sincs, hol lehet. K\u00e1r, mert ha elv\u00e1lt, m\u00e9g \u00e9n is, igen, igen, nem viccelek, m\u00e9g \u00e9n is f\u00f6lkeresn\u00e9m egy sz\u00e9p napon.\u2013 Mi c\u00e9lb\u00f3l?\u2013 Ejnye, Viki, mi ebben olyan \u00e9rthetetlen? \u2013 pirongatta meg a l\u00e1ny a testv\u00e9r\u00e9t. \u2013 Mellesleg nem is menne hi\u00e1ba. Tudod-e, doki [&hellip;]<\/p>\n","protected":false},"author":3,"featured_media":0,"comment_status":"open","ping_status":"open","sticky":false,"template":"","format":"standard","meta":{"_monsterinsights_skip_tracking":false,"_monsterinsights_sitenote_active":false,"_monsterinsights_sitenote_note":"","_monsterinsights_sitenote_category":0,"ngg_post_thumbnail":0,"footnotes":""},"categories":[155],"tags":[],"class_list":["post-103616","post","type-post","status-publish","format-standard","hentry","category-kisregeny"],"_links":{"self":[{"href":"https:\/\/ujkafe.website\/index.php?rest_route=\/wp\/v2\/posts\/103616","targetHints":{"allow":["GET"]}}],"collection":[{"href":"https:\/\/ujkafe.website\/index.php?rest_route=\/wp\/v2\/posts"}],"about":[{"href":"https:\/\/ujkafe.website\/index.php?rest_route=\/wp\/v2\/types\/post"}],"author":[{"embeddable":true,"href":"https:\/\/ujkafe.website\/index.php?rest_route=\/wp\/v2\/users\/3"}],"replies":[{"embeddable":true,"href":"https:\/\/ujkafe.website\/index.php?rest_route=%2Fwp%2Fv2%2Fcomments&post=103616"}],"version-history":[{"count":0,"href":"https:\/\/ujkafe.website\/index.php?rest_route=\/wp\/v2\/posts\/103616\/revisions"}],"wp:attachment":[{"href":"https:\/\/ujkafe.website\/index.php?rest_route=%2Fwp%2Fv2%2Fmedia&parent=103616"}],"wp:term":[{"taxonomy":"category","embeddable":true,"href":"https:\/\/ujkafe.website\/index.php?rest_route=%2Fwp%2Fv2%2Fcategories&post=103616"},{"taxonomy":"post_tag","embeddable":true,"href":"https:\/\/ujkafe.website\/index.php?rest_route=%2Fwp%2Fv2%2Ftags&post=103616"}],"curies":[{"name":"wp","href":"https:\/\/api.w.org\/{rel}","templated":true}]}}