
{"id":103651,"date":"2022-11-22T19:55:51","date_gmt":"2022-11-22T19:55:51","guid":{"rendered":"https:\/\/ujkafe.website\/?p=103651"},"modified":"2022-11-22T19:55:51","modified_gmt":"2022-11-22T19:55:51","slug":"petrozsenyi-nagy-pal-viktor-es-viktoria-19-kisregeny","status":"publish","type":"post","link":"https:\/\/ujkafe.website\/?p=103651","title":{"rendered":"Petrozs\u00e9nyi Nagy P\u00e1l: Viktor \u00e9s Vikt\u00f3ria \/ 19 \/kisreg\u00e9ny"},"content":{"rendered":"\r\n<p>\u2013 Ezek itt b&#8230;k el\u0151tt\u00fcnk.<br>\u2013 Meg\u0151r\u00fclt\u00e9l? Hiszen testv\u00e9rek!<br>\u2013 Sze \u00e9pp az a borzaszt\u00f3, hogy testv\u00e9rek. Pfuj, nem sz\u00e9gyellitek magatokat?<br>\u2013 Hozz\u00e1m besz\u00e9lsz? \u2013 \u00e9bredt fel Viktor is az \u00e1lm\u00e1b\u00f3l; akkor vette \u00e9szre, hogy \u0151 bizony ott felejtette mag\u00e1t a h\u00faga \u00e1gy\u00e1ban, mi t\u00f6bb, szerelmesek m\u00f3dj\u00e1ra, egym\u00e1st szorosan \u00e1t\u00f6lelve fek\u00fcdtek.<br>\u2013 Undor\u00edt\u00f3! \u2013 kontr\u00e1zott a v\u00e1s\u00e1rhelyi sz\u0151ke, pattan\u00e1sos arc\u00fa n\u0151v\u00e9re. \u2013 A kis \u00e1lszent. Megyek, sz\u00f3lok a parancsnoknak, milyen mocsoknak akarnak \u0151k mened\u00e9ket ny\u00fajtani.<br>\u2013 \u00dagy van, egy\u00fctt megy\u00fcnk \u2013 kontr\u00e1zott az ugyancsak sz\u0151ke \u00e9s pattan\u00e1sos testv\u00e9re. \u2013 Holnap, mert most nyilv\u00e1n \u0151k is alszanak.<br>\u2013 Lehetetlenn\u00e9 akarod tenni a f\u00f6ldidet? \u2013 cs\u00f3v\u00e1lta meg rosszall\u00f3an a fej\u00e9t a v\u00e1s\u00e1rhelyin\u00e9l j\u00f3val id\u0151sebb, meggondoltabb aradi. \u2013 K\u00fcl\u00f6nben sem biztos, hogy ezek olyanok.<br>\u2013 De h\u00e1t te is l\u00e1thattad: \u00fagy tapadtak egym\u00e1shoz, mint k\u00e9t folyond\u00e1r.<!--more--><br>\u2013 H\u00e1t azt\u00e1n! \u2013 sietett testv\u00e9re v\u00e9delm\u00e9re a m\u00e1sik aradi, egy m\u00e1r kopaszod\u00f3 menek\u00fclt. \u2013 Te nem l\u00e1tt\u00e1l m\u00e9g testv\u00e9rp\u00e1rt \u00f6ssze\u00f6lelkezve aludni?<br>\u2013 M\u00e1r mi\u00e9rt nem l\u00e1ttam volna! Gyerekeket. De ezek feln\u0151tt emberek, a teremt\u00e9sit az anyjuknak!<br>\u2013 El\u00e9g! \u2013 pattant ki az \u00e1gy\u00e1b\u00f3l v\u00e9rpiros arccal Vikt\u00f3ria, \u00e9s k\u00e9zen fogva b\u00e1tyj\u00e1t, kiperd\u00fcltek a szob\u00e1b\u00f3l.<br>Az elk\u00f6vetkez\u0151 napokban izgatottan v\u00e1rt\u00e1k, hogyan l\u00e9p a v\u00e1s\u00e1rhelyi ez \u00fcgyben. Ha sz\u00f3l, elvesztek, holott m\u00e1r amiatt is agg\u00f3dtak, hogy politikai menek\u00fclt helyett gazdas\u00e1gi menek\u00fcltnek tekintik, \u00e9s akkor bizony h\u00e1tra arc, sipirc vissza, ahonnan j\u00f6ttetek! Hanem a koma ezut\u00e1n semmit sem sz\u00f3lt, hallgatott, mint s\u00fcket diszn\u00f3 a b\u00faz\u00e1ban.<br>\u2013 Szerinted feljelentett? \u2013 drukkolt a fiatalember. \u2013 A hallgat\u00e1s\u00e1b\u00f3l \u00edt\u00e9lve meggondolhatt\u00e1k magukat.<br>\u2013 El\u0151sz\u00f6r is nincs mit feljelentsen. V\u00e9g\u00fcl is semmi sem t\u00f6rt\u00e9nt, \u00e9s nincs is semmi olyan k\u00f6z\u00f6tt\u00fcnk \u2013 n\u00e9zett a l\u00e1ny m\u00e9lyen, nagyon m\u00e9lyen Viktor szem\u00e9be. \u2013 Vagy t\u00e9vedn\u00e9k?<br>A fi\u00fa nem b\u00edrv\u00e1n el h\u00faga f\u00fcrk\u00e9sz\u0151 tekintet\u00e9t, les\u00fct\u00f6tte a szemeit.<br>\u2013 Vagy t\u00e9vedn\u00e9k? \u2013 ism\u00e9telte meg k\u00e9rd\u00e9s\u00e9t egy fokkal idegesebben Vikt\u00f3ria.<br>\u2013 Nem t\u00e9vedsz.<br>\u2013 Visszat\u00e9rve a v\u00e1s\u00e1rhelyire, tal\u00e1n feljelentett, tal\u00e1n nem \u2013 l\u00e9legzett fel a l\u00e1ny megk\u00f6nnyebb\u00fclten. \u2013 M\u00e9g n\u00e9h\u00e1ny nap, \u00e9s ezt is megtudjuk.<br>Nem tudt\u00e1k meg. Sem k\u00e9s\u0151bb, sem m\u00e1skor, viszont megkapt\u00e1k a leteleped\u00e9si enged\u00e9lyt magyarba.<br>\u2013 Hurr\u00e1! \u2013 rep\u00fcltek egym\u00e1s nyak\u00e1ba megint a testv\u00e9rek. \u2013 V\u00e9gre magyar \u00e1llampolg\u00e1rs\u00e1g\u00e9rt is folyamodhatunk.<br><br><em>(Folytatjuk)<\/em><\/p>\r\n","protected":false},"excerpt":{"rendered":"<p>\u2013 Ezek itt b&#8230;k el\u0151tt\u00fcnk.\u2013 Meg\u0151r\u00fclt\u00e9l? Hiszen testv\u00e9rek!\u2013 Sze \u00e9pp az a borzaszt\u00f3, hogy testv\u00e9rek. Pfuj, nem sz\u00e9gyellitek magatokat?\u2013 Hozz\u00e1m besz\u00e9lsz? \u2013 \u00e9bredt fel Viktor is az \u00e1lm\u00e1b\u00f3l; akkor vette \u00e9szre, hogy \u0151 bizony ott felejtette mag\u00e1t a h\u00faga \u00e1gy\u00e1ban, mi t\u00f6bb, szerelmesek m\u00f3dj\u00e1ra, egym\u00e1st szorosan \u00e1t\u00f6lelve fek\u00fcdtek.\u2013 Undor\u00edt\u00f3! \u2013 kontr\u00e1zott a v\u00e1s\u00e1rhelyi sz\u0151ke, pattan\u00e1sos [&hellip;]<\/p>\n","protected":false},"author":3,"featured_media":0,"comment_status":"open","ping_status":"open","sticky":false,"template":"","format":"standard","meta":{"_monsterinsights_skip_tracking":false,"_monsterinsights_sitenote_active":false,"_monsterinsights_sitenote_note":"","_monsterinsights_sitenote_category":0,"ngg_post_thumbnail":0,"footnotes":""},"categories":[156],"tags":[],"class_list":["post-103651","post","type-post","status-publish","format-standard","hentry","category-kisregeny-regeny"],"_links":{"self":[{"href":"https:\/\/ujkafe.website\/index.php?rest_route=\/wp\/v2\/posts\/103651","targetHints":{"allow":["GET"]}}],"collection":[{"href":"https:\/\/ujkafe.website\/index.php?rest_route=\/wp\/v2\/posts"}],"about":[{"href":"https:\/\/ujkafe.website\/index.php?rest_route=\/wp\/v2\/types\/post"}],"author":[{"embeddable":true,"href":"https:\/\/ujkafe.website\/index.php?rest_route=\/wp\/v2\/users\/3"}],"replies":[{"embeddable":true,"href":"https:\/\/ujkafe.website\/index.php?rest_route=%2Fwp%2Fv2%2Fcomments&post=103651"}],"version-history":[{"count":0,"href":"https:\/\/ujkafe.website\/index.php?rest_route=\/wp\/v2\/posts\/103651\/revisions"}],"wp:attachment":[{"href":"https:\/\/ujkafe.website\/index.php?rest_route=%2Fwp%2Fv2%2Fmedia&parent=103651"}],"wp:term":[{"taxonomy":"category","embeddable":true,"href":"https:\/\/ujkafe.website\/index.php?rest_route=%2Fwp%2Fv2%2Fcategories&post=103651"},{"taxonomy":"post_tag","embeddable":true,"href":"https:\/\/ujkafe.website\/index.php?rest_route=%2Fwp%2Fv2%2Ftags&post=103651"}],"curies":[{"name":"wp","href":"https:\/\/api.w.org\/{rel}","templated":true}]}}