
{"id":103707,"date":"2022-11-27T17:22:44","date_gmt":"2022-11-27T17:22:44","guid":{"rendered":"https:\/\/ujkafe.website\/?p=103707"},"modified":"2022-11-27T17:23:24","modified_gmt":"2022-11-27T17:23:24","slug":"petrozsenyi-nagy-opal-viktor-es-viktoria-21-kisregeny","status":"publish","type":"post","link":"https:\/\/ujkafe.website\/?p=103707","title":{"rendered":"Petrozs\u00e9nyi Nagy P\u00e1l: Viktor \u00e9s Vikt\u00f3ria \/ 21\/ kisreg\u00e9ny"},"content":{"rendered":"\r\n<p>\u2013 Ne, bogdaposte,i j\u00f3l vagyok. K\u00fcl\u00f6nben sincs otthonom, hacsak az utc\u00e1t nem tekintj\u00fck otthonnak.<br>\u2013 Maga tud rom\u00e1nul? \u2013 csod\u00e1lkozott r\u00e1 Vikt\u00f3ria.<br>\u2013 Tudok, ugyanis \u00e9n is\u2026 Temesv\u00e1rr\u00f3l sz\u00e1rmazom.<br>\u2013 Szerencs\u00e9tlen teremt\u00e9s! \u2013 s\u00fagta oda Viktor a h\u00fag\u00e1nak. \u2013 Ne fogadjuk magunkhoz? Na, legal\u00e1bb egy kis id\u0151re. Hiszen f\u00f6ldink, \u00e9s \u00fagy eml\u00e9keztet any\u00e1ra. K\u00e9pzeld el, ha \u0151 k\u00f3borolna valahol \u00e9tlen-szomjan Debrecen utc\u00e1in!<br>\u2013 Mi, ezt a b\u00fcd\u00f6s \u00f6regl\u00e1nyt? \u2013 fintorgott Vikt\u00f3ria. \u2013 \u00c9n ugyan egy percre sem \u2013 s\u00fagta vissza ugyancsak f\u00e9lhangon.<br>Hanem az any\u00f3ka \u00edgy is meghallotta, kiegyenesedett, \u00e9s komoran elk\u00f6sz\u00f6nt.<br>\u2013 K\u00e1r, \u00e9n befogadtam volna \u2013 sajn\u00e1lkozott a fiatalember. \u2013 Ann\u00e1l is ink\u00e1bb, mert temesv\u00e1ri l\u00e9v\u00e9n tal\u00e1n m\u00e9g any\u00e1t is ismerte.<br>\u2013 Bumm, erre nem gondoltam! N\u00e9nik\u00e9m, visszaj\u00f6nne egy percre?<br>Az asszony visszaballagott.<!--more--><br>\u2013 Bocs\u00e1nat, csak azt szeretn\u00e9nk m\u00e9g k\u00e9rdezni, nem ismerte v\u00e9letlen\u00fcl az any\u00e1nkat, Kedves, illetve Kis Ferencn\u00e9t?<br>\u2013 Dehogynem: \u00e9ppen itt \u00e1ll el\u0151tted \u2013 felelte n\u00e9mi vonakod\u00e1s ut\u00e1n halkan, keser\u0171en.<br>A testv\u00e9rek \u00fagy meredtek r\u00e1, mintha \u00e9ppen most sz\u00e1llt volna ki a s\u00edrj\u00e1b\u00f3l.<br>\u2013 Lehetetlen! \u2013 r\u00e1zta meg a fej\u00e9t Vikt\u00f3ria. \u2013 K\u00e9rem, ne ugrasson! Az ilyesmivel nem illik \u00e1m viccelni. \u0150 meghalt, \u00e9s pont itt, ebbe a s\u00edrba temett\u00e9k.<br>\u2013 Az nem \u00e9n vagyok. Kedvesnek Kedves, \u00e9s a sz\u00fclet\u00e9si d\u00e1tum is egyezik, de az eg\u00e9sz csak v\u00e9letlen egybees\u00e9s, \u00e9s a fot\u00f3 sem pontos, m\u00e9g ha hasonl\u00edtunk is egyben-m\u00e1sban egym\u00e1sra. Esetleg, ha jobban megn\u00e9zn\u00e9l\u2026<br>A fiatalasszony \u00e9s Viktor is fokr\u00f3l fokra, tet\u0151t\u0151l-talpig v\u00e9gigmustr\u00e1lta az any\u00f3k\u00e1t.<br>\u2013 Egy kicsit mintha t\u00e9nyleg hasonl\u00edtana any\u00e1nkra \u2013 bizonytalanodott el a fiatalember. \u2013 K\u00fcl\u00f6n\u00f6sen a hangja\u2026 Egy kulcsk\u00e9rd\u00e9s! Hogy h\u00edvt\u00e1k, \u00e9s hol dolgozott az ap\u00e1nk, ezt \u00e1rulja el nek\u00fcnk!<br>\u2013 A neve Chi\u015f Francisc, \u00e9s a rend\u0151rs\u00e9gen szolg\u00e1lt, mint sz\u00e1zados.<br>\u2013 Szabad? \u2013 hajtotta f\u00e9lre a n\u0151 ingbl\u00faz\u00e1t Vikt\u00f3ria.<br>Az \u00f6regasszony nyak\u00e1n eper alak\u00fa anyajegy v\u00f6r\u00f6sl\u00f6tt. A testv\u00e9rek anyjuk nyak\u00e1ba borultak, s most m\u00e1r az anya arca is dicsf\u00e9nyben t\u00fcnd\u00f6k\u00f6lt.<br>\u2013 Van, igen, m\u00e9gis csak van Isten \u2013 tapogatta meg a nyak\u00e1t Kis Viktor, ott, ahol az a bizonyos kereszt l\u00f3gott valaha. \u2013 \u00c9s most m\u00e1r val\u00f3ban elmondhatom: haza j\u00f6tt\u00fcnk, itthon vagyunk.<br><br>V\u00e9ge<\/p>\r\n","protected":false},"excerpt":{"rendered":"<p>\u2013 Ne, bogdaposte,i j\u00f3l vagyok. K\u00fcl\u00f6nben sincs otthonom, hacsak az utc\u00e1t nem tekintj\u00fck otthonnak.\u2013 Maga tud rom\u00e1nul? \u2013 csod\u00e1lkozott r\u00e1 Vikt\u00f3ria.\u2013 Tudok, ugyanis \u00e9n is\u2026 Temesv\u00e1rr\u00f3l sz\u00e1rmazom.\u2013 Szerencs\u00e9tlen teremt\u00e9s! \u2013 s\u00fagta oda Viktor a h\u00fag\u00e1nak. \u2013 Ne fogadjuk magunkhoz? Na, legal\u00e1bb egy kis id\u0151re. Hiszen f\u00f6ldink, \u00e9s \u00fagy eml\u00e9keztet any\u00e1ra. K\u00e9pzeld el, ha \u0151 k\u00f3borolna [&hellip;]<\/p>\n","protected":false},"author":3,"featured_media":0,"comment_status":"open","ping_status":"open","sticky":false,"template":"","format":"standard","meta":{"_monsterinsights_skip_tracking":false,"_monsterinsights_sitenote_active":false,"_monsterinsights_sitenote_note":"","_monsterinsights_sitenote_category":0,"ngg_post_thumbnail":0,"footnotes":""},"categories":[156],"tags":[],"class_list":["post-103707","post","type-post","status-publish","format-standard","hentry","category-kisregeny-regeny"],"_links":{"self":[{"href":"https:\/\/ujkafe.website\/index.php?rest_route=\/wp\/v2\/posts\/103707","targetHints":{"allow":["GET"]}}],"collection":[{"href":"https:\/\/ujkafe.website\/index.php?rest_route=\/wp\/v2\/posts"}],"about":[{"href":"https:\/\/ujkafe.website\/index.php?rest_route=\/wp\/v2\/types\/post"}],"author":[{"embeddable":true,"href":"https:\/\/ujkafe.website\/index.php?rest_route=\/wp\/v2\/users\/3"}],"replies":[{"embeddable":true,"href":"https:\/\/ujkafe.website\/index.php?rest_route=%2Fwp%2Fv2%2Fcomments&post=103707"}],"version-history":[{"count":0,"href":"https:\/\/ujkafe.website\/index.php?rest_route=\/wp\/v2\/posts\/103707\/revisions"}],"wp:attachment":[{"href":"https:\/\/ujkafe.website\/index.php?rest_route=%2Fwp%2Fv2%2Fmedia&parent=103707"}],"wp:term":[{"taxonomy":"category","embeddable":true,"href":"https:\/\/ujkafe.website\/index.php?rest_route=%2Fwp%2Fv2%2Fcategories&post=103707"},{"taxonomy":"post_tag","embeddable":true,"href":"https:\/\/ujkafe.website\/index.php?rest_route=%2Fwp%2Fv2%2Ftags&post=103707"}],"curies":[{"name":"wp","href":"https:\/\/api.w.org\/{rel}","templated":true}]}}