
{"id":103848,"date":"2022-12-16T15:10:13","date_gmt":"2022-12-16T15:10:13","guid":{"rendered":"https:\/\/ujkafe.website\/?p=103848"},"modified":"2023-01-05T15:47:17","modified_gmt":"2023-01-05T15:47:17","slug":"hany-ora-gasparik-attila","status":"publish","type":"post","link":"https:\/\/ujkafe.website\/?p=103848","title":{"rendered":"H\u00e1ny \u00f3ra, G\u00e1sp\u00e1rik Attila*?"},"content":{"rendered":"<p>&nbsp;<\/p>\n<p>December, mint annak idej\u00e9n, 1989-ben. H\u00fasz kil\u00f3val \u00e9s harmincegy \u00e9vvel ezel\u0151tt. Nekem is, mint annak idej\u00e9n a K\u00e1lv\u00e1ria utcai nagyany\u00e1mnak, Nagyv\u00e1radon, minden \u201enagy\u201d gondolatom a \u201ek\u00e1lyh\u00e1t\u00f3l\u201d indul. Mikor egy kicsit elgondolkodott, azt mondta: a felszabadul\u00e1s ut\u00e1n\u2026 Nekem is s\u0171r\u0171n kezd\u0151dnek a mondataim, azzal, hogy a Forradalom ut\u00e1n\u2026 Forradalom volt 1989-ben Rom\u00e1ni\u00e1ban, pont ahogy 1944 \u0151sz\u00e9n is felszabadul\u00e1s volt, Erd\u00e9ly ezen r\u00e9sz\u00e9n. Istenem, milyen elsz\u00e1ntak voltunk. \u00c9jjel-nappal az utc\u00e1n \u00e9s a r\u00e1di\u00f3 el\u0151tt. L\u00f3gott a leveg\u0151ben, hogy valami lesz, valami nagy dolog. Lett is. Tankok, p\u00e1nc\u00e9lozott harckocsik, goly\u00f3k, halottak is, de az \u00fat v\u00e9g\u00e9n f\u00e9nyek. Igen mi \u00e1t\u00e9lt\u00fck az euf\u00f3ri\u00e1t. \u0150rj\u00f6ngve \u00f6lelkezt\u00fcnk, mikor megtudtuk, hogy Ceausescu elt\u0171nt. Rom\u00e1n z\u00e1szl\u00f3 volt a karunkon\u2026 \u00d6r\u00fclt\u00fcnk az \u00faj helyzetnek, mint nagyany\u00e1m a hitlerista tankok ut\u00e1n, a szovjet katon\u00e1knak. Hitt\u00fck, hogy a boldogul\u00e1sunk egyetlen akad\u00e1lya a dikt\u00e1tor h\u00e1zasp\u00e1r. Hittem, hogy k\u00f6vetkezik a nagy elsz\u00e1mol\u00e1s. Verseny lesz \u00e9s megsz\u0171nik a P\u00e1rt egyeduralma. Ez a hitem sok\u00e1ig tartott. eg\u00e9szen janu\u00e1r kilencedik\u00e9ig. (De ez egy m\u00e1sik t\u00f6rt\u00e9net.) Az\u00f3ta eltelt az \u00e9letem\u2026 <!--more-->legal\u00e1bbis a hasznos fele. Mit csin\u00e1ltunk? Hova \u00e9s meddig jutottunk? \u00dcl\u00f6k egy kis falu, ink\u00e1bb telep\u00fcl\u00e9s utols\u00f3 h\u00e1z\u00e1ban, kihalt h\u00e1zak k\u00f6z\u00f6tt. N\u00e9zem a r\u00f6vid\u00fcl\u0151 nappalokat, sz\u00f3l a zene, f\u0171t a kandall\u00f3, gy\u00f6ngy\u00f6zik a bor, Eur\u00f3pa k\u00fcl\u00f6nb\u00f6z\u0151 pontjair\u00f3l jeleznek a gyerekek, mert internet az van, hogy minden rendben, csak a marokk\u00f3iak randal\u00edroznak\u2026 itt csend \u00e9s aszfalt, az uni\u00f3s p\u00e9nzekb\u0151l. Csak a bolt sz\u0171nt meg, meg az iskola, meg a pap is csak k\u00e9thetente j\u00e1r, mondj\u00e1k\u2026 k\u00e9tsz\u00e1z lakosb\u00f3l m\u00e1ra negyvenet sz\u00e1molnak a n\u00e9psz\u00e1ml\u00e1l\u00f3k. Ha v\u00e9gig m\u00e9sz rajta, t\u00edz embert sem l\u00e1tsz\u2026 De a nagyv\u00e1ros bezzeg hangos. D\u00fal a negyvennapos kar\u00e1csonyi v\u00e1s\u00e1r. A terek, mint egy kock\u00e1zatmentes, amerikai C kateg\u00f3ri\u00e1s film kar\u00e1csonyi jelenetei. Villognak a k\u00ednai f\u00e9nycs\u00f6vek \u00e9s minden, de minden, ami f\u00f6l\u00f6sleges, elad\u00f3. Levendula p\u00e1rn\u00e1cska, levendula k\u00f6lni, levendula sz\u00e1r\u00edtva, na meg sz\u00e1r\u00edtott levendula \u00e9s levendul\u00e1s szappanocska \u00e9s levendul\u00e1val t\u00f6lt\u00f6tt \u00f3vszer \u00e9s kolb\u00e1sz. G\u0151z\u00f6l\u00f6gnek a t\u00f6r\u00f6k gyors\u00e9telek is, illatoznak a cukrozott, hagyom\u00e1nyos k\u00f3kuszos nemzeti k\u00fcrt\u0151skal\u00e1csok. mindek\u00f6zben dzsig\u00f6lbell \u00e9s szelfi a J\u00f3istennel.<\/p>\n<p>H\u00fazom az id\u0151t, nem akarok r\u00e1t\u00e9rni, a decemberi lelt\u00e1rra. H\u00e1t ez van. <em>Rosszul esne kimondani, hogy nem \u00fagy lett, ahogyan akartuk.<\/em> Gener\u00e1ci\u00f3m java \u00e9s sz\u00edne is, elment, az \u00e9vek sor\u00e1n az orsz\u00e1gb\u00f3l. S ha itt maradtak egy p\u00e1ran, akkor is elmentek p\u00e1ran\u2026 Egy oszt\u00e1lytal\u00e1lkoz\u00f3t egyszer\u0171bb megszervezni Budapesten\u2026 A nemzet f\u0151v\u00e1ros\u00e1ban, ahol m\u00e9g mindig el kell magyar\u00e1zni, hogy mi\u00e9rt is besz\u00e9l\u00fcnk olyan j\u00f3l magyarul, ha egyszer Rom\u00e1nib\u00f3l, Ukrajn\u00e1b\u00f3l, Szlov\u00e1ki\u00e1b\u00f3l j\u00f6v\u00fcnk. Hitt\u00fck, hogy az eur\u00f3pai integr\u00e1ci\u00f3 egyszer csak megold mindent. Hogy nek\u00fcnk nem kell tenni semmit. Nem is tett\u00fcnk. V\u00e1rtuk a s\u00fclt galambot, mert m\u00e1r 1990-ben a frissen alakult magyarorsz\u00e1gi p\u00e1rtok, v\u00e1llvetve versenyeztek, hogy melyik\u00fck vigye \u00e1t, a hat\u00e1ron t\u00falikat a m\u00e1sik oldalra. \u00c1t is ment\u00fcnk naponta h\u00e1romszor \u00e9s vissza is vittek n\u00e9gyszer. Igaz, voltak p\u00e1ran, akik pr\u00f3b\u00e1lt\u00e1k elmagyar\u00e1zni, hogy nem \u00e1tmenni akarunk az aut\u00f3k k\u00f6z\u00f6tt, hanem, vezetni akarunk mi is. Voltak is k\u00eds\u00e9rletek, de m\u00e1ra, csak \u00e1llunk az \u00fatszeg\u00e9lyen \u00e9s v\u00e1rjuk, hogy valaki vigyen valahova. <em>Mikor ez megt\u00f6rt\u00e9nik, h\u00e1l\u00e1san kezet cs\u00f3kolunk, ha nem m\u00e1st. Felhagytunk a saj\u00e1t \u00fatr\u00f3l.<\/em> Sodr\u00f3dunk, mint a szem\u00e9t a tengerparti hull\u00e1mok alatt. Fent sz\u00e9p fodroz\u00f3 v\u00edz, lent, szem\u00e9t. Elhaszn\u00e1lt papucsok, napszem\u00fcvegek, m\u0171anyag t\u00e1ny\u00e9rok, r\u00e1ktetemek, h\u00edn\u00e1rok. Lemondtunk az \u00f6n\u00e1ll\u00f3 gondolkod\u00e1sr\u00f3l \u00e9s cselekedetr\u0151l.<em> Nem lett\u00fcnk partnerek sem Bukarestben, sem Budapesten.<\/em><\/p>\n<p>Pedig nem \u00edgy indultunk 1989-ben. Abban a nagy felszabadults\u00e1gban indultak a lapok, r\u00e1di\u00f3k, telev\u00edzi\u00f3k, k\u00f6nyvkiad\u00f3k, sz\u00ednh\u00e1zak, fesztiv\u00e1lok. Az \u00edr\u00f3k \u00edrtak, a tan\u00e1rok tan\u00edtottak, az eszterg\u00e1lyosok eszterg\u00e1ltak, a szobr\u00e1szok faragtak. M\u00e1ra a politikai kommunik\u00e1ci\u00f3 mindent elsepert. A politikus ki\u00e1ll\u00edt\u00e1st nyit, p\u00e1link\u00e1t k\u00f3stol, bajuszt p\u00f6d\u00f6r, k\u00f6nyvet \u00edr, aszfaltozik. Mindenre azonnal f\u00e9nyk\u00e9pet posztol. Az \u00e9rtelmis\u00e9g v\u00edvja cicaharcait a Facebookon, tapsol, profit\u00e1l, vagy s\u00e9rtetten duzzog a sarokban. Ceausescu ma csak \u00e1llna, \u00e1llna, n\u00e9zne ki a fej\u00e9b\u0151l \u00e9s arra gondolna, milyen szer\u00e9ny voltam. Net\u00e1n azt akarom mondani, hogy nem v\u00e1ltozott semmi? Nem, nem ilyenr\u0151l sz\u00f3 sincs. <em>Harmincegy \u00e9ve volt rem\u00e9ny, ma m\u00e1r nincs. <\/em><\/p>\n<p>Nem hiszem, hogy h\u00edgm\u0171velt k\u00f6z\u00e9letet felv\u00e1ltja a magasr\u00f6pt\u0171 gondolat-bajnoks\u00e1g. Nem hiszem, hogy a k\u00f6z\u00e9lett\u0151l h\u00e1rom \u00e9vre eltiltott, m\u00e9gis funkci\u00f3ban l\u00e9v\u0151 kultur\u00e1lis \u00e1llamtitk\u00e1r egyszercsak, lelkiismereti okokb\u00f3l lemondana, \u00e1tadva a hely\u00e9t egy szakembernek. A minap a kolozsv\u00e1ri, egyetlen, rom\u00e1niai magyar operah\u00e1z \u00e9l\u00e9re kineveztek egy hetven\u00e9ves, volt titkosszolg\u00e1lati kollabor\u00e1nst (bes\u00fag\u00f3t) akinek pap\u00edrja van r\u00f3la, hogy 1989-ig politikai rend\u0151rs\u00e9gi munk\u00e1t v\u00e9gzett. A valamikori h\u00edrhedt Securit\u00e1te egyik-m\u00e1sik akt\u00edv tagja nemr\u00e9g mozg\u00f3k\u00e9p m\u00fazeumot nyitott \u00e1llami seg\u00edts\u00e9ggel\u2026 h\u00e1t innen hi\u00e1ba v\u00e1rjuk a megv\u00e1lt\u00e1st. A hatalom a mai napig nem akar szemben\u00e9zni a ceausescui diktat\u00far\u00e1t fenntart\u00f3 hatalom elsz\u00e1moltat\u00e1s\u00e1val, s\u0151t akit m\u00e9g lehet, helyzetbe hoz. A h\u00e9ten a rom\u00e1n korm\u00e1ny titkos\u00edtott minden, az Orsz\u00e1gos Lev\u00e9lt\u00e1rban l\u00e9v\u0151 dokumentumot, ami 1972 \u00e9s 1989 decembere k\u00f6z\u00f6tt sz\u00fcletett. Nem K\u00edn\u00e1ban, hanem agy olyan orsz\u00e1gban, amelyik a schengeni \u00f6vezethez akar tartozni. Itt kurv\u00e1ra f\u00e9lnek a k\u00f6zelm\u00faltt\u00f3l. Az \u0151sid\u0151k t\u00f6rt\u00e9nelm\u00e9t m\u00e1r \u00e1t\u00edrt\u00e1k, a k\u00f6zelm\u00falt m\u00e9g zavar.<\/p>\n<p>Minden nap tartogat egy kis meglepet\u00e9st. A t\u00f6bb mint h\u00e1rom \u00e9vtizede m\u0171v\u00e9szeti int\u00e9zm\u00e9nyt vezet\u0151, m\u0171v\u00e9sz a h\u00e9ten kijelentette, a nyilv\u00e1nos t\u00e9rben, hogy nem is volt Covid-j\u00e1rv\u00e1ny, tov\u00e1bb\u00e1 \u00e9rz\u00e9kelteti, hogy m\u00e9lt\u00e1nytalan az orosz hatalomhoz val\u00f3, eur\u00f3pai viszony, \u00e9s norm\u00e1lis, ha egy p\u00e9ld\u00e1san m\u0171k\u00f6d\u0151 budapesti m\u0171v\u00e9szeti f\u0151iskol\u00e1t a hatalom felsz\u00e1mol, mert valaki m\u00e1s megk\u00edv\u00e1nta. Diszkr\u00e9ten f\u00e9lren\u00e9z\u00fcnk, k\u00f6h\u00e9csel\u00fcnk. \u00c9vek \u00f3ta mindenki eln\u00e9zni neki, hogy munk\u00e1iban sokszor m\u00e1sok alkot\u00e1sait m\u00e1solja\u2026 h\u00e1t akkor ezt mi\u00e9rt ne? Vil\u00e1gh\u00edr\u0171, mondja mag\u00e1r\u00f3l. mi meg elhissz\u00fck, mert \u00edgy k\u00e9nyelmesebb, meg igenis nek\u00fcnk is j\u00e1r egy vil\u00e1gh\u00edr\u0171\u2026<\/p>\n<p>Az a kev\u00e9s j\u00f3 is, ami t\u00f6rt\u00e9nik, titokban marad, mert a lapokat nem az olvas\u00f3k, hanem a hatalom tartja fenn. A hatalom meg nem \u00e9rdekelt olyanokr\u00f3l sz\u00f3lni, amihez semmi k\u00f6ze sincs.<\/p>\n<p>Hogy mondjak valami j\u00f3t is, Igen, a valamikor jobb napokat meg\u00e9lt Kriterion kiad\u00f3n\u00e1l megjelent Kir\u00e1ly L\u00e1szl\u00f3 v\u00e1logatott versesk\u00f6tete. Tudjuk, hogy \u0151 az egyik legjelent\u0151sebb magyar k\u00f6lt\u0151, de van egy hib\u00e1ja, S\u00f3v\u00e1radon alkot, \u00e9s h\u00e1t a Vil\u00e1g nagy Fogaskerekei nem ott kapcsol\u00f3dnak egym\u00e1sba. Meg h\u00e1t alpolg\u00e1rmester se nem volt, meg m\u00e9g alap\u00edtv\u00e1nyban sem kur\u00e1tor\u2026 Z\u00e1rom h\u00e1t az \u00e9vv\u00e9gi lelt\u00e1rt vele: J\u00f3 sz\u00fa, rossz sz\u00fa, \u00e9let\u00fcnk nem hossz\u00fa, m\u00e9gis minden b\u00e1ntalom\u00e9rt elmarad a bossz\u00fa.<\/p>\n<p><em>Nagyadorj\u00e1n, 2022. december 15-r\u0151l 16-\u00e1ra virrad\u00f3an.<\/em><\/p>\n<p><a href=\"https:\/\/ujkafe.website\/wp-content\/uploads\/2022\/12\/pusztai-irina-kafe.jpg\"><img loading=\"lazy\" decoding=\"async\" class=\"alignnone size-medium wp-image-103847\" src=\"https:\/\/ujkafe.website\/wp-content\/uploads\/2022\/12\/pusztai-irina-kafe-284x300.jpg\" alt=\"\" width=\"284\" height=\"300\" srcset=\"https:\/\/ujkafe.website\/wp-content\/uploads\/2022\/12\/pusztai-irina-kafe-284x300.jpg 284w, https:\/\/ujkafe.website\/wp-content\/uploads\/2022\/12\/pusztai-irina-kafe-969x1024.jpg 969w, https:\/\/ujkafe.website\/wp-content\/uploads\/2022\/12\/pusztai-irina-kafe-768x812.jpg 768w, https:\/\/ujkafe.website\/wp-content\/uploads\/2022\/12\/pusztai-irina-kafe.jpg 1211w\" sizes=\"auto, (max-width: 284px) 100vw, 284px\" \/><\/a><\/p>\n<p>* <b>G\u00e1sp\u00e1rik Attila<\/b> (<a title=\"Nagyv\u00e1rad\" href=\"https:\/\/hu.wikipedia.org\/wiki\/Nagyv%C3%A1rad\">Nagyv\u00e1rad<\/a>, <a title=\"1965\" href=\"https:\/\/hu.wikipedia.org\/wiki\/1965\">1965<\/a>.) rom\u00e1niai magyar sz\u00edn\u00e9sz, tan\u00e1r, projektmenedzser, m\u00e9diaszakember, 2012-t\u0151l a <a title=\"Nemzeti Sz\u00ednh\u00e1z (Marosv\u00e1s\u00e1rhely)\" href=\"https:\/\/hu.wikipedia.org\/wiki\/Nemzeti_Sz%C3%ADnh%C3%A1z_(Marosv%C3%A1s%C3%A1rhely)\">Marosv\u00e1s\u00e1rhelyi Nemzeti Sz\u00ednh\u00e1z<\/a> vez\u00e9rigazgat\u00f3ja volt egy h\u00f3nappal ezel\u00f5ttig.<\/p>\n","protected":false},"excerpt":{"rendered":"<p>&nbsp; December, mint annak idej\u00e9n, 1989-ben. H\u00fasz kil\u00f3val \u00e9s harmincegy \u00e9vvel ezel\u0151tt. Nekem is, mint annak idej\u00e9n a K\u00e1lv\u00e1ria utcai nagyany\u00e1mnak, Nagyv\u00e1radon, minden \u201enagy\u201d gondolatom a \u201ek\u00e1lyh\u00e1t\u00f3l\u201d indul. Mikor egy kicsit elgondolkodott, azt mondta: a felszabadul\u00e1s ut\u00e1n\u2026 Nekem is s\u0171r\u0171n kezd\u0151dnek a mondataim, azzal, hogy a Forradalom ut\u00e1n\u2026 Forradalom volt 1989-ben Rom\u00e1ni\u00e1ban, pont ahogy 1944 [&hellip;]<\/p>\n","protected":false},"author":2954,"featured_media":0,"comment_status":"open","ping_status":"open","sticky":false,"template":"","format":"standard","meta":{"_monsterinsights_skip_tracking":false,"_monsterinsights_sitenote_active":false,"_monsterinsights_sitenote_note":"","_monsterinsights_sitenote_category":0,"ngg_post_thumbnail":0,"footnotes":""},"categories":[159],"tags":[],"class_list":["post-103848","post","type-post","status-publish","format-standard","hentry","category-hany-ora"],"_links":{"self":[{"href":"https:\/\/ujkafe.website\/index.php?rest_route=\/wp\/v2\/posts\/103848","targetHints":{"allow":["GET"]}}],"collection":[{"href":"https:\/\/ujkafe.website\/index.php?rest_route=\/wp\/v2\/posts"}],"about":[{"href":"https:\/\/ujkafe.website\/index.php?rest_route=\/wp\/v2\/types\/post"}],"author":[{"embeddable":true,"href":"https:\/\/ujkafe.website\/index.php?rest_route=\/wp\/v2\/users\/2954"}],"replies":[{"embeddable":true,"href":"https:\/\/ujkafe.website\/index.php?rest_route=%2Fwp%2Fv2%2Fcomments&post=103848"}],"version-history":[{"count":0,"href":"https:\/\/ujkafe.website\/index.php?rest_route=\/wp\/v2\/posts\/103848\/revisions"}],"wp:attachment":[{"href":"https:\/\/ujkafe.website\/index.php?rest_route=%2Fwp%2Fv2%2Fmedia&parent=103848"}],"wp:term":[{"taxonomy":"category","embeddable":true,"href":"https:\/\/ujkafe.website\/index.php?rest_route=%2Fwp%2Fv2%2Fcategories&post=103848"},{"taxonomy":"post_tag","embeddable":true,"href":"https:\/\/ujkafe.website\/index.php?rest_route=%2Fwp%2Fv2%2Ftags&post=103848"}],"curies":[{"name":"wp","href":"https:\/\/api.w.org\/{rel}","templated":true}]}}