
{"id":10399,"date":"2011-08-04T14:34:54","date_gmt":"2011-08-04T14:34:54","guid":{"rendered":"https:\/\/ujkafe.website\/?p=10399"},"modified":"2011-08-04T14:34:54","modified_gmt":"2011-08-04T14:34:54","slug":"vancso-zoltan-uj-albuma","status":"publish","type":"post","link":"https:\/\/ujkafe.website\/?p=10399","title":{"rendered":"Vancs\u00f3 Zolt\u00e1n \u00faj albuma"},"content":{"rendered":"<div id=\"attachment_10400\" style=\"width: 620px\" class=\"wp-caption alignnone\"><a href=\"https:\/\/ujkafe.website\/wp-content\/uploads\/2011\/08\/kinai.jpg\"><img loading=\"lazy\" decoding=\"async\" aria-describedby=\"caption-attachment-10400\" class=\"size-full wp-image-10400\" title=\"kinai\" src=\"https:\/\/ujkafe.website\/wp-content\/uploads\/2011\/08\/kinai.jpg\" alt=\"\" width=\"610\" height=\"373\" srcset=\"https:\/\/ujkafe.website\/wp-content\/uploads\/2011\/08\/kinai.jpg 610w, https:\/\/ujkafe.website\/wp-content\/uploads\/2011\/08\/kinai-300x183.jpg 300w\" sizes=\"auto, (max-width: 610px) 100vw, 610px\" \/><\/a><p id=\"caption-attachment-10400\" class=\"wp-caption-text\">2009 v\u00e9g\u00e9n m\u00e1sf\u00e9l hetet t\u00f6lt\u00f6ttem K\u00edna d\u00e9l-keleti r\u00e9sz\u00e9n, egy nemzetk\u00f6zi fot\u00f3fesztiv\u00e1l r\u00e9sztvev\u0151jek\u00e9nt. A hivatalos cerem\u00f3ni\u00e1k mellett szerencs\u00e9re sok id\u0151m maradt a fot\u00f3z\u00e1sra. Miut\u00e1n k\u00e9t \u00e9v eltelt\u00e9vel \u00f6ssze\u00e1ll\u00edtottam az \u00fat anyag\u00e1b\u00f3l egy k\u00f6nyvet \u00e9s egy slide showt, sz\u00e1momra is meglep\u0151 volt, mennyire m\u00e1s jelleg\u0171 fot\u00f3kat k\u00e9sz\u00edtettem akkor, mint amiket mostan\u00e1ban fot\u00f3zok. A sorozat k\u00e9peinek nagy r\u00e9sz\u00e9t sz\u00ednesben hagytam, n\u00e9h\u00e1nyr\u00f3l gondoltam csak \u00fagy, jobban \u00e1ll neki a fekete-feh\u00e9r.<\/p><\/div>\n<p>\u00cdzel\u00edt\u0151\u00fcl n\u00e9zze meg ezt a kb. 3 perces vide\u00f3t, mely s\u0171r\u00edtetten tartalmazza az album f\u0151bb elemeit<\/p>\n<p><a href=\"http:\/\/vimeo.com\/27282666\">http:\/\/vimeo.com\/27282666<\/a><\/p>\n","protected":false},"excerpt":{"rendered":"<p>\u00cdzel\u00edt\u0151\u00fcl n\u00e9zze meg ezt a kb. 3 perces vide\u00f3t, mely s\u0171r\u00edtetten tartalmazza az album f\u0151bb elemeit http:\/\/vimeo.com\/27282666<\/p>\n","protected":false},"author":3,"featured_media":0,"comment_status":"open","ping_status":"open","sticky":false,"template":"","format":"standard","meta":{"_monsterinsights_skip_tracking":false,"_monsterinsights_sitenote_active":false,"_monsterinsights_sitenote_note":"","_monsterinsights_sitenote_category":0,"ngg_post_thumbnail":0,"footnotes":""},"categories":[5],"tags":[],"class_list":["post-10399","post","type-post","status-publish","format-standard","hentry","category-foto"],"_links":{"self":[{"href":"https:\/\/ujkafe.website\/index.php?rest_route=\/wp\/v2\/posts\/10399","targetHints":{"allow":["GET"]}}],"collection":[{"href":"https:\/\/ujkafe.website\/index.php?rest_route=\/wp\/v2\/posts"}],"about":[{"href":"https:\/\/ujkafe.website\/index.php?rest_route=\/wp\/v2\/types\/post"}],"author":[{"embeddable":true,"href":"https:\/\/ujkafe.website\/index.php?rest_route=\/wp\/v2\/users\/3"}],"replies":[{"embeddable":true,"href":"https:\/\/ujkafe.website\/index.php?rest_route=%2Fwp%2Fv2%2Fcomments&post=10399"}],"version-history":[{"count":0,"href":"https:\/\/ujkafe.website\/index.php?rest_route=\/wp\/v2\/posts\/10399\/revisions"}],"wp:attachment":[{"href":"https:\/\/ujkafe.website\/index.php?rest_route=%2Fwp%2Fv2%2Fmedia&parent=10399"}],"wp:term":[{"taxonomy":"category","embeddable":true,"href":"https:\/\/ujkafe.website\/index.php?rest_route=%2Fwp%2Fv2%2Fcategories&post=10399"},{"taxonomy":"post_tag","embeddable":true,"href":"https:\/\/ujkafe.website\/index.php?rest_route=%2Fwp%2Fv2%2Ftags&post=10399"}],"curies":[{"name":"wp","href":"https:\/\/api.w.org\/{rel}","templated":true}]}}