
{"id":104003,"date":"2023-01-14T09:36:27","date_gmt":"2023-01-14T09:36:27","guid":{"rendered":"https:\/\/ujkafe.website\/?p=104003"},"modified":"2023-01-14T09:39:01","modified_gmt":"2023-01-14T09:39:01","slug":"hany-ora-cseke-peter","status":"publish","type":"post","link":"https:\/\/ujkafe.website\/?p=104003","title":{"rendered":"H\u00e1ny \u00f3ra, Cseke P\u00e9ter*?"},"content":{"rendered":"<p>&nbsp;<\/p>\n<p>Csaknem negyedsz\u00e1zada f\u00e9l hatkor \u00e9bredek. \u00cdgy volt ez most \u00d3esztend\u0151 napj\u00e1n is. De az \u00daj\u00e9vet tizenkett\u0151 ut\u00e1n kezdtem a B\u00e9csi Filharmonikusok hangverseny\u00e9vel.<\/p>\n<p>Az elker\u00fclhetetlen \u00f3esztendei visszatekint\u00e9skor az villant f\u00f6l bennem: milyen sokat k\u00f6sz\u00f6nhetek \u00e9letem \u201ef\u00e9l hatos\u201d \u00e9bred\u00e9seinek. Bel\u00e9m idegz\u0151d\u00f6tt, hogy el\u0151bb mindig a Kossuth R\u00e1di\u00f3ban sug\u00e1rzott K\u00e1rp\u00e1t-medencei m\u0171sort, a <em>Hat\u00e1rok n\u00e9lk\u00fcl<\/em>t hallgatom meg, hogy k\u00f6vethessem eszmet\u00e1rsaim, sz\u00edvb\u00e9li j\u00f3embereim k\u00fczdelmeit a Trianon ut\u00e1ni r\u00e9gi\u00f3kban: Erd\u00e9lyben, Felvid\u00e9ken, D\u00e9lvid\u00e9ken \u00e9s K\u00e1rp\u00e1talj\u00e1n. T\u00f6bbs\u00e9g\u00fckkel az <em>Anyanyelvi Konferencia<\/em> (A Magyar Nyelv \u00e9s Kult\u00fara Nemzetk\u00f6zi T\u00e1rsas\u00e1ga) v\u00e1lasztm\u00e1ny\u00e1ban ismerkedhettem meg \u2013 a k\u00f6nyvkiad\u00e1s- \u00e9s sajt\u00f3szakoszt\u00e1ly vezet\u0151jek\u00e9nt \u2013 1992 \u00e9s 2000 k\u00f6z\u00f6tt. K\u00f6z\u00fcl\u00fck ma legink\u00e1bb Dupka Gy\u00f6rgy sokr\u00e9t\u0171 k\u00e1rp\u00e1taljai munk\u00e1ss\u00e1g\u00e1ra figyelek, aki l\u00e1gerkutat\u00e1sai sor\u00e1n t\u00f6rt\u00e9n\u00e9ssz\u00e9 k\u00e9pezte \u00e1t mag\u00e1t, mik\u00f6zben k\u00f6nyvkiad\u00f3t vezetett \u00e9s foly\u00f3iratot adott ki. Ezt teszi ma is. T\u0151le kapom meg minden h\u00f3napban a <em>K\u00e1rp\u00e1ti Magyar Kr\u00f3nik\u00e1<\/em>t, a K\u00e1rp\u00e1taljai Magyar M\u0171vel\u0151d\u00e9si Int\u00e9zet elektronikus h\u00edrlapj\u00e1t \u2013 kiemelked\u0151 p\u00e9ld\u00e1jak\u00e9nt annak, hogy h\u00e1bor\u00fas \u201ehat\u00e1rhelyzetben\u201d k\u00fcl\u00f6n\u00f6sen megn\u0151 az elhivatott \u00e9rtelmis\u00e9giek k\u00f6z\u00f6ss\u00e9gi felel\u0151ss\u00e9ge.<!--more--><\/p>\n<p>Magam kiv\u00e1ltk\u00e9ppen \u201eegyetem\u00e9p\u00edt\u0151\u201d korszakomban \u00e9lhettem \u00e1t ezt a fajta felel\u0151ss\u00e9get (a \u201989 el\u0151tti id\u0151kr\u0151l most nem besz\u00e9lek). Amint elk\u00f6sz\u00f6ntek a <em>Hat\u00e1rok n\u00e9lk\u00fcl<\/em> szerkeszt\u0151i, m\u00e1ris \u00fcltem az \u00edr\u00f3g\u00e9p (manaps\u00e1g m\u00e1r a laptop) el\u00e9, s folytattam az el\u0151z\u0151 napon abbahagyott k\u00e9ziratot. Merthogy f\u00e9l t\u00edzre be kellett \u00e9rnem a d\u00e9k\u00e1ni hivatalba, ahonnan a napi \u00fcgyint\u00e9z\u00e9s ut\u00e1n el\u0151ad\u00e1saim megtart\u00e1s\u00e1ra indultam, hogy azt\u00e1n az este vessen haza. Egyetem\u00e9p\u00edt\u00e9s ide vagy oda: a napi k\u00e9t g\u00e9pelt oldalnyi \u201epenzumot\u201d sosem hagytam ki. Tanulm\u00e1nyaim \u00e9s k\u00f6nyveim sz\u00e1m\u00e1nak a gyarapod\u00e1s\u00e1val t\u00f6bben megk\u00e9rdezt\u00e9k: hogy is volt id\u0151m \u00edr\u00e1sra annyif\u00e9le elfoglalts\u00e1g k\u00f6zepette? Akkoriban nem t\u00f6prengtem ezen, az id\u0151 szor\u00edt\u00e1s\u00e1ban cselekedtem ekk\u00e9ppen.<\/p>\n<p>Nyugd\u00edjask\u00e9nt most azt\u00e1n van t\u00f6prengeni val\u00f3m b\u0151ven. Teszem ezt az eur\u00f3pai t\u00e9r-id\u0151 szor\u00edt\u00e1s\u00e1ban. Am\u00edg a Duna-telev\u00edzi\u00f3 k\u00f6zvet\u00edt\u00e9se r\u00e9v\u00e9n a b\u00e9csi filharmonikusok r\u00e1ad\u00e1s\u00e1t hallgatom, mind az j\u00e1r a fejemben: vajon milyen \u201er\u00e1ad\u00e1ssal\u201d szolg\u00e1l az ezerkilencsz\u00e1zhuszonh\u00e1rmas esztend\u0151? A v\u00edrusos \u00e9veket azzal tettem magamban \u201ead acta\u201d, hogy immunanyag-n\u00f6veszt\u0151k\u00e9nt, mintegy ellensz\u00e9rumk\u00e9nt P\u00e1sk\u00e1ndi \u2013 b\u00f6rt\u00f6n\u00e9veket k\u00f6vet\u0151 \u2013 szellemi\/irodalmi szabads\u00e1gharc\u00e1nak t\u00f6rt\u00e9net\u00e9t (<em>Beckett Erd\u00e9lybe j\u00f6n<\/em>) \u00edrtam. Csakhogy a v\u00edrusvesz\u00e9ly most is ugr\u00e1sra k\u00e9szen \u00e1ll, a szomsz\u00e9dban zajl\u00f3 h\u00e1bor\u00fa pedig gerjeszti am\u00fagy is bor\u00fal\u00e1t\u00f3 el\u0151\u00e9rzetemet: aligha tudom m\u00e1r befejezni \u00e9pp csak elkezdett vagy pedig (egyel\u0151re m\u00e9g) f\u00e9lben-szerben l\u00e9v\u0151 k\u00e9zirataimat. \u201eHi\u00e1baval\u00f3s\u00e1g-\u00e9rzetemet\u201d h\u00e1t azzal pr\u00f3b\u00e1lom tomp\u00edtani, hogy janu\u00e1r m\u00e1sodik\u00e1n f\u00e9l hatt\u00f3l \u00fajb\u00f3l kezdem bele\u00e9lni magam egy tetszhalott \u00e1llapotban l\u00e9v\u0151 P\u00e1sk\u00e1ndi-essz\u00e9folyam, A v\u00e1ndor-l\u00edra \u201e\u00fajj\u00e1\u00e9leszt\u00e9s\u00e9be\u201d (amit a hetvenes \u00e9vek elej\u00e9t\u0151l tartok sz\u00e1mon az Utunk \u00e9s az Igaz Sz\u00f3 has\u00e1bjair\u00f3l).<\/p>\n<p><em>\u201eAkit a kakasok \u00e9bresztenek\u201d<\/em> \u2013 \u00e9vekkel ezel\u0151tt B\u00f6l\u00f6ni Domokos bar\u00e1tom ezt a c\u00edmet adta r\u00f3lam sz\u00f3l\u00f3 \u00edr\u00e1s\u00e1nak, amikor huzamosabb ideig az <em>\u201eAthosz-hegy\u201d<\/em> alatt (Ken\u00e9z Ferenc n\u00e9vad\u00e1sa) Atosfalv\u00e1n tart\u00f3zkodtam. (Ami\u00f3ta nemcsak nemzed\u00e9kt\u00e1rsaim egy r\u00e9sze, hanem a szomsz\u00e9daim is \u201eel\u0151re mentek\u201d, m\u00falt id\u0151be kell tennem, sajnos, a kakassz\u00f3val h\u00edr\u00fcl adott hajnalokat is.)<\/p>\n<p>Hetvenkilencedik \u00e9let\u00e9vem k\u00fcsz\u00f6b\u00e9n \u2013 ak\u00e1r Kolozsv\u00e1ron vagyok, ak\u00e1r Atosfalv\u00e1n \u2013, az a felismer\u00e9s hatalmasodik el bennem: ezent\u00fal egyed\u00fcl csak tov\u00e1bbp\u00f6rget\u00e9st ig\u00e9nyl\u0151 gondolataimra vagyok utalva, egy ideig m\u00e9g \u0151k \u201eviselhetik gondomat\u201d.<\/p>\n<p>&nbsp;<\/p>\n<p><em>*Cseke P\u00e9ter Irodalom- \u00e9s eszmet\u00f6rt\u00e9n\u00e9sz, ny. egyetemi tan\u00e1r, a Kolozsv\u00e1ri Kommunik\u00e1ci\u00f3- \u00e9s M\u00e9diatudom\u00e1nyi Int\u00e9zet megalap\u00edt\u00f3ja \u00e9s igazgat\u00f3ja. 1945-ben sz\u00fcletett a Hargita megyei Recseny\u00e9den, 1968-ban diplom\u00e1zott a kolozsv\u00e1ri Babe\u015f\u2013Bolyai Tudom\u00e1nyegyetem Magyar Nyelv \u00e9s Irodalom szak\u00e1n, ott szerezte meg a filol\u00f3giai tudom\u00e1nyok doktora fokozatot 1995-ben. 1990-t\u0151l a Korunk bels\u0151 munkat\u00e1rsa, 1991-t\u0151l 1994-ig szerkeszt\u0151s\u00e9gi f\u0151titk\u00e1ra, 1992-t\u0151l a Korunk Bar\u00e1ti T\u00e1rsas\u00e1g \u00e9gisze alatt m\u0171k\u00f6d\u0151 Komp-Press \u00e9letre h\u00edv\u00f3ja, a kiad\u00f3 els\u0151 \u00e9veinek felel\u0151s vezet\u0151je.<\/em><\/p>\n<p><em>Kutat\u00e1si ter\u00fclete: a k\u00e9t vil\u00e1gh\u00e1bor\u00fa k\u00f6z\u00f6tti id\u0151szak sajt\u00f3t\u00f6rt\u00e9neti, irodalomt\u00f6rt\u00e9neti \u00e9s eszmet\u00f6rt\u00e9neti vizsg\u00e1lata. Az \u00e1ltala ir\u00e1ny\u00edtott doktori hallgat\u00f3k k\u00f6z\u00fcl Gy\u0151rffy G\u00e1bor, Both\u00e1zi M\u00e1ria \u00e9s Szusz\u00e1mi Zsuzsanna foglalkozott a Korunk t\u00f6rt\u00e9net\u00e9vel.<\/em><\/p>\n<p><em>Az MTA k\u00fclf\u00f6ldi k\u00f6ztest\u00fcleti tagja, a Nemzetk\u00f6zi Hungarol\u00f3giai T\u00e1rsas\u00e1g tiszteletbeli tagja.<\/em><\/p>\n<p>&nbsp;<\/p>\n<p><a href=\"https:\/\/ujkafe.website\/wp-content\/uploads\/2022\/12\/pusztai-irina-kafe.jpg\"><img loading=\"lazy\" decoding=\"async\" class=\"alignnone size-medium wp-image-103847\" src=\"https:\/\/ujkafe.website\/wp-content\/uploads\/2022\/12\/pusztai-irina-kafe-284x300.jpg\" alt=\"\" width=\"284\" height=\"300\" srcset=\"https:\/\/ujkafe.website\/wp-content\/uploads\/2022\/12\/pusztai-irina-kafe-284x300.jpg 284w, https:\/\/ujkafe.website\/wp-content\/uploads\/2022\/12\/pusztai-irina-kafe-969x1024.jpg 969w, https:\/\/ujkafe.website\/wp-content\/uploads\/2022\/12\/pusztai-irina-kafe-768x812.jpg 768w, https:\/\/ujkafe.website\/wp-content\/uploads\/2022\/12\/pusztai-irina-kafe.jpg 1211w\" sizes=\"auto, (max-width: 284px) 100vw, 284px\" \/><\/a><\/p>\n","protected":false},"excerpt":{"rendered":"<p>&nbsp; Csaknem negyedsz\u00e1zada f\u00e9l hatkor \u00e9bredek. \u00cdgy volt ez most \u00d3esztend\u0151 napj\u00e1n is. De az \u00daj\u00e9vet tizenkett\u0151 ut\u00e1n kezdtem a B\u00e9csi Filharmonikusok hangverseny\u00e9vel. Az elker\u00fclhetetlen \u00f3esztendei visszatekint\u00e9skor az villant f\u00f6l bennem: milyen sokat k\u00f6sz\u00f6nhetek \u00e9letem \u201ef\u00e9l hatos\u201d \u00e9bred\u00e9seinek. Bel\u00e9m idegz\u0151d\u00f6tt, hogy el\u0151bb mindig a Kossuth R\u00e1di\u00f3ban sug\u00e1rzott K\u00e1rp\u00e1t-medencei m\u0171sort, a Hat\u00e1rok n\u00e9lk\u00fclt hallgatom meg, hogy [&hellip;]<\/p>\n","protected":false},"author":2954,"featured_media":0,"comment_status":"open","ping_status":"open","sticky":false,"template":"","format":"standard","meta":{"_monsterinsights_skip_tracking":false,"_monsterinsights_sitenote_active":false,"_monsterinsights_sitenote_note":"","_monsterinsights_sitenote_category":0,"ngg_post_thumbnail":0,"footnotes":""},"categories":[159],"tags":[],"class_list":["post-104003","post","type-post","status-publish","format-standard","hentry","category-hany-ora"],"_links":{"self":[{"href":"https:\/\/ujkafe.website\/index.php?rest_route=\/wp\/v2\/posts\/104003","targetHints":{"allow":["GET"]}}],"collection":[{"href":"https:\/\/ujkafe.website\/index.php?rest_route=\/wp\/v2\/posts"}],"about":[{"href":"https:\/\/ujkafe.website\/index.php?rest_route=\/wp\/v2\/types\/post"}],"author":[{"embeddable":true,"href":"https:\/\/ujkafe.website\/index.php?rest_route=\/wp\/v2\/users\/2954"}],"replies":[{"embeddable":true,"href":"https:\/\/ujkafe.website\/index.php?rest_route=%2Fwp%2Fv2%2Fcomments&post=104003"}],"version-history":[{"count":0,"href":"https:\/\/ujkafe.website\/index.php?rest_route=\/wp\/v2\/posts\/104003\/revisions"}],"wp:attachment":[{"href":"https:\/\/ujkafe.website\/index.php?rest_route=%2Fwp%2Fv2%2Fmedia&parent=104003"}],"wp:term":[{"taxonomy":"category","embeddable":true,"href":"https:\/\/ujkafe.website\/index.php?rest_route=%2Fwp%2Fv2%2Fcategories&post=104003"},{"taxonomy":"post_tag","embeddable":true,"href":"https:\/\/ujkafe.website\/index.php?rest_route=%2Fwp%2Fv2%2Ftags&post=104003"}],"curies":[{"name":"wp","href":"https:\/\/api.w.org\/{rel}","templated":true}]}}