
{"id":104259,"date":"2023-03-12T05:31:24","date_gmt":"2023-03-12T05:31:24","guid":{"rendered":"https:\/\/ujkafe.website\/?p=104259"},"modified":"2023-03-12T05:31:24","modified_gmt":"2023-03-12T05:31:24","slug":"ivan-gizella-lana-mesei-taljan-mese","status":"publish","type":"post","link":"https:\/\/ujkafe.website\/?p=104259","title":{"rendered":"Iv\u00e1n Gizella: Lana mes\u00e9i &#8211; Talj\u00e1n mese"},"content":{"rendered":"<p>&nbsp;<\/p>\n<p>Anya \u00e9s apa s\u00e9t\u00e1l. Anya el\u0151l, apa ut\u00e1na.<\/p>\n<p>Anya, sz\u00e1llj m\u00e1r le.<\/p>\n<p>Valami bajod van? Istenem, megint r\u00e1j\u00f6tt az \u00f4tperc&#8230; Honnan sz\u00e1lljak le?<\/p>\n<p>A magas l\u00f3r\u00f3l. Mert azt hiszed, velem mindent megcsin\u00e1lhatsz, hogy engem elcs\u00e1b\u00edthatsz.<\/p>\n<p>M\u00e1r r\u00e9gen nincs ilyen sz\u00e1nd\u00e9kom.<\/p>\n<p>Ha a fejed tetej\u00e9re \u00e1llsz, akkor sem megyek az Uffizibe.<!--more--><\/p>\n<p>Nem \u00e9rdekel A tavasz, a Meduza, s az Urbin\u00f3i V\u00e9nuszt sem akarod l\u00e1tni?<\/p>\n<p>Nem is tudom mir\u0151l besz\u00e9lsz. Elegem van, f\u00e1radt vagyok.<\/p>\n<p>\u00c9n sem megyek.<\/p>\n<p>Akkor hov\u00e1 megy\u00fcnk?<\/p>\n<p>V\u00e1s\u00e1rolni. Vesz\u00fcnk valamit. A gyerek nagyon v\u00e1rja.<\/p>\n<p>S tudod m\u00e1r mit k\u00e9ne?<\/p>\n<p>Mondjuk egy Michelangelo reprintet a koll\u00e9giumi szoba fal\u00e1ra.<\/p>\n<p>L\u00e1tom, nem tudsz feln\u0151ni hozz\u00e1m. Reprint? Az nem illik hozz\u00e1nk. Merj nagyot \u00e1lmodni anyuka.<\/p>\n<p>Aha. Akkor vegy\u00fcnk egy Furla t\u00e1sk\u00e1t.<\/p>\n<p>Ha m\u00e1r t\u00e1ska, akkor Louis Vuitton. Nem vagyunk al\u00e1bbval\u00f3k T\u00f3nin\u00e1l. De nem azt vesz\u00fcnk. Maradand\u00f3 eml\u00e9ket.<\/p>\n<p>Mire gondolsz?<\/p>\n<p>A D\u00e1vidra.<\/p>\n<p>Ki az a D\u00e1vid?<\/p>\n<p>H\u00e1t nem a Copperfield. N\u00e9zd csak, ez az a szobor, amit kin\u00e9ztem.<\/p>\n<p>Ne vacakolj m\u00e1r apa, ez olyan kacskal\u00e1b\u00fa.<\/p>\n<p>Semmi baj, majd otthon \u00e1tfaragtatom.<\/p>\n","protected":false},"excerpt":{"rendered":"<p>&nbsp; Anya \u00e9s apa s\u00e9t\u00e1l. Anya el\u0151l, apa ut\u00e1na. Anya, sz\u00e1llj m\u00e1r le. Valami bajod van? Istenem, megint r\u00e1j\u00f6tt az \u00f4tperc&#8230; Honnan sz\u00e1lljak le? A magas l\u00f3r\u00f3l. Mert azt hiszed, velem mindent megcsin\u00e1lhatsz, hogy engem elcs\u00e1b\u00edthatsz. M\u00e1r r\u00e9gen nincs ilyen sz\u00e1nd\u00e9kom. Ha a fejed tetej\u00e9re \u00e1llsz, akkor sem megyek az Uffizibe.<\/p>\n","protected":false},"author":2954,"featured_media":0,"comment_status":"open","ping_status":"open","sticky":false,"template":"","format":"standard","meta":{"_monsterinsights_skip_tracking":false,"_monsterinsights_sitenote_active":false,"_monsterinsights_sitenote_note":"","_monsterinsights_sitenote_category":0,"ngg_post_thumbnail":0,"footnotes":""},"categories":[132],"tags":[],"class_list":["post-104259","post","type-post","status-publish","format-standard","hentry","category-elbeszeles"],"_links":{"self":[{"href":"https:\/\/ujkafe.website\/index.php?rest_route=\/wp\/v2\/posts\/104259","targetHints":{"allow":["GET"]}}],"collection":[{"href":"https:\/\/ujkafe.website\/index.php?rest_route=\/wp\/v2\/posts"}],"about":[{"href":"https:\/\/ujkafe.website\/index.php?rest_route=\/wp\/v2\/types\/post"}],"author":[{"embeddable":true,"href":"https:\/\/ujkafe.website\/index.php?rest_route=\/wp\/v2\/users\/2954"}],"replies":[{"embeddable":true,"href":"https:\/\/ujkafe.website\/index.php?rest_route=%2Fwp%2Fv2%2Fcomments&post=104259"}],"version-history":[{"count":0,"href":"https:\/\/ujkafe.website\/index.php?rest_route=\/wp\/v2\/posts\/104259\/revisions"}],"wp:attachment":[{"href":"https:\/\/ujkafe.website\/index.php?rest_route=%2Fwp%2Fv2%2Fmedia&parent=104259"}],"wp:term":[{"taxonomy":"category","embeddable":true,"href":"https:\/\/ujkafe.website\/index.php?rest_route=%2Fwp%2Fv2%2Fcategories&post=104259"},{"taxonomy":"post_tag","embeddable":true,"href":"https:\/\/ujkafe.website\/index.php?rest_route=%2Fwp%2Fv2%2Ftags&post=104259"}],"curies":[{"name":"wp","href":"https:\/\/api.w.org\/{rel}","templated":true}]}}