
{"id":104298,"date":"2023-03-22T20:07:09","date_gmt":"2023-03-22T20:07:09","guid":{"rendered":"https:\/\/ujkafe.website\/?p=104298"},"modified":"2023-03-22T20:09:12","modified_gmt":"2023-03-22T20:09:12","slug":"ivan-gizella-kitarulkozas","status":"publish","type":"post","link":"https:\/\/ujkafe.website\/?p=104298","title":{"rendered":"Iv\u00e1n Gizella: Kit\u00e1rulkoz\u00e1s*"},"content":{"rendered":"<p><em>A Kit\u00e1rulkoz\u00e1s k\u00f6tet el\u00f5szava:<\/em><\/p>\n<p><em>Buddha: \u201eAmikor nagy csal\u00f3d\u00e1s \u00e9r benn\u00fcnket, azt hissz\u00fck, itt a vil\u00e1g v\u00e9ge. Holott lehet, hogy \u00e9pp egy nagy kaland veszi kezdet\u00e9t.\u201d<\/em><\/p>\n<p>Vagy h\u00fasz esztendeje egy ciprusi kis kopt templomban \u00fcld\u00f6g\u00e9ltem, s f\u00e1radt l\u00e1baimat keresztbe rakva \u00e9lveztem a falakb\u00f3l \u00e1rad\u00f3 h\u0171v\u00f6st. \u00c9ppen elbambultam, mikor egy helyb\u00e9li any\u00f3ka bel\u00e9pett a napf\u00e9nyr\u0151l. Nem l\u00e1ttam j\u00f3l, csak azt, hogy t\u00f6p\u00f6r\u00f6d\u00f6tt, hajlott h\u00e1t\u00fa, no meg hogy tiszta feket\u00e9ben volt. Jaj-jaj, \u00fagy n\u00e9zett r\u00e1m, mint akinek az \u00f6rd\u00f6g jelent meg. Nem sok\u00e1ig hagyott k\u00e9ts\u00e9get afel\u0151l, hogy az \u00f6rd\u00f6g \u00e9n vagyok. Nem t\u00e9tov\u00e1zott, egyenesen r\u00e1m rontott, csontos kez\u00e9vel er\u0151szakkal sz\u00e9tszedte keresztbe rakott l\u00e1baimat, \u00e9s egym\u00e1s mell\u00e9 rakta. S mell\u00e9 magyar\u00e1zott, de \u00fagy, hogy mindent \u00e9rtettem, holott egy sz\u00f3t nem tudok g\u00f6r\u00f6g\u00fcl. Sz\u00e9gyelltem is magam, mert m\u00e9g azt sem tudtam, templomban nem illik keresztbe tett l\u00e1bbal \u00fcld\u00f6g\u00e9lni. No, most megtanultam. \u00d6r\u00f6kre.<!--more--><\/p>\n<p>Mindenhol a vil\u00e1gon sok-sok \u00e9vig pr\u00f3b\u00e1ltam is ezt betartani, de ma m\u00e1r tudom: Istent, Allahot, Jehov\u00e1t, Buddh\u00e1t nem \u00e9rdekli, mi van a l\u00e1baimmal. Az a l\u00e9nyeg, mi van a sz\u00edvemben&#8230;<\/p>\n<p>&nbsp;<\/p>\n<p><a href=\"https:\/\/ujkafe.website\/wp-content\/uploads\/2023\/03\/Kitarul.jpg\"><img loading=\"lazy\" decoding=\"async\" class=\"alignnone wp-image-104302\" src=\"https:\/\/ujkafe.website\/wp-content\/uploads\/2023\/03\/Kitarul-225x300.jpg\" alt=\"\" width=\"346\" height=\"461\" srcset=\"https:\/\/ujkafe.website\/wp-content\/uploads\/2023\/03\/Kitarul-225x300.jpg 225w, https:\/\/ujkafe.website\/wp-content\/uploads\/2023\/03\/Kitarul.jpg 400w\" sizes=\"auto, (max-width: 346px) 100vw, 346px\" \/><\/a><\/p>\n<p>&nbsp;<\/p>\n<p><em>*Kit\u00e1rulkoz\u00e1s &#8211; egy k\u00f6nyv k\u00e9telked\u0151knek \u00e9s \u00fatkeres\u0151knek <\/em><\/p>\n<p>&nbsp;<\/p>\n<p><em>Ez a k\u00f6nyv egy nagyon \u0151szinte kit\u00e1rulkoz\u00e1s, egym\u00e1sra \u00e9p\u00fcl\u0151 novell\u00e1k egyvelege, melyben mindennek l\u00e9nyege az \u00fatkeres\u00e9s. \u00cdgy lesz kerek az eg\u00e9sz. Az eg\u00e9sz k\u00f6nyv\u00f6n v\u00e9gig \u00e9rezhet\u0151 a k\u00e9tked\u00e9s, a hiszem is, meg nem is, az \u00e1t\u00e9ltem, de m\u00e9gsem lehet ez a val\u00f3s\u00e1g kett\u0151ss\u00e9ge. Sokan \u00e9lhettek, s \u00e9lhetnek ma is \u00fagy, mint \u00e9n, \u00e9rezhett\u00e9k \u00e9s \u00e9lvezhett\u00e9k ugyanazokat az \u00e9rzelmi hull\u00e1mokat, a k\u00edv\u00e1ncsis\u00e1ggal teli napokat, \u00e9vtizedeket. Tal\u00e1n m\u00e9gis els\u00e9t\u00e1ltak a legt\u00f6bb f\u00e9lig megfogalmazott k\u00e9telyek \u00e9s furcsas\u00e1gok, az \u00e9rdekes, a k\u00fcl\u00f6nleges tehets\u00e9ggel meg\u00e1ldott emberek mellett. Pedig \u00e9rdemes odafordulni, k\u00f6zelebbr\u0151l is megn\u00e9zni, ki mit\u0151l j\u00f3, mit\u0151l m\u00e1s, mi\u00e9rt lesz valaki gonossz\u00e1, urambocs\u00e1\u2019 rasszist\u00e1v\u00e1, kinek ny\u00edlik ki a sz\u00edve a szeg\u00e9nyek felemel\u00e9s\u00e9re&#8230; \u00c9s felemelhett\u00e9k volna a fej\u00fcket, hogy t\u00fck\u00f6rbe n\u00e9zzenek. Aki azonban t\u0151lem \u00fatmutat\u00e1st, v\u00e1laszokat v\u00e1r az \u00e9let megoldand\u00f3 feladataira, az csal\u00f3dni fog. Mert helyette k\u00e9rd\u00e9seket kap. K\u00e9rd\u00e9seket, amelyeket j\u00f3 lenne, ha mindenki k\u00e9pes lenne feltenni mag\u00e1nak.<\/em><\/p>\n<p>E-k\u00f6nyv; megrendelhet\u00f5:<\/p>\n<p>https:\/\/www.libri.hu\/konyv\/ivan_gizella.kitarulkozas-egy-konyv-ketelkedoknek-es-utkeresoknek.html<\/p>\n<p>&nbsp;<\/p>\n<p>&nbsp;<\/p>\n<p>&nbsp;<\/p>\n","protected":false},"excerpt":{"rendered":"<p>A Kit\u00e1rulkoz\u00e1s k\u00f6tet el\u00f5szava: Buddha: \u201eAmikor nagy csal\u00f3d\u00e1s \u00e9r benn\u00fcnket, azt hissz\u00fck, itt a vil\u00e1g v\u00e9ge. Holott lehet, hogy \u00e9pp egy nagy kaland veszi kezdet\u00e9t.\u201d Vagy h\u00fasz esztendeje egy ciprusi kis kopt templomban \u00fcld\u00f6g\u00e9ltem, s f\u00e1radt l\u00e1baimat keresztbe rakva \u00e9lveztem a falakb\u00f3l \u00e1rad\u00f3 h\u0171v\u00f6st. \u00c9ppen elbambultam, mikor egy helyb\u00e9li any\u00f3ka bel\u00e9pett a napf\u00e9nyr\u0151l. Nem l\u00e1ttam [&hellip;]<\/p>\n","protected":false},"author":2954,"featured_media":0,"comment_status":"open","ping_status":"open","sticky":false,"template":"","format":"standard","meta":{"_monsterinsights_skip_tracking":false,"_monsterinsights_sitenote_active":false,"_monsterinsights_sitenote_note":"","_monsterinsights_sitenote_category":0,"ngg_post_thumbnail":0,"footnotes":""},"categories":[132],"tags":[],"class_list":["post-104298","post","type-post","status-publish","format-standard","hentry","category-elbeszeles"],"_links":{"self":[{"href":"https:\/\/ujkafe.website\/index.php?rest_route=\/wp\/v2\/posts\/104298","targetHints":{"allow":["GET"]}}],"collection":[{"href":"https:\/\/ujkafe.website\/index.php?rest_route=\/wp\/v2\/posts"}],"about":[{"href":"https:\/\/ujkafe.website\/index.php?rest_route=\/wp\/v2\/types\/post"}],"author":[{"embeddable":true,"href":"https:\/\/ujkafe.website\/index.php?rest_route=\/wp\/v2\/users\/2954"}],"replies":[{"embeddable":true,"href":"https:\/\/ujkafe.website\/index.php?rest_route=%2Fwp%2Fv2%2Fcomments&post=104298"}],"version-history":[{"count":0,"href":"https:\/\/ujkafe.website\/index.php?rest_route=\/wp\/v2\/posts\/104298\/revisions"}],"wp:attachment":[{"href":"https:\/\/ujkafe.website\/index.php?rest_route=%2Fwp%2Fv2%2Fmedia&parent=104298"}],"wp:term":[{"taxonomy":"category","embeddable":true,"href":"https:\/\/ujkafe.website\/index.php?rest_route=%2Fwp%2Fv2%2Fcategories&post=104298"},{"taxonomy":"post_tag","embeddable":true,"href":"https:\/\/ujkafe.website\/index.php?rest_route=%2Fwp%2Fv2%2Ftags&post=104298"}],"curies":[{"name":"wp","href":"https:\/\/api.w.org\/{rel}","templated":true}]}}