
{"id":104311,"date":"2023-03-25T07:59:37","date_gmt":"2023-03-25T07:59:37","guid":{"rendered":"https:\/\/ujkafe.website\/?p=104311"},"modified":"2023-03-25T07:59:37","modified_gmt":"2023-03-25T07:59:37","slug":"para-olga-kicsi-fiam","status":"publish","type":"post","link":"https:\/\/ujkafe.website\/?p=104311","title":{"rendered":"Para Olga: Kicsi Fiam!"},"content":{"rendered":"<p>&nbsp;<\/p>\n<p><strong>1998. m\u00e1rc. 14. F\u00e9lixf\u00fcrd\u0151<\/strong><\/p>\n<p>Kinn omlik a h\u00f3, temet mindent Gy\u00f6ny\u00f6r\u0171 a havaz\u00e1s innen az \u00e1gyb\u00f3l, a test k\u00e9nyelmes poz\u00edci\u00f3j\u00e1b\u00f3l. A l\u00e9lek h\u00f3f\u00fav\u00e1sos zugaiban bennem is omlik minden, de nem betemeti a f\u00e1jdalmat, a soha nem sz\u0171n\u0151t, ellenkez\u0151leg, minden sz\u00e9ps\u00e9g\u00e9vel az \u00e9let, amit produk\u00e1lhat a term\u00e9szet, a havaz\u00e1s, valahol ott m\u00e9lyen t\u00e9ged id\u00e9z. Belel\u00e1tlak a t\u00e1jba, b\u00e1rhol j\u00e1rok, b\u00e1rmit teszek, mintha a l\u00e9tez\u0151 val\u00f3s\u00e1g lenne az elk\u00e9pzelt, \u00e9s m\u00f6g\u00f6tte ott \u00e1llasz te, aki mindig figyelmes, tettre k\u00e9sz, \u00f6r\u00f6k ifj\u00fai arcban m\u00e9lyen \u00fcl\u0151 elevens\u00e9g, k\u00e9t komoly k\u00e9ks\u00e9g, a k\u00e9t gy\u00f6ny\u00f6r\u0171 k\u00e9k szemed vil\u00e1g\u00edt, \u00e1tj\u00e1rja testem e f\u00e9ny, e villan\u00e1s. T\u00e9ged k\u00e9pzellek val\u00f3s\u00e1gosnak, a lelki szemeimmel l\u00e1tlak, mik\u00f6zben a val\u00f3di szeml\u00e9li a term\u00e9szet ny\u00fajtotta sz\u00e9ps\u00e9geket.<!--more--><\/p>\n<p>T\u00e9li t\u00e1j kinn, ma m\u00e1rc. 14. d. u. 4 \u00f3ra. Gy\u00f6ny\u00f6r\u0171 h\u00f3feh\u00e9r f\u00e1kat l\u00e1tok, s a h\u00f3 csak hull szakadatlanul, s az eml\u00e9kk\u00e9pek \u00fagy \u00f6z\u00f6nlenek, elbor\u00edtanak, itt vagy mellettem, l\u00e1tom a szemed, a mosolyod, mert minden megragadhat\u00f3 sz\u00e9ps\u00e9gbe oda\u00e1lmodlak, h\u00edvlak, v\u00e1rlak, hogy \u00fajb\u00f3l \u00e9s \u00fajb\u00f3l megjelenj, hogy legyen kinek kit\u00e1rnom lelkem titkait, a szavakba alig foghat\u00f3 \u00e9rz\u00e9seim, amelyek \u00fagy bor\u00edtanak el, mint h\u00f3 a f\u00e1kat.<\/p>\n<p>Hull, szakad a h\u00f3. Szakad, omlik bennem minden, a hit is n\u00e9ha elhagy, hogy kil\u00e1balhatok a mag\u00e1nyom keser\u0171 ketrec\u00e9b\u0151l. M\u00e1r h\u00e1rom \u00e9ve, \u00e9s senki \u00e9s semmi nem tud kih\u00fazni innen, nem el\u00e9g m\u00e9g az orvosi tud\u00e1s vagy az \u00e9n er\u0151m, hogy beseg\u00edtsek az orvosaimnak, hi\u00e1ba tele az \u00e9jjeliszekr\u00e9nyem seregnyi gy\u00f3gyszerrel, mert erre a f\u00e1jdalomra nincs semmi, ami csillap\u00edtan\u00e1, csak ideig-\u00f3r\u00e1ig, azt\u00e1n \u00fajra r\u00e1m t\u00f6r, mint ordas farkascsorda a juhakolban a juhokra, lesve finom falatra, \u00fagy r\u00e1g bennem is a hi\u00e1nyod, nem hagy aludni, id\u0151nk\u00e9nt felriadok, Veled vagyok, az \u00e1lom is hazug, mert fel\u00e9bredve \u00fajb\u00f3l \u00e9s \u00fajb\u00f3l letagl\u00f3z a legsz\u00f6rny\u0171bb val\u00f3s\u00e1g: hi\u00e1ba l\u00e1tlak \u00e9s \u00e9rezlek, mert nem igaz, nem vagy, \u00e9s hi\u00e1ba k\u00ednozom el magam szinte a Neml\u00e9t hat\u00e1r\u00e1ig, hogy min\u00e9l hamarabb megtal\u00e1ljalak, \u00e9s hi\u00e1ba a sok k\u00f3rh\u00e1z, a sok kezel\u00e9s, ott vagyok, ahonnan elindultam, mert kit\u00f6r\u00fclhetetlen a Gy\u00e1sz bennem, \u00e9s a f\u00e9lelem t\u00falz\u00f3 \u00e9s aggodalmaskod\u00f3. Mi lesz vel\u00fcnk N\u00e9lk\u00fcled? Sz\u00fcleid az\u00f3ta rossz \u00fatra t\u00e9rtek, \u00e9n is a betegs\u00e9gek \u00fatj\u00e1t j\u00e1rom, mintha minden fajt\u00e1j\u00e1t, form\u00e1j\u00e1t meg kellene ismernem, tapasztalnom, minden f\u00f6ldi pokol kapuja kiny\u00edlik, \u00e9s \u00e9n mint el\u00edt\u00e9lt, f\u00e1jdalomra sz\u00fcletett haland\u00f3, halhatatlan lenn\u00e9k, mert minden poklon csak \u00e1tvezet az \u00fat, de sohasem \u00e9rem el azt a kaput, amelyen t\u00fal a k\u00ednz\u00f3, agyvel\u0151t sz\u00e9tvet\u0151 f\u00e1jdalom legal\u00e1bb p\u00e1r \u00f3r\u00e1ra megsz\u0171nne, mert \u00fagy ter\u00edt le a \u201c2 x 2 j\u00f3zans\u00e1ga\u201d, mint Radn\u00f3tit a goly\u00f3\u2026<\/p>\n<p>\u00c9des \u00d6csik\u00e9m!<\/p>\n<p>E l\u00edrai kit\u00e9r\u0151 \u00e1ltal picit csendes\u00fclt bennem a f\u00e1jdalom\u2026 M\u00e9g kinn hull a h\u00f3, csod\u00e1lom, csod\u00e1llak. Minden sz\u00e9ps\u00e9g ezent\u00fal az eny\u00e9m, hogy a f\u00f6ldi sz\u00e9ps\u00e9gekre oly fog\u00e9kony lelked tal\u00e1lkozhasson az eny\u00e9mmel, hogy gazdagodhassam \u00e1ltaluk \u00e9s \u00e1ltalad, felejthetetlen, \u00f6r\u00f6k ifj\u00fa \u00c9des Gyermekem!<\/p>\n<p>Kavarognak bennem a l\u00e1tottak, olvasottak. Egyszerre 2-4 k\u00f6tet el\u0151ttem, \u00fagy \u00e9lek itt, mint ami \u201ckiv\u00e1lts\u00e1g\u201d, sorsom enyh\u00edt\u00e9sek\u00e9nt sorst\u00f3l kapott aj\u00e1nd\u00e9k ez a 18 nap. Ez\u00e9rt kell meg\u00f6r\u00f6k\u00edtenem, hogy majd eml\u00e9kezhessem erre a helyre, hol minden szabad percem csak neked szentelhetem, \u00e1polhatom eml\u00e9ked legal\u00e1bb gondolatban.<\/p>\n<p>K\u00fcl\u00f6nben \u00fagy j\u00e1rok-kelek itt a t\u00f6bbi gy\u00f3gyf\u00fcrd\u0151z\u0151 k\u00f6z\u00f6tt, mint b\u00e1rmelyik\u00fck, kezel\u00e9sekre, f\u00fcr\u00f6dni. A d\u00e9lel\u0151tt a medenc\u00e9ben \u00faszk\u00e1ltam, kellemes meleg a testnek, gy\u00f3gyv\u00edz, gy\u00f3gyszer, de a lelkem semmi sem k\u00e9pes \u00e1tforr\u00f3s\u00edtani. J\u00e9ghideg, csontt\u00e1 fagyott bennem minden, hi\u00e1ba m\u00falott el a harmadik ny\u00e1r, nem olvadoznak a J\u00e9gcsapok ott Bel\u00fcl soha\u2026.<\/p>\n<p>Holnap m\u00e1rciu15.<\/p>\n<p>Megpr\u00f3b\u00e1ltam itt most titokban a t\u00f6bbnyire idegen \u201chonos\u201d ajk\u00faak k\u00f6zt kicsit \u00fcnnepi hangulatba ringatni magam. Al\u00e1zatos l\u00e9lekkel a sz\u00edvemre t\u0171ztem a kok\u00e1rd\u00e1mat, \u00e9s \u00fagy j\u00e1rok holnap, abban a Holnapban, amely \u00fagy istenigaz\u00e1ban az akkori jogokat, amely\u00e9rt harcoltak, \u201c nem v\u00edvta ki\u201d, csak r\u00e9szben. R\u00e9szletekben. Ma is fogoly a l\u00e9lek\u2026Itt a f\u00fcrd\u0151n semmi sem utal az \u00fcnnepre. M\u00e9g mindig titokban \u00fcnnepl\u00fcnk itt a Partiumban az itteni magyarok? Nem vagyok konkr\u00e9t kapcsolatban csup\u00e1n \u00e9pp k\u00f6sz\u00f6n\u0151 viszonyban p\u00e1r szem\u00e9llyel. \u0150k mind csal\u00e1dosak. Nemes hazugs\u00e1ggal \u00e1ltatom a \u201ct\u00e1rsam\u201d, a mit \u00edrok k\u00e9rd\u00e9s\u00e9re\u2026Nem sokat zavar, \u00e9n se \u0151t. Se t\u00e9v\u00e9, se r\u00e1di\u00f3! \u201c\u00d6nk\u00e9ntes sz\u00e1m\u0171zet\u00e9s\u201d, ahogy \u00edrtam.<\/p>\n<p>Az \u00fcnnepnek megfelel\u0151en \u00fagy alakult, \u00e9pp a rom\u00e1niai 89-es Fordulat dokumentumait olvasgatom. S\u00fct\u0151 K\u00e1in \u00e9s \u00c1belj\u00e9t a de. befejeztem. Nagyon tetszett. A du. a Napl\u00f3j\u00e1t b\u00f6ng\u00e9sztem \u00fajra, m\u00e1r r\u00e9g olvastam. \u00dajra felelevenednek a sz\u00e9gyenteljes m\u00e1rciusi esem\u00e9nyek: az 1990-es v\u00e9res terror\u2026 Mikor lesz itt igaz\u00e1n B\u00e9ke, \u00d6csik\u00e9m? El\u00e9g tud\u00e1s, \u00e9s ez \u00e1ltal hatalom, szolidarit\u00e1s a sov\u00e9n usz\u00edt\u00e1sok helyett? Mert a sok javunkra t\u00f6rt\u00e9nt v\u00e1ltoz\u00e1s csak morzs\u00e1k m\u00e9g mindig, ezeket r\u00e1gjuk, s k\u00f6zben folytat\u00f3dik nem \u00e9pp olyan t\u00f6meg m\u00e9ret\u0171en mint a forr. el\u0151tti s ut\u00e1ni egy-k\u00e9t \u00e9vben, de folyamatosan, \u00e1lland\u00f3an apadunk, er\u0151tlened\u00fcnk. Nem vet\u00fcnk vele sz\u00e1mot el\u00e9gg\u00e9. A hatalom \u00f6r\u00fcl, maholnap, ha nem sz\u0171nik ez az \u00f6nk\u00e9ntes exodus, \u00fcres marad a haza, mert annak \u00e9rezz\u00fck, m\u00e9g ha \u201ebozgoroznak\u201d is, akkor is! Sz\u00fcl\u0151f\u00f6ld\u00fcnk\u00f6n mi itthon vagyunk.<\/p>\n<p>Testv\u00e9reid \u00e9lik az \u00e9letet. A kereszttel is, de \u00e9lnek. M\u00e9g el\u0151tt\u00fck az \u00e9let. M\u00e9g ad\u00f3sai, valamit adni a sz\u0171kebb sz\u00fcl\u0151f\u00f6ldnek, \u00f6nmaguk folytat\u00e1s\u00e1val ad\u00f3sak. \u00c9n csak rem\u00e9nykedem abban, hogy unok\u00e1im r\u00e9v\u00e9n elcsitul ez az \u0151r\u00fclt v\u00e1gy ut\u00e1nad legal\u00e1bb annyira, hogy \u00e9n is tudjak \u00e9lni nem \u00f6nmagamba z\u00e1rtan\u2026 H\u00e1tha \u0151k m\u00e9g k\u00e9pesek lenn\u00e9nek bet\u00f6rni ezt a b\u00f6rt\u00f6nfalat, \u00e9s kimenteni engem.<\/p>\n<p><em>Csendes pihen\u00e9st, \u00d6csik\u00e9m!<\/em><\/p>\n<p><em>Anyuka<\/em><\/p>\n","protected":false},"excerpt":{"rendered":"<p>&nbsp; 1998. m\u00e1rc. 14. F\u00e9lixf\u00fcrd\u0151 Kinn omlik a h\u00f3, temet mindent Gy\u00f6ny\u00f6r\u0171 a havaz\u00e1s innen az \u00e1gyb\u00f3l, a test k\u00e9nyelmes poz\u00edci\u00f3j\u00e1b\u00f3l. A l\u00e9lek h\u00f3f\u00fav\u00e1sos zugaiban bennem is omlik minden, de nem betemeti a f\u00e1jdalmat, a soha nem sz\u0171n\u0151t, ellenkez\u0151leg, minden sz\u00e9ps\u00e9g\u00e9vel az \u00e9let, amit produk\u00e1lhat a term\u00e9szet, a havaz\u00e1s, valahol ott m\u00e9lyen t\u00e9ged id\u00e9z. Belel\u00e1tlak [&hellip;]<\/p>\n","protected":false},"author":2954,"featured_media":0,"comment_status":"open","ping_status":"open","sticky":false,"template":"","format":"standard","meta":{"_monsterinsights_skip_tracking":false,"_monsterinsights_sitenote_active":false,"_monsterinsights_sitenote_note":"","_monsterinsights_sitenote_category":0,"ngg_post_thumbnail":0,"footnotes":""},"categories":[132],"tags":[],"class_list":["post-104311","post","type-post","status-publish","format-standard","hentry","category-elbeszeles"],"_links":{"self":[{"href":"https:\/\/ujkafe.website\/index.php?rest_route=\/wp\/v2\/posts\/104311","targetHints":{"allow":["GET"]}}],"collection":[{"href":"https:\/\/ujkafe.website\/index.php?rest_route=\/wp\/v2\/posts"}],"about":[{"href":"https:\/\/ujkafe.website\/index.php?rest_route=\/wp\/v2\/types\/post"}],"author":[{"embeddable":true,"href":"https:\/\/ujkafe.website\/index.php?rest_route=\/wp\/v2\/users\/2954"}],"replies":[{"embeddable":true,"href":"https:\/\/ujkafe.website\/index.php?rest_route=%2Fwp%2Fv2%2Fcomments&post=104311"}],"version-history":[{"count":0,"href":"https:\/\/ujkafe.website\/index.php?rest_route=\/wp\/v2\/posts\/104311\/revisions"}],"wp:attachment":[{"href":"https:\/\/ujkafe.website\/index.php?rest_route=%2Fwp%2Fv2%2Fmedia&parent=104311"}],"wp:term":[{"taxonomy":"category","embeddable":true,"href":"https:\/\/ujkafe.website\/index.php?rest_route=%2Fwp%2Fv2%2Fcategories&post=104311"},{"taxonomy":"post_tag","embeddable":true,"href":"https:\/\/ujkafe.website\/index.php?rest_route=%2Fwp%2Fv2%2Ftags&post=104311"}],"curies":[{"name":"wp","href":"https:\/\/api.w.org\/{rel}","templated":true}]}}