
{"id":104342,"date":"2023-03-30T14:24:22","date_gmt":"2023-03-30T14:24:22","guid":{"rendered":"https:\/\/ujkafe.website\/?p=104342"},"modified":"2023-03-30T14:48:33","modified_gmt":"2023-03-30T14:48:33","slug":"ivan-gizella-lombkoronazas-lana-mesei","status":"publish","type":"post","link":"https:\/\/ujkafe.website\/?p=104342","title":{"rendered":"Iv\u00e1n Gizella: Lombkoron\u00e1z\u00e1s (Lana mes\u00e9i)"},"content":{"rendered":"<p>&nbsp;<\/p>\n<p>Hol volt, hol nem volt, az \u00d3perenci\u00e1s tengeren is t\u00fal, volt egy gy\u00f6ny\u00f6r\u0171 erd\u0151. Ebben a rengetegben a f\u00e1k t\u00f6rzse olyan vastag volt, hogy \u00f6ten sem tudt\u00e1k \u00e1t\u00f6lelni. A t\u00f6lgyek \u00e9s a b\u00fckk\u00f6k j\u00f3l megf\u00e9rtek egym\u00e1s mellett, de elv\u00e9tve egy k\u00e9nyesebb feny\u0151 is megmutatta mag\u00e1t az arra j\u00e1r\u00f3knak. A lombos f\u00e1k levelei selymesen ringat\u00f3ztak a sz\u00e9lben, a napocska huncutul villantotta meg mosoly\u00e1t az \u00e1gak k\u00f6z\u00f6tt. Idilli csend uralkodott az erd\u0151n, a darazsak z\u00fag\u00e1sa volt a legnagyobb zaj, mikor arra vitt utam. Igaz, ami igaz, a sz\u00e9ls\u0151 bokrokban megb\u00fajtak a H\u00fasv\u00e9t Szigetekr\u0151l ide emigr\u00e1lt nyuszik \u00e9s id\u0151nk\u00e9nt kiszaladtak r\u00e9p\u00e1t csenni a sz\u00e1nt\u00f3f\u00f6ldre. Nem zavarta \u0151ket senki, az erdei \u00e1llatok, az \u0151zek, szarvasok, s\u0151t m\u00e9g a vaddiszn\u00f3k sem haragudtak a nyuszikra. M\u00e1r csak az\u00e9rt sem, mert tudt\u00e1k, mindj\u00e1rt itt a h\u00fasv\u00e9t \u00e9s \u0151k hozz\u00e1k a h\u00edmes toj\u00e1sokat. Hogy ezt a butas\u00e1got ki terjesztette el, nem tudni, de mi\u00f3ta vil\u00e1g a vil\u00e1g, ez \u00edgy van. S a nyulak ugye k\u00e9nytelenek a t\u00f6rv\u00e9nyeknek \u00e9s a szok\u00e1soknak engedelmeskedni. Azt semmik\u00e9pp nem akart\u00e1k, hogy holmi renitens bev\u00e1ndorl\u00f3knak n\u00e9zz\u00e9k \u0151ket, m\u00e9g a v\u00e9g\u00e9n kiut\u00e1lj\u00e1k \u0151ket a bokorb\u00f3l.<!--more--><\/p>\n<p>No de teltek az \u00e9vek, rohantak a napok \u00e9s az \u00f3r\u00e1k, az erd\u0151 egyre szebb \u00e9s hatalmasabb lett. A szomsz\u00e9dban lak\u00f3k el is nevezt\u00e9k a v\u00e1ros t\u00fcdej\u00e9nek, s nagyon vigy\u00e1ztak r\u00e1. S\u00e9tautakat tapostak ki a f\u00e1k alatt, ennival\u00f3t vittek a hideg be\u00e1llt\u00e1val az \u00e1llatoknak. Sz\u00f3val nagy volt a b\u00e9kess\u00e9g. \u00c1m t\u00f6rt\u00e9nt egyszer, hogy a v\u00e1ros els\u0151 embere \u00f6sszeh\u00edvta a nagytan\u00e1csot. A l\u00e1nya ugyanis addig k\u00f6ny\u00f6rg\u00f6tt neki, hogy \u0151 bizony sz\u00fclet\u00e9snapj\u00e1ra egy igazi lombkoron\u00e1t szeretne, m\u00edg kiadta a parancsot, legyen! Na de a l\u00e1ny feje el\u00e9g nagy volt, bizony sok lombot kellett kiv\u00e1gni, hogy a koron\u00e1j\u00e1t elk\u00e9sz\u00edts\u00e9k.<\/p>\n<p>A fany\u0171v\u0151k, akik orsz\u00e1gszerte h\u00edresek \u00e9s elismertek voltak puszt\u00edt\u00e1saikr\u00f3l, neki is estek az erd\u0151nek. Kiv\u00e1gtak itt is minden f\u00e1t, hi\u00e1ba d\u00fadolt\u00e1k a v\u00e1rosiak nekik az ellenkez\u0151j\u00e9t. A l\u00e1nyk\u00e1nak megfont\u00e1k a koron\u00e1t, s az boldogan j\u00e1rt, kelt, mutogatta mag\u00e1t. Id\u0151nk\u00e9nt meg ki\u00fclt a kapuban a l\u00f3c\u00e1ra, hogy a j\u00e1r\u00f3kel\u0151k gy\u00f6ny\u00f6rk\u00f6djenek benne.<\/p>\n<p>Hogy nem \u00edgy volt? Tudom \u00e9n azt lelkem, de ez egy mese, aki az igazat akarja, az j\u00e1rjon ut\u00e1na!<\/p>\n<p>&nbsp;<\/p>\n<p><a href=\"https:\/\/ujkafe.website\/wp-content\/uploads\/2023\/03\/Lombkorona.jpg\"><img loading=\"lazy\" decoding=\"async\" class=\"alignnone wp-image-104343\" src=\"https:\/\/ujkafe.website\/wp-content\/uploads\/2023\/03\/Lombkorona-300x169.jpg\" alt=\"\" width=\"511\" height=\"288\" srcset=\"https:\/\/ujkafe.website\/wp-content\/uploads\/2023\/03\/Lombkorona-300x169.jpg 300w, https:\/\/ujkafe.website\/wp-content\/uploads\/2023\/03\/Lombkorona-768x432.jpg 768w, https:\/\/ujkafe.website\/wp-content\/uploads\/2023\/03\/Lombkorona.jpg 880w\" sizes=\"auto, (max-width: 511px) 100vw, 511px\" \/><\/a><\/p>\n<p><em>A szerkeszt\u00f5 ut\u00e1na j\u00e1rt, \u00e9s megtal\u00e1lta, teh\u00e1t igaz<\/em><\/p>\n<p>&nbsp;<\/p>\n","protected":false},"excerpt":{"rendered":"<p>&nbsp; Hol volt, hol nem volt, az \u00d3perenci\u00e1s tengeren is t\u00fal, volt egy gy\u00f6ny\u00f6r\u0171 erd\u0151. Ebben a rengetegben a f\u00e1k t\u00f6rzse olyan vastag volt, hogy \u00f6ten sem tudt\u00e1k \u00e1t\u00f6lelni. A t\u00f6lgyek \u00e9s a b\u00fckk\u00f6k j\u00f3l megf\u00e9rtek egym\u00e1s mellett, de elv\u00e9tve egy k\u00e9nyesebb feny\u0151 is megmutatta mag\u00e1t az arra j\u00e1r\u00f3knak. A lombos f\u00e1k levelei selymesen ringat\u00f3ztak [&hellip;]<\/p>\n","protected":false},"author":2954,"featured_media":0,"comment_status":"open","ping_status":"open","sticky":false,"template":"","format":"standard","meta":{"_monsterinsights_skip_tracking":false,"_monsterinsights_sitenote_active":false,"_monsterinsights_sitenote_note":"","_monsterinsights_sitenote_category":0,"ngg_post_thumbnail":0,"footnotes":""},"categories":[132],"tags":[],"class_list":["post-104342","post","type-post","status-publish","format-standard","hentry","category-elbeszeles"],"_links":{"self":[{"href":"https:\/\/ujkafe.website\/index.php?rest_route=\/wp\/v2\/posts\/104342","targetHints":{"allow":["GET"]}}],"collection":[{"href":"https:\/\/ujkafe.website\/index.php?rest_route=\/wp\/v2\/posts"}],"about":[{"href":"https:\/\/ujkafe.website\/index.php?rest_route=\/wp\/v2\/types\/post"}],"author":[{"embeddable":true,"href":"https:\/\/ujkafe.website\/index.php?rest_route=\/wp\/v2\/users\/2954"}],"replies":[{"embeddable":true,"href":"https:\/\/ujkafe.website\/index.php?rest_route=%2Fwp%2Fv2%2Fcomments&post=104342"}],"version-history":[{"count":0,"href":"https:\/\/ujkafe.website\/index.php?rest_route=\/wp\/v2\/posts\/104342\/revisions"}],"wp:attachment":[{"href":"https:\/\/ujkafe.website\/index.php?rest_route=%2Fwp%2Fv2%2Fmedia&parent=104342"}],"wp:term":[{"taxonomy":"category","embeddable":true,"href":"https:\/\/ujkafe.website\/index.php?rest_route=%2Fwp%2Fv2%2Fcategories&post=104342"},{"taxonomy":"post_tag","embeddable":true,"href":"https:\/\/ujkafe.website\/index.php?rest_route=%2Fwp%2Fv2%2Ftags&post=104342"}],"curies":[{"name":"wp","href":"https:\/\/api.w.org\/{rel}","templated":true}]}}