
{"id":104359,"date":"2023-04-03T07:38:02","date_gmt":"2023-04-03T07:38:02","guid":{"rendered":"https:\/\/ujkafe.website\/?p=104359"},"modified":"2023-04-03T07:39:31","modified_gmt":"2023-04-03T07:39:31","slug":"ivan-gizella-a-birkabeke-meg-a-puskapor-lana-mesei","status":"publish","type":"post","link":"https:\/\/ujkafe.website\/?p=104359","title":{"rendered":"Iv\u00e1n Gizella: A birkab\u00e9ke meg a puskapor (Lana mes\u00e9i)"},"content":{"rendered":"<div>\n<div class=\"\" dir=\"auto\">\n<div id=\":r101:\" class=\"x1iorvi4 x1pi30zi x1swvt13 xjkvuk6\" data-ad-comet-preview=\"message\" data-ad-preview=\"message\">\n<div class=\"x78zum5 xdt5ytf xz62fqu x16ldp7u\">\n<div class=\"xu06os2 x1ok221b\">\n<div class=\"x11i5rnm xat24cr x1mh8g0r x1vvkbs xdj266r x126k92a\">\n<div dir=\"auto\">&nbsp;<\/div>\n<\/div>\n<div class=\"x11i5rnm xat24cr x1mh8g0r x1vvkbs xtlvy1s x126k92a\">\n<div dir=\"auto\">J\u00f3 reggelt Birkaorsz\u00e1g! J\u00f3 reggelt kedves birk\u00e1im! Juhok nemzets\u00e9ge!<\/div>\n<div dir=\"auto\">&nbsp;<\/div>\n<div dir=\"auto\">Az\u00e9rt j\u00f6ttem el\u00e9tek, mert tudom, h\u00fasv\u00e9t k\u00f6zeledv\u00e9n, nagy az ijedelem k\u00f6z\u00f6ttetek, hiszen a gaz ellen f\u00e9lelemben, retteg\u00e9sben tart benneteket. Nem el\u00e9g, hogy folyton ny\u00edrnak benneteket, ki vagytok t\u00e9ve a farkasok t\u00e1mad\u00e1s\u00e1nak is, mert azok is igen szeretik a gyenge b\u00e1r\u00e1nyh\u00fast.<\/div>\n<div dir=\"auto\">&nbsp;<\/div>\n<div dir=\"auto\">B\u00e1r\u00e1nyk\u00e1im, kedves fiaim, l\u00e1nyk\u00e1im! Azt mondom, \u00f6rvendeztess\u00e9tek meg az Isteneket, legyen b\u00e9ke, nyugalom az akolban \u00e9s a mez\u0151n, legel\u0151n. El\u00e9g baj az nek\u00fcnk, hogy a szomsz\u00e9dban b\u00e9k\u00e9tlens\u00e9g van \u00e9s az ottani rack\u00e1k nem is v\u00e1gyj\u00e1k a nyugalmat. Pedig mondom \u00e9n nektek, ha engedn\u00e9nek a hatalmas r\u0151tsz\u00edn\u0171 juhok k\u00f6vetel\u00e9seinek, mindj\u00e1rt b\u00e9ke lenne. De ezek ink\u00e1bb verekednek, pedig sok szarv let\u00f6rt m\u00e1r az akaratoss\u00e1guk miatt. Azt tudnotok kell, az engedelmess\u00e9g a birk\u00e1k legf\u0151bb er\u00e9nye. Ezt gyakorolj\u00e1tok teh\u00e1t. Ha kell b\u00e1tran \u00e1ldozz\u00e1tok fel magatokat a b\u00e9ke olt\u00e1r\u00e1n. Azok ott ezt soha nem fogj\u00e1k megtenni, lehet nem is birk\u00e1k, csak \u00fagy n\u00e9znek ki.<\/div>\n<div dir=\"auto\">&nbsp;<\/div>\n<div dir=\"auto\">S l\u00e1tj\u00e1tok fiaim, az uralkod\u00f3 hatalmak, a Juhok Nagytan\u00e1csa, amelynek \u00e9n magam is jelent\u0151s tiszts\u00e9get viselve vagyok tagja, m\u00e1r annyira ut\u00e1lj\u00e1k a h\u00e1bor\u00fat, hogy azon gondolkodnak, b\u00e9keny\u00e1jat k\u00fcldenek a t\u0171zf\u00e9szekbe. Pedig mondom \u00e9n nektek, ezeknek a lelk\u00e9ben h\u00e1bor\u00fa d\u00fal, cseppet sem b\u00e9kep\u00e1rtiak, saj\u00e1t p\u00e9ld\u00e1mon tudom bemutatni, rendre a b\u00e9k\u00e9tlens\u00e9get sz\u00edtj\u00e1k. Akkor \u00e9rzik j\u00f3l magukat, ha csat\u00e1rozhatnak. Ne higgyetek h\u00e1t nekik, \u00e9n vagyok az egyetlen, aki szembe mer sz\u00e1llni vel\u00fck a nyugalom, a harm\u00f3nia \u00e9rdek\u00e9ben. \u00c9n vagyok az, aki k\u00e9pes megv\u00e9deni benneteket a gonoszt\u00f3l.<\/div>\n<div dir=\"auto\">\u00c9n, csakis \u00e9n vagyok a b\u00e9ke angyala. Idilli nyugalmat k\u00edn\u00e1lok nektek. A tusakod\u00e1st hagyj\u00e1tok m\u00e1sra. Azt ugye tudj\u00e1tok, ha nem harcoltok, soha nem lesz b\u00e9ke? Harcra fel teh\u00e1t aranyos birk\u00e1im, akarjuk a b\u00e9k\u00e9t, de! Tartsuk sz\u00e1razon a puskaport, mert ha ez \u00edgy megy tov\u00e1bb, hirig lesz a Nagymez\u0151n.<\/div>\n<\/div>\n<\/div>\n<div dir=\"auto\">&nbsp;<\/div>\n<div class=\"xu06os2 x1ok221b\">\n<div class=\"x11i5rnm xat24cr x1mh8g0r x1vvkbs xtlvy1s x126k92a\">\n<div dir=\"auto\">Hajr\u00e1 Birkaorsz\u00e1g, hajr\u00e1 juhaim, hajr\u00e1!<\/div>\n<div dir=\"auto\">&nbsp;<\/div>\n<div dir=\"auto\"><a href=\"https:\/\/ujkafe.website\/wp-content\/uploads\/2023\/02\/Mosonyi-Atvaltozas.jpg\"><img loading=\"lazy\" decoding=\"async\" class=\"alignnone size-medium wp-image-104189\" src=\"https:\/\/ujkafe.website\/wp-content\/uploads\/2023\/02\/Mosonyi-Atvaltozas-300x300.jpg\" alt=\"\" width=\"300\" height=\"300\" srcset=\"https:\/\/ujkafe.website\/wp-content\/uploads\/2023\/02\/Mosonyi-Atvaltozas-300x300.jpg 300w, https:\/\/ujkafe.website\/wp-content\/uploads\/2023\/02\/Mosonyi-Atvaltozas-150x150.jpg 150w, https:\/\/ujkafe.website\/wp-content\/uploads\/2023\/02\/Mosonyi-Atvaltozas.jpg 526w\" sizes=\"auto, (max-width: 300px) 100vw, 300px\" \/><\/a><\/div>\n<div dir=\"auto\">&nbsp;<\/div>\n<\/div>\n<div dir=\"auto\"><em>Mosonyi Tam\u00e1s alkot\u00e1sa<\/em><\/div>\n<\/div>\n<\/div>\n<\/div>\n<\/div>\n<\/div>\n<p><!--more--><\/p>\n","protected":false},"excerpt":{"rendered":"<p>&nbsp; J\u00f3 reggelt Birkaorsz\u00e1g! J\u00f3 reggelt kedves birk\u00e1im! Juhok nemzets\u00e9ge! &nbsp; Az\u00e9rt j\u00f6ttem el\u00e9tek, mert tudom, h\u00fasv\u00e9t k\u00f6zeledv\u00e9n, nagy az ijedelem k\u00f6z\u00f6ttetek, hiszen a gaz ellen f\u00e9lelemben, retteg\u00e9sben tart benneteket. Nem el\u00e9g, hogy folyton ny\u00edrnak benneteket, ki vagytok t\u00e9ve a farkasok t\u00e1mad\u00e1s\u00e1nak is, mert azok is igen szeretik a gyenge b\u00e1r\u00e1nyh\u00fast. &nbsp; B\u00e1r\u00e1nyk\u00e1im, kedves fiaim, [&hellip;]<\/p>\n","protected":false},"author":2954,"featured_media":0,"comment_status":"open","ping_status":"open","sticky":false,"template":"","format":"standard","meta":{"_monsterinsights_skip_tracking":false,"_monsterinsights_sitenote_active":false,"_monsterinsights_sitenote_note":"","_monsterinsights_sitenote_category":0,"ngg_post_thumbnail":0,"footnotes":""},"categories":[132],"tags":[],"class_list":["post-104359","post","type-post","status-publish","format-standard","hentry","category-elbeszeles"],"_links":{"self":[{"href":"https:\/\/ujkafe.website\/index.php?rest_route=\/wp\/v2\/posts\/104359","targetHints":{"allow":["GET"]}}],"collection":[{"href":"https:\/\/ujkafe.website\/index.php?rest_route=\/wp\/v2\/posts"}],"about":[{"href":"https:\/\/ujkafe.website\/index.php?rest_route=\/wp\/v2\/types\/post"}],"author":[{"embeddable":true,"href":"https:\/\/ujkafe.website\/index.php?rest_route=\/wp\/v2\/users\/2954"}],"replies":[{"embeddable":true,"href":"https:\/\/ujkafe.website\/index.php?rest_route=%2Fwp%2Fv2%2Fcomments&post=104359"}],"version-history":[{"count":0,"href":"https:\/\/ujkafe.website\/index.php?rest_route=\/wp\/v2\/posts\/104359\/revisions"}],"wp:attachment":[{"href":"https:\/\/ujkafe.website\/index.php?rest_route=%2Fwp%2Fv2%2Fmedia&parent=104359"}],"wp:term":[{"taxonomy":"category","embeddable":true,"href":"https:\/\/ujkafe.website\/index.php?rest_route=%2Fwp%2Fv2%2Fcategories&post=104359"},{"taxonomy":"post_tag","embeddable":true,"href":"https:\/\/ujkafe.website\/index.php?rest_route=%2Fwp%2Fv2%2Ftags&post=104359"}],"curies":[{"name":"wp","href":"https:\/\/api.w.org\/{rel}","templated":true}]}}