
{"id":104484,"date":"2023-05-07T14:49:20","date_gmt":"2023-05-07T14:49:20","guid":{"rendered":"https:\/\/ujkafe.website\/?p=104484"},"modified":"2023-05-07T14:50:57","modified_gmt":"2023-05-07T14:50:57","slug":"ivan-gizella-anyak-napjara","status":"publish","type":"post","link":"https:\/\/ujkafe.website\/?p=104484","title":{"rendered":"Iv\u00e1n Gizella: Any\u00e1k napj\u00e1ra"},"content":{"rendered":"<div class=\"\" dir=\"auto\">\n<div id=\":r76:\" class=\"x1iorvi4 x1pi30zi x1l90r2v x1swvt13\" data-ad-comet-preview=\"message\" data-ad-preview=\"message\">\n<div class=\"x78zum5 xdt5ytf xz62fqu x16ldp7u\">\n<div class=\"xu06os2 x1ok221b\">\n<div class=\"xdj266r x11i5rnm xat24cr x1mh8g0r x1vvkbs x126k92a\">\n<div dir=\"auto\">&nbsp;<\/div>\n<\/div>\n<div class=\"x11i5rnm xat24cr x1mh8g0r x1vvkbs xtlvy1s x126k92a\">\n<div dir=\"auto\">Nem is tudtam, milyen j\u00f3 dolgom volt nekem gyerekkoromban, csak most tudom \u00e9rt\u00e9kelni. Akkor minden term\u00e9szetes volt. Anyu otthon dolgozott, varrt, s mire haza\u00e9rtem az iskol\u00e1b\u00f3l, mindig volt f\u0151tt \u00e9tel.<\/div>\n<div dir=\"auto\">&nbsp;<\/div>\n<div dir=\"auto\">Mire felkeltem, a forr\u00f3 kaka\u00f3 m\u00e1r ott g\u0151z\u00f6lg\u00f6tt az asztalon, az uzsonna becsomagolva szint\u00e9n. Fogalmam sincs, hogy b\u00edrta az eg\u00e9sz napi strap\u00e1t. A kertben a vir\u00e1gok is mindig gy\u00f6ny\u00f6r\u0171ek voltak, ahhoz is nagyon \u00e9rtett. Igaz estefel\u00e9 m\u00e1r tudott m\u00e9rges is lenni, egyszer eml\u00e9kszem, v\u00e9gigkergetett minket a lak\u00e1son, hogy hov\u00e1 dugtuk a szem\u00fcveg\u00e9t. Ilyen ugyanis el\u0151fordult, mert az \u00f6cs\u00e9mmel egy\u00fctt eldugtuk, hogy ne varrjon, hanem vel\u00fcnk foglalkozzon. De most nem voltunk b\u0171n\u00f6s\u00f6k, szaladtunk is eg\u00e9szen ki a vil\u00e1gb\u00f3l. Egyszer csak r\u00e1n\u00e9ztem anyura \u00e9s elkezdt\u00fcnk \u00d6csivel egy\u00fctt hahot\u00e1zni.<\/div>\n<div dir=\"auto\">A fej\u00e9n volt. El\u0151sz\u00f6r a nevet\u0151g\u00f6rcst\u0151l csak mutogatni tudtunk, de \u0151 is r\u00e1j\u00f6tt mi az \u00e1bra. Le\u00fclt mell\u00e9nk a sz\u0151nyegre \u00e9s ott nevett\u00fcnk m\u00e9g j\u00f3 ideig. Fura, hogy a szem\u00fcvegemet \u00e9n is sokszor feltoltam a fejem tetej\u00e9re. M\u00e9g debreceni p\u00e1lyakezd\u0151 \u00fajs\u00e1g\u00edr\u00f3 voltam, amikor k\u00e9t gyakornok fi\u00fa mes\u00e9lte, hogy a vonaton utazva, barkob\u00e1ztak. S tal\u00e1ld ki, mi volt a feladv\u00e1ny, k\u00e9rdezt\u00e9k. Honnan tudn\u00e1m, n\u00e9ztem r\u00e1juk. A szem\u00fcveged a fejed tetej\u00e9n. Sz\u00f3val egyfajta v\u00e9djegyem lett a fejtet\u0151re tolt szem\u00fcveg. Anyura is legt\u00f6bbsz\u00f6r \u00fagy gondolok, hogy \u00fcl a g\u00e9p el\u0151tt \u00e9s hogy messzebbre is l\u00e1sson, mit csin\u00e1l a le\u00e1nyk\u00e1ja, ott a haj\u00e1n az okul\u00e1r\u00e9.<\/div>\n<div dir=\"auto\">&nbsp;<\/div>\n<div dir=\"auto\">Ezek voltak a boldog gyermek\u00e9vek, de amikor j\u00f6n az \u00f6regs\u00e9g, a betegs\u00e9g, s a gyermek kilom\u00e9terekkel t\u00e1volabb \u00e9l, m\u00e1r nem olyan j\u00f3 a helyzet. Mert az\u00f3ta is \u00f6r\u00f6kk\u00e9 lelkiismeretfurdal\u00e1som van, hogy nem tudtam neki minden nap seg\u00edteni, hogy milyen j\u00f3 lett volna elmenni bev\u00e1s\u00e1rolni, takar\u00edtani. Amikor led\u00f6nt\u00f6tte a l\u00e1b\u00e1r\u00f3l a gyilkos k\u00f3r, akkor bezzeg minden h\u00e9tv\u00e9g\u00e9n rohantam Miskolcra. \u00d6ssze-vissza hazudoztam neki, hogy semmi baj, meg fog gy\u00f3gyulni. Soha nem fogom elfelejteni, ahogy r\u00e1m n\u00e9zett \u00e9s azt k\u00e9rdezte, t\u00e9nyleg? Hinni akart. \u00c9n pedig a leghat\u00e1rozottabban mondtam, persze, ez nem k\u00e9rd\u00e9s. No de nem \u00edgy lett, h\u00e1rom \u00e9vet kapott m\u00e9g, amib\u0151l az utols\u00f3 h\u00f3napokat k\u00f3m\u00e1ban t\u00f6lt\u00f6tte. S ez tal\u00e1n Isten aj\u00e1nd\u00e9ka volt neki, mert semmije nem f\u00e1jt.<\/div>\n<div dir=\"auto\">&nbsp;<\/div>\n<div dir=\"auto\">A lelkem mindig vid\u00e1m, ha r\u00e1 gondolok. S bizony eszembe jutnak a kert\u00fcnk vir\u00e1gai, ilyent\u00e1jt ny\u00edlt a gy\u00f6ngyvir\u00e1g, s az orgona. Anyu mindig gondoskodott arr\u00f3l, hogy a nagyszob\u00e1ban a v\u00e1z\u00e1ban legyen friss csokor. Egy j\u00f3 ideig \u00e9n is megpr\u00f3b\u00e1ltam ezt a szok\u00e1st tartani, b\u0151szen nevelgettem a szebbn\u00e9l szebb vir\u00e1gokat. De mindennek v\u00e9ge egyszer. Csak az eml\u00e9keink ne m\u00faljanak el.<\/div>\n<div dir=\"auto\">&nbsp;<\/div>\n<\/div>\n<\/div>\n<\/div>\n<\/div>\n<\/div>\n<p><!--more--><\/p>\n<p><!--more--><\/p>\n","protected":false},"excerpt":{"rendered":"<p>&nbsp; Nem is tudtam, milyen j\u00f3 dolgom volt nekem gyerekkoromban, csak most tudom \u00e9rt\u00e9kelni. Akkor minden term\u00e9szetes volt. Anyu otthon dolgozott, varrt, s mire haza\u00e9rtem az iskol\u00e1b\u00f3l, mindig volt f\u0151tt \u00e9tel. &nbsp; Mire felkeltem, a forr\u00f3 kaka\u00f3 m\u00e1r ott g\u0151z\u00f6lg\u00f6tt az asztalon, az uzsonna becsomagolva szint\u00e9n. Fogalmam sincs, hogy b\u00edrta az eg\u00e9sz napi strap\u00e1t. A [&hellip;]<\/p>\n","protected":false},"author":2954,"featured_media":0,"comment_status":"open","ping_status":"open","sticky":false,"template":"","format":"standard","meta":{"_monsterinsights_skip_tracking":false,"_monsterinsights_sitenote_active":false,"_monsterinsights_sitenote_note":"","_monsterinsights_sitenote_category":0,"ngg_post_thumbnail":0,"footnotes":""},"categories":[132],"tags":[],"class_list":["post-104484","post","type-post","status-publish","format-standard","hentry","category-elbeszeles"],"_links":{"self":[{"href":"https:\/\/ujkafe.website\/index.php?rest_route=\/wp\/v2\/posts\/104484","targetHints":{"allow":["GET"]}}],"collection":[{"href":"https:\/\/ujkafe.website\/index.php?rest_route=\/wp\/v2\/posts"}],"about":[{"href":"https:\/\/ujkafe.website\/index.php?rest_route=\/wp\/v2\/types\/post"}],"author":[{"embeddable":true,"href":"https:\/\/ujkafe.website\/index.php?rest_route=\/wp\/v2\/users\/2954"}],"replies":[{"embeddable":true,"href":"https:\/\/ujkafe.website\/index.php?rest_route=%2Fwp%2Fv2%2Fcomments&post=104484"}],"version-history":[{"count":0,"href":"https:\/\/ujkafe.website\/index.php?rest_route=\/wp\/v2\/posts\/104484\/revisions"}],"wp:attachment":[{"href":"https:\/\/ujkafe.website\/index.php?rest_route=%2Fwp%2Fv2%2Fmedia&parent=104484"}],"wp:term":[{"taxonomy":"category","embeddable":true,"href":"https:\/\/ujkafe.website\/index.php?rest_route=%2Fwp%2Fv2%2Fcategories&post=104484"},{"taxonomy":"post_tag","embeddable":true,"href":"https:\/\/ujkafe.website\/index.php?rest_route=%2Fwp%2Fv2%2Ftags&post=104484"}],"curies":[{"name":"wp","href":"https:\/\/api.w.org\/{rel}","templated":true}]}}