
{"id":104515,"date":"2023-05-16T14:25:14","date_gmt":"2023-05-16T14:25:14","guid":{"rendered":"https:\/\/ujkafe.website\/?p=104515"},"modified":"2023-05-16T14:25:14","modified_gmt":"2023-05-16T14:25:14","slug":"ivan-gizella-a-hazug-megkisertese","status":"publish","type":"post","link":"https:\/\/ujkafe.website\/?p=104515","title":{"rendered":"Iv\u00e1n Gizella: A Hazug megk\u00eds\u00e9rt\u00e9se"},"content":{"rendered":"<div>\n<div class=\"\" dir=\"auto\">\n<div id=\":rde:\" class=\"x1iorvi4 x1pi30zi x1swvt13 xjkvuk6\" data-ad-comet-preview=\"message\" data-ad-preview=\"message\">\n<div class=\"x78zum5 xdt5ytf xz62fqu x16ldp7u\">\n<div class=\"xu06os2 x1ok221b\">\n<div class=\"xdj266r x11i5rnm xat24cr x1mh8g0r x1vvkbs x126k92a\">\n<div dir=\"auto\">&nbsp;<\/div>\n<\/div>\n<div class=\"x11i5rnm xat24cr x1mh8g0r x1vvkbs xtlvy1s x126k92a\">\n<div dir=\"auto\">Hol volt hol nem volt, tal\u00e1n sehol sem volt. Na de ez nem igaz, mert valahol csak volt egy ember, aki soha nem tudott igazat mondani. Szeg\u00e9ny szerencs\u00e9tlent azzal \u00e1tkozta meg anno egy boszorka, hogy az igazs\u00e1g messze ker\u00fclje el a sz\u00e1j\u00e1t. \u00cdgy t\u00f6rt\u00e9nt, ez nem mese, higgyetek nekem. M\u00e1r fiatal kor\u00e1ban is nagy b\u00e1natot okozott ezzel a sz\u00fcleinek, mert soha nem tudt\u00e1k, mi j\u00f6n ki a gyermek sz\u00e1j\u00e1n. Azt a sok k\u00edgy\u00f3t, b\u00e9k\u00e1t, amit ki\u00f6klendezett, nem gy\u0151zt\u00e9k eltakar\u00edtani a konyh\u00e1b\u00f3l. A hazug gyermek pedig ugyan\u00fagy megn\u0151tt, mint a t\u00f6bbi sr\u00e1c a faluban, j\u00f3 nem lett akkora, de a sz\u00e1ja az igen sz\u00e9pen kikerekedett. Persze j\u00f3 nagyra is kellett t\u00e1tani, mert egy\u00e9bk\u00e9nt \u00e9szre sem vett\u00e9k volna. Feln\u0151tt a leg\u00e9ny, meg is n\u0151s\u00fclt, gyerekei sz\u00fclettek \u00e9s r\u00e1j\u00f6tt, hogy \u0151 bizony szereti a p\u00e9nzt. S hogy min\u00e9l t\u00f6bbet szerezzen, \u00f6sszesz\u0171rte a levet mindenf\u00e9le embernek l\u00e1tsz\u00f3 l\u00e9nnyel, de kider\u00fclt, azok nem emberek, \u00e9pp\u2019 hogy a pokolb\u00f3l sz\u00e1lltak fel \u00e9s gonoszt szolg\u00e1lj\u00e1k. \u00cdgy szeg\u0151d\u00f6tt a hazug fi\u00fa is az \u00f6rd\u00f6g szolg\u00e1lat\u00e1ba.<\/div>\n<div dir=\"auto\">&nbsp;<\/div>\n<\/div>\n<\/div>\n<\/div>\n<\/div>\n<\/div>\n<\/div>\n<p><!--more--><\/p>\n<div dir=\"auto\">Az \u00f6rd\u00f6g pedig r\u00f6vid megfigyel\u00e9s ut\u00e1n mag\u00e1hoz h\u00edvatta, mert igencsak tetszett neki a sok l\u00f3d\u00edt\u00e1s. Nagyra tartalak, j\u00f3l csin\u00e1lod, mondta neki a S\u00e1t\u00e1n, de ha el\u0151re akarsz jutni a rangl\u00e9tr\u00e1n, akkor m\u00e1st is kell tenned. A fi\u00fa b\u00f3lintott \u00e9s b\u00e1r tartott az \u00f6rd\u00f6gt\u0151l, elv\u00e1llalta a munk\u00e1t. S hogy ez mib\u0151l \u00e1llt? Az \u00f6rd\u00f6g ilyen utas\u00edt\u00e1sokkal l\u00e1tta el:<\/div>\n<div dir=\"auto\">\u00c1llj mindig arra az oldalra, amit az emberek rossznak tartanak!<\/div>\n<div dir=\"auto\">Soha ne mondj igazat!<\/div>\n<div dir=\"auto\">N\u00e9zd h\u00fcly\u00e9nek, szolg\u00e1nak a n\u00e9pet!<\/div>\n<div dir=\"auto\">Soha ne egyezz bele semmibe, amit az alattval\u00f3k akarnak!<\/div>\n<div dir=\"auto\">V\u00e9gy magad mell\u00e9 olyan bar\u00e1tokat, akiket, ha lefizett\u00e9l, a t\u0171zbe mennek \u00e9rted. id\u0151nk\u00e9nt dobd is \u0151ket a pokol fenek\u00e9re!<\/div>\n<div dir=\"auto\">Szeresd a p\u00e9nzt, a pomp\u00e1t, s ha seg\u00edts\u00e9get k\u00e9rnek t\u0151led, nevess egy nagyot, vagy r\u00fagj bele a szerencs\u00e9tlenbe!<\/div>\n<div dir=\"auto\">Tartsd magad t\u00e1vol az \u0151szinte emberekt\u0151l, azok csak \u00f6sszezavarj\u00e1k a gondolataidat!<\/div>\n<div dir=\"auto\">Harcolj, mert harcra sz\u00fclett\u00e9l!<\/div>\n<div dir=\"auto\">Tedd naggy\u00e1 sz\u00fcl\u0151f\u00f6ldedet, ha kell csellel, ha kell pusk\u00e1val!<\/div>\n<div dir=\"auto\">&nbsp;<\/div>\n<div dir=\"auto\">Na a fi\u00fa, hogy ezeknek a k\u00edv\u00e1nalmaknak megfeleljen, mindent meg is tett. Csakhogy a F\u00f6ld\u00f6n a S\u00e1t\u00e1nnak akadt egy vet\u00e9lyt\u00e1rsa, aki ugyancsak felfigyelt a lassan \u00f6sszeoml\u00f3 idegekkel botladoz\u00f3 hazugunkba. Ez a f\u00f6ldi \u00f6rd\u00f6g ki akarta szor\u00edtani a S\u00e1t\u00e1nt a bolyg\u00f3r\u00f3l, h\u00e1bor\u00fat ind\u00edtott, \u00e1rtatlanokat k\u00ednzott, halomra l\u00f6vette az embereket, a v\u00e1rosokat. K\u00f6zben megragadta a Hazug nyak\u00e1t \u00e9s m\u00e9lyen belen\u00e9zett a szem\u00e9be, s miut\u00e1n meghipnotiz\u00e1lta, a hazugunk azt csin\u00e1lta, amit a f\u00f6ldi \u00f6rd\u00f6g akart. Fegyverkezett, \u00e1rm\u00e1nykodott, am\u00edg az aljass\u00e1gaib\u00f3l a pokol ur\u00e1nak is elege nem lett. Olyan betegs\u00e9get k\u00fcld\u00f6tt r\u00e1, ami kiiktatta a boszork\u00e1k \u00e1tk\u00e1t \u00e9s ett\u0151l kezdve a szerencs\u00e9tlen ajk\u00e1t csak igaz sz\u00f3 hagyhatta el.<\/div>\n<div dir=\"auto\">&nbsp;<\/div>\n<div dir=\"auto\">B\u0171n\u00f6s vagyok. Tolvaj vagyok. Csal\u00f3 vagyok. Kev\u00e9ly vagyok. F\u00f6sv\u00e9ny vagyok. Torkos vagyok. Irigy vagyok. Ateista vagyok.<\/div>\n<div dir=\"auto\">Na itt a mese v\u00e9ge, fuss el v\u00e9le. Ja igen, azt elfeledtem mondani, hogy ez a v\u00e9gsz\u00f3 m\u00e9g csak sz\u00e1z \u00e9v m\u00falva k\u00f6vetkezik be, legyetek teh\u00e1t t\u00fcrelemmel.<\/div>\n<div>\n<div class=\"x168nmei x13lgxp2 x30kzoy x9jhf4c x6ikm8r x10wlt62\" data-visualcompletion=\"ignore-dynamic\">\n<div>\n<div>\n<div>\n<div class=\"x1n2onr6\">\n<div class=\"x6s0dn4 xi81zsa x78zum5 x6prxxf x13a6bvl xvq8zen xdj266r xktsk01 xat24cr x1d52u69 x889kno x4uap5 x1a8lsjc xkhd6sd xdppsyt\">\n<div class=\"x6s0dn4 x78zum5 x1iyjqo2 x6ikm8r x10wlt62\">&nbsp;<\/div>\n<\/div>\n<\/div>\n<\/div>\n<\/div>\n<\/div>\n<\/div>\n<\/div>\n<div class=\"\">&nbsp;<\/div>\n","protected":false},"excerpt":{"rendered":"<p>&nbsp; Hol volt hol nem volt, tal\u00e1n sehol sem volt. Na de ez nem igaz, mert valahol csak volt egy ember, aki soha nem tudott igazat mondani. Szeg\u00e9ny szerencs\u00e9tlent azzal \u00e1tkozta meg anno egy boszorka, hogy az igazs\u00e1g messze ker\u00fclje el a sz\u00e1j\u00e1t. \u00cdgy t\u00f6rt\u00e9nt, ez nem mese, higgyetek nekem. M\u00e1r fiatal kor\u00e1ban is nagy [&hellip;]<\/p>\n","protected":false},"author":2954,"featured_media":0,"comment_status":"open","ping_status":"open","sticky":false,"template":"","format":"standard","meta":{"_monsterinsights_skip_tracking":false,"_monsterinsights_sitenote_active":false,"_monsterinsights_sitenote_note":"","_monsterinsights_sitenote_category":0,"ngg_post_thumbnail":0,"footnotes":""},"categories":[132],"tags":[],"class_list":["post-104515","post","type-post","status-publish","format-standard","hentry","category-elbeszeles"],"_links":{"self":[{"href":"https:\/\/ujkafe.website\/index.php?rest_route=\/wp\/v2\/posts\/104515","targetHints":{"allow":["GET"]}}],"collection":[{"href":"https:\/\/ujkafe.website\/index.php?rest_route=\/wp\/v2\/posts"}],"about":[{"href":"https:\/\/ujkafe.website\/index.php?rest_route=\/wp\/v2\/types\/post"}],"author":[{"embeddable":true,"href":"https:\/\/ujkafe.website\/index.php?rest_route=\/wp\/v2\/users\/2954"}],"replies":[{"embeddable":true,"href":"https:\/\/ujkafe.website\/index.php?rest_route=%2Fwp%2Fv2%2Fcomments&post=104515"}],"version-history":[{"count":0,"href":"https:\/\/ujkafe.website\/index.php?rest_route=\/wp\/v2\/posts\/104515\/revisions"}],"wp:attachment":[{"href":"https:\/\/ujkafe.website\/index.php?rest_route=%2Fwp%2Fv2%2Fmedia&parent=104515"}],"wp:term":[{"taxonomy":"category","embeddable":true,"href":"https:\/\/ujkafe.website\/index.php?rest_route=%2Fwp%2Fv2%2Fcategories&post=104515"},{"taxonomy":"post_tag","embeddable":true,"href":"https:\/\/ujkafe.website\/index.php?rest_route=%2Fwp%2Fv2%2Ftags&post=104515"}],"curies":[{"name":"wp","href":"https:\/\/api.w.org\/{rel}","templated":true}]}}