
{"id":105704,"date":"2025-07-27T14:19:54","date_gmt":"2025-07-27T14:19:54","guid":{"rendered":"https:\/\/ujkafe.website\/?p=105704"},"modified":"2025-07-27T14:21:14","modified_gmt":"2025-07-27T14:21:14","slug":"kawasaki-vulcan-avagy-a-mehek-meseje-gergely-tamas-szemelyes-hangu-recenzioja-lang-zsolt-az-emberek-meseje-cimu-regenyerol","status":"publish","type":"post","link":"https:\/\/ujkafe.website\/?p=105704","title":{"rendered":"Kawasaki Vulcan, avagy a m\u00e9hek mes\u00e9je. Gergely Tam\u00e1s szem\u00e9lyes hang\u00fa recenzi\u00f3ja L\u00e1ng Zsolt Az emberek mes\u00e9je c\u00edm\u0171 reg\u00e9ny\u00e9r\u0151l"},"content":{"rendered":"<p>&nbsp;<\/p>\n<p><a href=\"https:\/\/ujkafe.website\/wp-content\/uploads\/2025\/07\/lang-zsolt-az-emberek-meseje-255923.jpg\"><img loading=\"lazy\" decoding=\"async\" class=\"alignnone size-medium wp-image-105703\" src=\"https:\/\/ujkafe.website\/wp-content\/uploads\/2025\/07\/lang-zsolt-az-emberek-meseje-255923-185x300.jpg\" alt=\"\" width=\"185\" height=\"300\" srcset=\"https:\/\/ujkafe.website\/wp-content\/uploads\/2025\/07\/lang-zsolt-az-emberek-meseje-255923-185x300.jpg 185w, https:\/\/ujkafe.website\/wp-content\/uploads\/2025\/07\/lang-zsolt-az-emberek-meseje-255923.jpg 400w\" sizes=\"auto, (max-width: 185px) 100vw, 185px\" \/><\/a><\/p>\n<p>&nbsp;<\/p>\n<p>Meglep\u0151d\u00f6m: az egyik irodalmi internetes lexikonban az \u00e1ll, hogy a ma \u00fcnnepelt, a Marosv\u00e1s\u00e1rhely k\u00f6zel\u00e9ben \u00e9l\u0151, a L\u00e1t\u00f3 egykori valamint mostani tisztelebeli szerkeszt\u0151je, L\u00e1ng Zsolt a Bukarestben szerkesztett Ifj\u00famunk\u00e1sban k\u00f6z\u00f6lte els\u0151 sz\u00f6vegeit. Sz\u00f6vegeit, \u00edrom, mert nem mindenik pr\u00f3za. Az, amelyik\u00e9rt KISZ-d\u00edjat kapott, hangj\u00e1t\u00e9k. R\u00e9g volt, de igaz volt, m\u00e9g arra is eml\u00e9kszem, hogy r\u00e9szben tr\u00e9f\u00e1b\u00f3l, r\u00e9szben biztat\u00e1sk\u00e9nt \u00e9s h\u00e1t megj\u00f3solva k\u00e9s\u0151bbi siker\u00e9t, Gergely Tam\u00e1s-d\u00edjat adom\u00e1nyoztam neki \u2013 \u00e9n, a lap szerkeszt\u0151jek\u00e9nt \u00e9s bar\u00e1tk\u00e9nt. Mondom, ez akkor t\u00f6rt\u00e9nt, a nyolcvanas \u00e9vek elej\u00e9n.<\/p>\n<p>L\u00e1ng Zsolt az\u00f3ta \u00edr. Felszabad\u00edt\u00f3 hat\u00e1ssal voltak r\u00e1 nemcsak a kezdeti dics\u00e9r\u0151 szavak, hanem a \u201989-es v\u00e1ltozt\u00e1s, a szerkeszt\u0151s\u00e9gi feladatk\u00f6r. Innen, h\u00e1romezer kilom\u00e9ter t\u00e1vols\u00e1gb\u00f3l, de m\u00e1r az internet birtok\u00e1ban, \u00fagy l\u00e1tom, hogy a v\u00e9kony \u00e9s k\u00fcl\u00f6nb\u00f6z\u0151 m\u0171faj\u00fa k\u00f6nyvek ut\u00e1n a Jelenkor \u00e1ltal felkarolt <em>Besti\u00e1rium Transylvaniae<\/em>, majd a <em>Bolyai<\/em> nagyl\u00e9lekzet\u0171v\u00e9 t\u00e1g\u00edtotta L\u00e1ng \u00edr\u00f3i teljes\u00edtm\u00e9ny\u00e9t. \u00c9s akkor, azut\u00e1n jelent meg <em>Az emberek mes\u00e9je<\/em>. Id\u0151ben ugyan a <em>Bolyai<\/em> el\u0151tti az \u00f6tlet, de nyugodtan \u00e1ll\u00edthatjuk, hogy a kett\u0151 p\u00e1rhuzamosan \u00edr\u00f3dott. K\u00f6z\u00f6s p\u00e9ld\u00e1ul a fesz\u00fclts\u00e9gkelt\u0151 krimi \u2013 a <em>Bolyai<\/em>ban ez k\u00fcl\u00f6n sz\u00e1lk\u00e9nt fut, <em>Az emberek mes\u00e9j\u00e9<\/em>ben (Jelenkor, 2024.) a t\u00f6rt\u00e9netet meghat\u00e1roz\u00f3 keret, ott borzolja idegeinket v\u00e9gig: a francia rendsz\u00e1mt\u00e1bl\u00e1j\u00fa Kawasaki Vulcan mi\u00e9rt egy erd\u00e9lyi faluban van f\u00e9lredobva, a 2012-es franciaorsz\u00e1gi gyilkoss\u00e1gnak milyen erd\u00e9lyi vonatkoz\u00e1sai vannak, stb.<\/p>\n<p>Term\u00e9szetesen nem krimi <em>Az emberek mes\u00e9je<\/em>, s v\u00e9gk\u00e9pp nem detekt\u00edvt\u00f6rt\u00e9net a reg\u00e9ny, b\u00e1r detekt\u00edve van a cselekm\u00e9nynek, de sem \u0151, sem a reg\u00e9ny\u00edr\u00f3 nem kutat, nincs benne oknyomoz\u00e1s, helyette asszociat\u00edv szerkeszt\u00e9ssel bontakozik ki a Med\u00e1rd nev\u0171 falu \u00e9lete. K\u00f6r\u00fclbel\u00fcl \u00fagy haladunk el\u0151re a t\u00f6rt\u00e9n\u00e9sben, mint ahogy egy lepke sz\u00e1llja be a r\u00e9tet. Vagy m\u00e9g ink\u00e1bb egy m\u00e9h a vir\u00e1gz\u00f3 kertet. Sok minden \u00e9rdekes \u00e9s hasznos sz\u00e1m\u00e1ra, amir\u0151l mi azt hinn\u00e9nk, mell\u00e9kes a cselekm\u00e9ny meg\u00e9rt\u00e9se szempontj\u00e1b\u00f3l. P\u00e9ld\u00e1t mondok: jott\u00e1nyit sem jutunk el\u0151re a franciaorsz\u00e1gi gyilkoss\u00e1g kider\u00edt\u00e9s\u00e9ben, m\u00e9gis megtudjuk, hogy az elbesz\u00e9l\u0151 meglesi, hogyan sz\u0151rtelen\u00edti Amara a l\u00e1b\u00e1t. Mag\u00e1t\u00f3l t\u00e1gul a k\u00e9p.<\/p>\n<p>V\u00e9g\u00fcl is nem der\u00fcl ki, ki gyilkolt \u00e9s f\u0151leg mi\u00e9rt tette, b\u00e1r a reg\u00e9nyben t\u00f6bbsz\u00f6r is elmes\u00e9lik. Viszont nem tudjuk, \u00e1lomr\u00f3l, r\u00e9m\u00e1lomr\u00f3l vagy val\u00f3s\u00e1gosan \u00e1t\u00e9lt t\u00f6rt\u00e9n\u00e9sr\u0151l van sz\u00f3; felismeri az egyik szerepl\u0151 a pisztojt vagy \u0151 maga tartja? Vajon nem mi magunk t\u00fczel\u00fcnk? A gyilkos vagyunk vagy az \u00e1ldozat? Ez az eg\u00e9sz med\u00e1rdos mese nem a mi bens\u0151nkben j\u00e1tsz\u00f3dik le? Ez lenne a reg\u00e9ny mondanival\u00f3ja? Ez az emberek mes\u00e9je?<\/p>\n<p>Nem vagyunk t\u00f6k\u00e9letesek, mi emberek. A reg\u00e9ny minden szerepel\u0151je kapcsolatban \u00e1ll a m\u00e9zzel, a m\u00e9hekkel. Van, aki csak fogyasztja, van aki m\u00e9het tart, Erd\u00e9lyben, szerte a vil\u00e1gon. Mert a szerz\u0151 k\u00f6nnyed\u00e9n mozgatja szerepl\u0151it \u2013 P\u00e1rizsb\u00f3l Med\u00e1rdra eljutni nem probl\u00e9ma, Budapestr\u0151l Bol\u00edvi\u00e1ba. Van, akinek gyakorlati tud\u00e1sa kimer\u00fcl a kapt\u00e1rk\u00e9sz\u00edt\u00e9sben, van, aki megtanulta az ezer m\u00e9zfajta \u00edz\u00e9t, tuljdons\u00e1g\u00e1t, m\u00e1s elfilozof\u00e1l a m\u00e9ht\u00e1rsadalomr\u00f3l. Amelyik elt\u00e9r az emberek\u00e9t\u0151l: c\u00e9ltudatos, \u00e9rzelmek, gondolatok nem nehez\u00edtik. M\u00e1r-m\u00e1r az az \u00e9rz\u00e9s\u00fcnk, hogy a reg\u00e9ny tulajdonk\u00e9ppen nem az emberek, hanem a m\u00e9hek t\u00f6rt\u00e9net\u00e9t tartalmazza. \u00c9s vannak olyanok, olyan t\u00f6rzsek D\u00e9l-Amerik\u00e1ban, a civiliz\u00e1ci\u00f3t\u00f3l t\u00e1vol, ahol a m\u00e9ht\u00e1rsadalmak mint\u00e1j\u00e1ra szervezt\u00e9k meg a maguk \u00e9let\u00e9t. Ezek a \u201dm\u00e9hemberek\u201d \u2013 m\u00e9hszakember\u00fcnk a nyomukba ered, de nem siker\u00fcl tal\u00e1lkozni vel\u00fck. Nem tudjuk meg teh\u00e1t milyen a t\u00f6k\u00e9letes emberi t\u00e1rsadalom vagy aminek a k\u00e9pe el\u0151tt\u00fcnk lebeg.<\/p>\n<p>A Kawasaki viszont megker\u00fcl. Nem tudjuk eg\u00e9szen pontosan, ki\u00e9, s hogyan ker\u00fclt egy eldugott erd\u00e9lyi falucsk\u00e1ba, b\u00e1r elk\u00e9pzel\u00e9s r\u00f3la van. Az elk\u00e9pzel\u00e9sek vil\u00e1ga <em>Az emberek t\u00f6rt\u00e9nete<\/em>, nem is a megold\u00e1s \u00e9rdekel, &#8211; egy suta mell\u00e9ksz\u00e1l a reg\u00e9nyben p\u00e9ld\u00e1ul, hogy a motorbiciklit titkosnak v\u00e9lt, m\u00e1sok sz\u00e1m\u00e1ra z\u00e1rt helyen pihentetik. Pedig \u201ea vil\u00e1g legszebb k\u00e9tkerek\u0171je. Gy\u00f6ny\u00f6r\u0171 a sz\u00edvlap\u00e1tk\u00e9nt domborod\u00f3 l\u00e1mpa, gy\u00f6ny\u00f6r\u0171 a f\u00e9kt\u00e1rcsa mint\u00e1zata, a csigolyasork\u00e9nt fesz\u00fcl\u0151 l\u00e1nc. Az ikerhengerekb\u0151l kihajl\u00f3 kipufog\u00f3, a benzintart\u00e1ly \u00e1ramvonalas form\u00e1ja \u00e1llatian sz\u00e9p. Nem \u00e1tlagos cruiser!\u201d M\u00e1ssz\u00f3val olyan, mit egy serd\u00fcl\u0151 fi\u00fa \u00e1lma. Amelyik egy eg\u00e9sz \u00e9leten \u00e1t elk\u00eds\u00e9ri. Megkock\u00e1ztatom, hogy tulajdonk\u00e9ppen ez a l\u00e1tv\u00e1ny, ez a gyermekkori \u00e1lom \u00edratta meg a reg\u00e9nyt. Minden m\u00e1s mell\u00e9kes. \u00dagysem a gyilkoss\u00e1g megold\u00e1sa a fontos, hanem a megold\u00e1st jobbik esetben el\u0151seg\u00edt\u0151 meg\u00e9rt\u00e9s. \u00cdrtam: a m\u00e9h r\u00f6pt\u00e9hez hasonl\u00edt\u00f3 megismer\u00e9se, megh\u00f3d\u00edt\u00e1sa az elk\u00e9pzelt Med\u00e1rdnak. H\u00edvj\u00e1k azt Marosv\u00e1s\u00e1rhelynek vagy Homor\u00f3dalm\u00e1snak. Nagyj\u00e1b\u00f3l \u00fagy, mint a <em>Besti\u00e1rium Transylvani\u00e1ban<\/em> az id\u0151- \u00e9s t\u00e9rs\u00edkok szabad \u00e9s \u00f6nk\u00e9nyes egym\u00e1s mell\u00e9 rendel\u00e9se. Els\u0151sorban ebben k\u00fcl\u00f6nb\u00f6zik kort\u00e1rsait\u00f3l, \u00fagy v\u00e9lem. K\u00edv\u00e1ncsi vagyok, hogy a tervezett Bart\u00f3k-k\u00f6nyvben, amir\u0151l egyik nemr\u00e9gi interj\u00faj\u00e1ban besz\u00e9lt, ez az elbesz\u00e9l\u00e9sm\u00f3d majd hogyan mutatkozik.<\/p>\n<p>Sz\u00f3val a Gergely Tam\u00e1s-d\u00edj. Amikor m\u00e9g j\u00e1t\u00e9k volt az irodalom. Meg \u00f6r\u00f6m forr\u00e1sa. A KISZ-d\u00edjjal pedig megpr\u00f3b\u00e1ltuk v\u00e9deni egyes szerz\u0151ket bizonyos szervek t\u00falkap\u00e1sait\u00f3l. Nem mindig siker\u00fclt, l\u00e1sd S\u00fct\u0151 Istv\u00e1n eset\u00e9t. \u00c9n t\u00e1volr\u00f3l ugyan, de megpr\u00f3b\u00e1ltam elk\u00eds\u00e9rni Zsoltot ezen az egyre emelked\u0151 \u00faton. N\u00e9ha d\u00edjair\u00f3l is olvastam. Most, hogy irodalmi lexikonokat b\u00f6ng\u00e9szek, l\u00e1tom, hogy szinte megsz\u00e1ml\u00e1lhatatlan elimer\u00e9sben r\u00e9sz\u00fclt. A Gergely Tam\u00e1s-d\u00edj nem szerepel k\u00f6z\u00f6tt\u00fck, nem oda tartozik, \u00e9rtem \u00e9n, hasonl\u00f3 d\u00edjat p\u00e9ld\u00e1ul \u00e9n is kihagyn\u00e9k. \u00dagy t\u0171nik, a J\u00f3zsef Atttila eddig a leg\u00e9rt\u00e9kesebb, t\u00e9vedn\u00e9k?<\/p>\n<p>&nbsp;<\/p>\n<p><em>Stockholm, 2025. j\u00falius<\/em><\/p>\n","protected":false},"excerpt":{"rendered":"<p>&nbsp; &nbsp; Meglep\u0151d\u00f6m: az egyik irodalmi internetes lexikonban az \u00e1ll, hogy a ma \u00fcnnepelt, a Marosv\u00e1s\u00e1rhely k\u00f6zel\u00e9ben \u00e9l\u0151, a L\u00e1t\u00f3 egykori valamint mostani tisztelebeli szerkeszt\u0151je, L\u00e1ng Zsolt a Bukarestben szerkesztett Ifj\u00famunk\u00e1sban k\u00f6z\u00f6lte els\u0151 sz\u00f6vegeit. Sz\u00f6vegeit, \u00edrom, mert nem mindenik pr\u00f3za. Az, amelyik\u00e9rt KISZ-d\u00edjat kapott, hangj\u00e1t\u00e9k. R\u00e9g volt, de igaz volt, m\u00e9g arra is eml\u00e9kszem, hogy [&hellip;]<\/p>\n","protected":false},"author":2954,"featured_media":0,"comment_status":"open","ping_status":"open","sticky":false,"template":"","format":"standard","meta":{"_monsterinsights_skip_tracking":false,"_monsterinsights_sitenote_active":false,"_monsterinsights_sitenote_note":"","_monsterinsights_sitenote_category":0,"ngg_post_thumbnail":0,"footnotes":""},"categories":[1],"tags":[],"class_list":["post-105704","post","type-post","status-publish","format-standard","hentry","category-nincs-kategorizalva"],"_links":{"self":[{"href":"https:\/\/ujkafe.website\/index.php?rest_route=\/wp\/v2\/posts\/105704","targetHints":{"allow":["GET"]}}],"collection":[{"href":"https:\/\/ujkafe.website\/index.php?rest_route=\/wp\/v2\/posts"}],"about":[{"href":"https:\/\/ujkafe.website\/index.php?rest_route=\/wp\/v2\/types\/post"}],"author":[{"embeddable":true,"href":"https:\/\/ujkafe.website\/index.php?rest_route=\/wp\/v2\/users\/2954"}],"replies":[{"embeddable":true,"href":"https:\/\/ujkafe.website\/index.php?rest_route=%2Fwp%2Fv2%2Fcomments&post=105704"}],"version-history":[{"count":0,"href":"https:\/\/ujkafe.website\/index.php?rest_route=\/wp\/v2\/posts\/105704\/revisions"}],"wp:attachment":[{"href":"https:\/\/ujkafe.website\/index.php?rest_route=%2Fwp%2Fv2%2Fmedia&parent=105704"}],"wp:term":[{"taxonomy":"category","embeddable":true,"href":"https:\/\/ujkafe.website\/index.php?rest_route=%2Fwp%2Fv2%2Fcategories&post=105704"},{"taxonomy":"post_tag","embeddable":true,"href":"https:\/\/ujkafe.website\/index.php?rest_route=%2Fwp%2Fv2%2Ftags&post=105704"}],"curies":[{"name":"wp","href":"https:\/\/api.w.org\/{rel}","templated":true}]}}