
{"id":105743,"date":"2025-09-28T16:31:11","date_gmt":"2025-09-28T16:31:11","guid":{"rendered":"https:\/\/ujkafe.website\/?p=105743"},"modified":"2025-09-28T16:32:17","modified_gmt":"2025-09-28T16:32:17","slug":"mit-ir-mit-olvas-molnar-janos","status":"publish","type":"post","link":"https:\/\/ujkafe.website\/?p=105743","title":{"rendered":"Mit \u00edr, mit olvas Moln\u00e1r J\u00e1nos&#8230;"},"content":{"rendered":"<p><em>Azt k\u00e9rded tisztelt Kaf\u00e9, mit olvasok \u00e9pp most?<\/em><\/p>\n<p>El\u00e9gg\u00e9 \u00f6nz\u0151 m\u00f3don, l\u00e1sd az al\u00e1bbi szelfit, saj\u00e1t \u00edr\u00e1saimat: egy reg\u00e9nyen \u00e9s t\u00f6bb novell\u00e1n dolgozom p\u00e1rhuzamosan. Az <em>Angyali \u00fcdv\u00f6zlet<\/em> munkac\u00edm\u0171 reg\u00e9ny egy f\u00e9lig bosny\u00e1k-f\u00e9lig magyar l\u00e1ny fejl\u0151d\u00e9st\u00f6rt\u00e9nete, ha \u00fagy tetszik, sok korabeli dokumentum\/vend\u00e9gsz\u00f6veg felhaszn\u00e1l\u00e1s\u00e1val, ugyanis 12 \u00e9vesen menek\u00edtik \u00e1t Szarajev\u00f3b\u00f3l Szegedre, a h\u00e1tt\u00e9r a boszniai h\u00e1bor\u00fa \u00e9s a magyar vadkapitalizmus. Azt\u00e1n h\u00e1rom novell\u00e1n v\u00e9gzek ut\u00f3munk\u00e1latokat, miel\u0151tt valahol megpr\u00f3b\u00e1ln\u00e1m k\u00f6z\u00f6lni.<\/p>\n<p>&nbsp;<\/p>\n<p><a href=\"https:\/\/ujkafe.website\/wp-content\/uploads\/2025\/09\/Molnar-portre-varos.jpg\"><img loading=\"lazy\" decoding=\"async\" class=\"alignnone size-medium wp-image-105744\" src=\"https:\/\/ujkafe.website\/wp-content\/uploads\/2025\/09\/Molnar-portre-varos-226x300.jpg\" alt=\"\" width=\"226\" height=\"300\" srcset=\"https:\/\/ujkafe.website\/wp-content\/uploads\/2025\/09\/Molnar-portre-varos-226x300.jpg 226w, https:\/\/ujkafe.website\/wp-content\/uploads\/2025\/09\/Molnar-portre-varos.jpg 318w\" sizes=\"auto, (max-width: 226px) 100vw, 226px\" \/><\/a><\/p>\n<p>&nbsp;<\/p>\n<p>Ezen a ny\u00e1ron azonban olyan m\u0171veket igyekeztem elolvasni, amelyeket a maguk kor\u00e1ban valamilyen okn\u00e1l fogva elm\u00falasztottam, vagy belekezdtem, de nem fejeztem be \u00e9s irodalomkedvel\u0151k k\u00f6r\u00e9ben botr\u00e1nkoz\u00e1st keltettem, hogy azokat \u00e9n m\u00e9g nem ismerem. Ilyen volt a <em>Buddenbrook h\u00e1z<\/em> \u00e9s a <em>Var\u00e1zshegy<\/em>, Marquez<em> Sz\u00e1z \u00e9ve mag\u00e1nya<\/em>, s nemr\u00e9g fejeztem be Mario Vargas LLosat\u00f3l <em>A v\u00e1ros \u00e9s a kuty\u00e1k<\/em>at.<\/p>\n<p>Mint l\u00e1that\u00f3 a c\u00e9gjelz\u0151 ikonb\u00f3l r\u00e9gi (1976), Kriterion kiad\u00e1s, \u00e1tv\u00e9szelte az emigr\u00e1ci\u00f3t, el kellett adnom egy aradi antikv\u00e1riumnak majd visszav\u00e1s\u00e1rolni, hogy list\u00e1n ellen\u0151rizhet\u0151 legyen az 500 darab enged\u00e9lyezett k\u00f6nyv kiteleped\u00e9se a gazd\u00e1jukkal egy\u00fctt, azt\u00e1n Szegeden egy h\u00e1zt\u0171zet is t\u00fal\u00e9lt, m\u00e9lt\u00e1n ki\u00e9rdemelte, hogy elolvassam. Hogy kiad\u00e1sa idej\u00e9n m\u00e9rt nem ker\u00fclt r\u00e1 sor, nem eml\u00e9kszem. Z\u0171r\u00f6s id\u0151k voltak, 1975 \u0151sz\u00e9n kihelyeztek Szatm\u00e1rn\u00e9metibe, k\u00e9t h\u00f3nap m\u00falva Zilahra. 1976 m\u00e1rcius\u00e1ban Temesv\u00e1rra k\u00fcldtek volna, de nem akartam olyan t\u00e1vol ker\u00fclni Kolozsv\u00e1ron tanul\u00f3 feles\u00e9gemt\u0151l. Egy t\u00e1voli rokonom, szem\u00e9sz k\u00f6zrem\u0171k\u00f6d\u00e9s\u00e9vel betegszabads\u00e1gokat kaptam, havonta meghosszabb\u00edtva, ezalatt Kolozsv\u00e1ron egy maszek fr\u00f6ccsent\u0151n\u00e9l dolgoztam, m\u00edg Temesv\u00e1rr\u00f3l \u00e1thelyeztek a m\u00e1ramarosi S\u00fclelmedre, tudtomon k\u00edv\u00fcl \u201876 nyar\u00e1n.<\/p>\n<p>Ennek titkos c\u00e9lja az lehetett, hogy megfosszanak a lelk\u00e9szi st\u00e1tust\u00f3l, ugyanis, ha k\u00e9t h\u00e9ten bel\u00fcl nem foglalom el az \u00e1ll\u00e1st, ez lett volna a k\u00f6vetkez\u0151 l\u00e9p\u00e9s. Valaki ap\u00e1mnak megs\u00fagta, hogy mi a p\u00fcsp\u00f6ks\u00e9g terve, s \u0151 t\u00e1viratozott, azonnal utazzak Nagyb\u00e1ny\u00e1ra, S\u00fclelmed egyh\u00e1zilag oda tartozott, s jelentkezzek az esperesn\u00e9l. Ut\u00f3bbi helysz\u00edn m\u00e1r szolg\u00e1lati lak\u00e1ssal j\u00e1rt, odavihettem a k\u00f6nyveimet is. Ilyen k\u00f6r\u00fclm\u00e9nyek k\u00f6z\u00f6tt val\u00f3sz\u00edn\u0171 nem sok id\u0151m lehetett reg\u00e9nyekben elm\u00e9ly\u00fclni. Most amikor nekiveselkedtem, az els\u0151 h\u00fasz oldal elolvas\u00e1sa ut\u00e1n r\u00e1d\u00f6bbentem, hogy ez egy d\u00e9lamerikai<em> Iskola a hat\u00e1ron<\/em>, \u00e9s a magyar pr\u00f3za egyik alapm\u0171v\u00e9vel val\u00f3 \u00f6sszehasonl\u00edt\u00e1s k\u00edv\u00e1ncsiv\u00e1 tett, olvashatta-e Vargas Llosa Ottlik k\u00f6nyv\u00e9t, mert elm\u00e9letileg lehets\u00e9ges, <em>Az iskola a hat\u00e1ron<\/em> h\u00e1rom \u00e9vvel kor\u00e1bban jelent meg, mint Llosa reg\u00e9nye. De mivel megjelen\u00e9sekor nem lett, nem lehetett n\u00e9pszer\u0171 egy hadapr\u00f3d-t\u00f6rt\u00e9net, nem val\u00f3sz\u00edn\u0171, hogy idej\u00e9ben leford\u00edtott\u00e1k volna spanyolra.<\/p>\n<p>&nbsp;<\/p>\n<p><a href=\"https:\/\/ujkafe.website\/wp-content\/uploads\/2025\/09\/Molnar-A-varos.jpg\"><img loading=\"lazy\" decoding=\"async\" class=\"alignnone size-medium wp-image-105745\" src=\"https:\/\/ujkafe.website\/wp-content\/uploads\/2025\/09\/Molnar-A-varos-300x256.jpg\" alt=\"\" width=\"300\" height=\"256\" srcset=\"https:\/\/ujkafe.website\/wp-content\/uploads\/2025\/09\/Molnar-A-varos-300x256.jpg 300w, https:\/\/ujkafe.website\/wp-content\/uploads\/2025\/09\/Molnar-A-varos.jpg 383w\" sizes=\"auto, (max-width: 300px) 100vw, 300px\" \/><\/a><\/p>\n<p>&nbsp;<\/p>\n<p>Na mindegy, a bentlak\u00e1sos fi\u00faiskola pokla ismer\u0151s, nekem is volt r\u00e9szem bel\u0151le k\u00e9tszer, r\u00f6vid ideig, nem b\u00edrtam elviselni azt a v\u00e9rl\u00e1z\u00edt\u00f3 kasztrendszert, amelyben emberi \u00e9rt\u00e9keit\u0151l f\u00fcggetlen\u00fcl a fels\u0151bb kaszt domin\u00e1l, mindk\u00e9tszer kiz\u00e1rtak l\u00e1z\u00edt\u00e1s, felforgat\u00e1s v\u00e1dj\u00e1val. Ink\u00e1bb ing\u00e1ztam, vagy laktam romos alb\u00e9rletekben, ahova a sz\u00e9l bef\u00fajta a havat az ajt\u00f3 alatt. Hat\u00e1ssal voltak r\u00e1m a karakterek, hitelesek a kev\u00e9sb\u00e9 k\u00f6rvonalazott portr\u00e9k is, D\u00e9l-Amerika titokzatos, borzongat\u00f3 vil\u00e1ga sok \u00fajdons\u00e1got jelentett, p\u00e9ld\u00e1ul, hogy a bennsz\u00fcl\u00f6tt indi\u00e1nokat csak a pejorat\u00edv hegylak\u00f3 elnevez\u00e9ssel illett\u00e9k, r\u00f6vidre fogva \u00f6r\u00fcltem, hogy ha k\u00e9s\u0151n is, de belem\u00e9lyedhettem egy j\u00f3 reg\u00e9ny rejtelmeibe. Legyen ez egy megk\u00e9sett olvas\u00f3napl\u00f3?<\/p>\n<p>&nbsp;<\/p>\n<p><em>Moln\u00e1r J\u00e1nos <\/em>(Nagyszalonta, 1949) Szegeden \u00e9l\u0151 \u00edr\u00f3, egyh\u00e1zt\u00f6rt\u00e9n\u00e9sz, \u00edr\u00f3i nev\u00e9n Pat\u00f3cs Moln\u00e1r J\u00e1nos. R\u00e9szt vesz az Ellenpontok szamizdat megjelentet\u00e9s\u00e9ben, T\u0151k\u00e9s L\u00e1szl\u00f3val k\u00f6z\u00f6sen jegyzik az Arad egyh\u00e1zmegyei lelk\u00e9szek memorandum\u00e1t a rom\u00e1niai \u201efalurombol\u00e1s\u201d kapcs\u00e1n. Nyugd\u00edjaz\u00e1s\u00e1ig a SZTE Egyetemi K\u00f6nyvt\u00e1rban, majd a Debreceni Reform\u00e1tus Hittudom\u00e1nyi Egyetemen docensk\u00e9nt tan\u00edt. 1969 \u00f3ta k\u00f6z\u00f6l verset \u00e9s pr\u00f3z\u00e1t. D\u00edjazott reg\u00e9nyei: Csib\u00e9sz Ert\u00e9, Apokrif. Legismertebb t\u00f6rt\u00e9neti munk\u00e1ja: Szigor\u00faan ellen\u0151rz\u00f6tt evang\u00e9lium 1-4. k\u00f6t.<\/p>\n<p><a href=\"https:\/\/ujkafe.website\/?s=moln%C3%A1r+j%C3%A1nos\">Moln\u00e1r J\u00e1nos a K\u00e1f\u00e9ban<\/a><\/p>\n","protected":false},"excerpt":{"rendered":"<p>Azt k\u00e9rded tisztelt Kaf\u00e9, mit olvasok \u00e9pp most? El\u00e9gg\u00e9 \u00f6nz\u0151 m\u00f3don, l\u00e1sd az al\u00e1bbi szelfit, saj\u00e1t \u00edr\u00e1saimat: egy reg\u00e9nyen \u00e9s t\u00f6bb novell\u00e1n dolgozom p\u00e1rhuzamosan. Az Angyali \u00fcdv\u00f6zlet munkac\u00edm\u0171 reg\u00e9ny egy f\u00e9lig bosny\u00e1k-f\u00e9lig magyar l\u00e1ny fejl\u0151d\u00e9st\u00f6rt\u00e9nete, ha \u00fagy tetszik, sok korabeli dokumentum\/vend\u00e9gsz\u00f6veg felhaszn\u00e1l\u00e1s\u00e1val, ugyanis 12 \u00e9vesen menek\u00edtik \u00e1t Szarajev\u00f3b\u00f3l Szegedre, a h\u00e1tt\u00e9r a boszniai h\u00e1bor\u00fa \u00e9s [&hellip;]<\/p>\n","protected":false},"author":2954,"featured_media":0,"comment_status":"open","ping_status":"open","sticky":false,"template":"","format":"standard","meta":{"_monsterinsights_skip_tracking":false,"_monsterinsights_sitenote_active":false,"_monsterinsights_sitenote_note":"","_monsterinsights_sitenote_category":0,"ngg_post_thumbnail":0,"footnotes":""},"categories":[1],"tags":[],"class_list":["post-105743","post","type-post","status-publish","format-standard","hentry","category-nincs-kategorizalva"],"_links":{"self":[{"href":"https:\/\/ujkafe.website\/index.php?rest_route=\/wp\/v2\/posts\/105743","targetHints":{"allow":["GET"]}}],"collection":[{"href":"https:\/\/ujkafe.website\/index.php?rest_route=\/wp\/v2\/posts"}],"about":[{"href":"https:\/\/ujkafe.website\/index.php?rest_route=\/wp\/v2\/types\/post"}],"author":[{"embeddable":true,"href":"https:\/\/ujkafe.website\/index.php?rest_route=\/wp\/v2\/users\/2954"}],"replies":[{"embeddable":true,"href":"https:\/\/ujkafe.website\/index.php?rest_route=%2Fwp%2Fv2%2Fcomments&post=105743"}],"version-history":[{"count":0,"href":"https:\/\/ujkafe.website\/index.php?rest_route=\/wp\/v2\/posts\/105743\/revisions"}],"wp:attachment":[{"href":"https:\/\/ujkafe.website\/index.php?rest_route=%2Fwp%2Fv2%2Fmedia&parent=105743"}],"wp:term":[{"taxonomy":"category","embeddable":true,"href":"https:\/\/ujkafe.website\/index.php?rest_route=%2Fwp%2Fv2%2Fcategories&post=105743"},{"taxonomy":"post_tag","embeddable":true,"href":"https:\/\/ujkafe.website\/index.php?rest_route=%2Fwp%2Fv2%2Ftags&post=105743"}],"curies":[{"name":"wp","href":"https:\/\/api.w.org\/{rel}","templated":true}]}}