
{"id":105747,"date":"2025-10-01T08:47:39","date_gmt":"2025-10-01T08:47:39","guid":{"rendered":"https:\/\/ujkafe.website\/?p=105747"},"modified":"2025-10-01T08:47:39","modified_gmt":"2025-10-01T08:47:39","slug":"mit-ir-mit-olvas-ivan-gizella","status":"publish","type":"post","link":"https:\/\/ujkafe.website\/?p=105747","title":{"rendered":"Mit \u00edr, mit olvas Iv\u00e1n Gizella?"},"content":{"rendered":"<p>&nbsp;<\/p>\n<p><strong>Futok a lelkem titkai ut\u00e1n<\/strong><\/p>\n<p>\u00d3 kedves K\u00e1f\u00e9, megtisztel\u0151 a k\u00e9rd\u00e9s, hogy mit \u00edrok, mit olvasok. N\u00e1lam az \u00edr\u00e1s, nem is hiszed el, egy pillanat sz\u00fcl\u00f6tte. A t\u00e9ma lehet, hogy f\u0151z\u00e9s k\u00f6zben pattan ki a fejemb\u0151l, de az is lehet, hogy egy mad\u00e1r r\u00f6pte, vagy \u00e9pp egy lusta macska l\u00e1tv\u00e1nya adja az ihletet. Nem, nem \u00fcl\u00f6k r\u00f6gt\u00f6n a g\u00e9p el\u00e9, k\u00f6zben ezer \u00e9s ezer dolgot csin\u00e1lok, de a mondanival\u00f3 ott motoszk\u00e1l a fejemben. Lehet, hogy csak egy nap, lehet, hogy csak egy h\u00e9t m\u00falva lesz \u00e9rett, s m\u00e1sok sz\u00e1m\u00e1ra is ehet\u0151. Mert ez a l\u00e9nyeg. Hogy \u00e9n is \u00e9rtsem magam \u00e9s m\u00e1s is meg\u00e9rtse amit mondani, k\u00f6z\u00f6lni szeretn\u00e9k. Nem kultiv\u00e1lom, amikor a sorok k\u00f6z\u00f6tt kell olvasni, b\u00e1r ebben is otthon vagyok, hiszen j\u00f3 p\u00e1r \u00e9vet le\u00e9ltem azokban az id\u0151kben, amikor az ember megtanulta ezt a m\u0171fajt.<\/p>\n<p>&nbsp;<\/p>\n<p><a href=\"https:\/\/ujkafe.website\/wp-content\/uploads\/2025\/10\/Ivan-Gizella-portre.jpg\"><img loading=\"lazy\" decoding=\"async\" class=\"alignnone size-medium wp-image-105748\" src=\"https:\/\/ujkafe.website\/wp-content\/uploads\/2025\/10\/Ivan-Gizella-portre-300x200.jpg\" alt=\"\" width=\"300\" height=\"200\" srcset=\"https:\/\/ujkafe.website\/wp-content\/uploads\/2025\/10\/Ivan-Gizella-portre-300x200.jpg 300w, https:\/\/ujkafe.website\/wp-content\/uploads\/2025\/10\/Ivan-Gizella-portre-1024x683.jpg 1024w, https:\/\/ujkafe.website\/wp-content\/uploads\/2025\/10\/Ivan-Gizella-portre-768x512.jpg 768w, https:\/\/ujkafe.website\/wp-content\/uploads\/2025\/10\/Ivan-Gizella-portre.jpg 1329w\" sizes=\"auto, (max-width: 300px) 100vw, 300px\" \/><\/a><\/p>\n<p>&nbsp;<\/p>\n<p>\u00c9s most \u00fajra tanuljuk. N\u00e9zem a v\u00e9lem\u00e9nyvez\u00e9reket, micsoda technik\u00e1val rejtik el a l\u00e9nyeget, a cs\u00fanya szavakat, a s\u00e9rt\u0151 kifejez\u00e9seket. Ezt nem szeretn\u00e9m gyakorolni. Nem a szavak miatt, mert meggy\u0151z\u0151d\u00e9sem, cs\u00fanya sz\u00f3 nincs, hiszen haszn\u00e1ljuk\u2026 csak \u00e9pp kifog\u00e1solhat\u00f3, ha nem illik a hely\u00e9re. Sz\u00f3val a k\u00e9rd\u00e9sedre kedves K\u00e1f\u00e9, most \u00e9pp egy ilyen gondolkod\u00f3s, elm\u00e9lked\u0151s sz\u00fcnetben leledzem. De \u00fagy hiszem, ez nem tart sok\u00e1ig. Mi\u00f3ta megsz\u0171nt az \u00dajn\u00e9pszabads\u00e1g, az\u00f3ta a f\u00e9szbukon \u00edrom meg a gondolataimat, de azon is elm\u00e9lkedtem m\u00e1r, abba k\u00e9ne hagyni a publik\u00e1l\u00e1st. Pedig nagy cs\u00e1b\u00edt\u00f3 a k\u00f6z\u00f6ss\u00e9gi t\u00e9r, de m\u00e9g sincs olyan ereje egy ilyen kis pont zsurnaliszta eset\u00e9ben, amire v\u00e1gyom. Vagyis nem is v\u00e1gyom, mert j\u00f3l van ez \u00edgy.<\/p>\n<p>Ja igen. A m\u00e1sik k\u00e9rd\u00e9s, mit olvasok. Nevetni fogsz, mert \u00fajra el\u0151vettem Prust <em>F\u00e1ra\u00f3<\/em>j\u00e1t, ami nem is tudom mi\u00e9rt, de leny\u0171g\u00f6z. Az\u00e9rt vettem el\u0151 \u00fajra, mert szeretn\u00e9m feloldani magamban azt az ellentmond\u00e1st, amit a k\u00f6nyv ismerete \u00e9s a helysz\u00edni tapasztalat ellentmond\u00e1soss\u00e1ga okozott. Anno, Egyiptomban, valami\u00e9rt nem \u00e9reztem azt a var\u00e1zslatot, amit a k\u00f6nyvt\u0151l kaptam \u00e9s nem h\u00edvott vissza sem G\u00edza, sem Karnak, sem a t\u00f6bbi \u00f3kori csoda. A piramisok t\u00f6v\u00e9b\u0151l ink\u00e1bb elszaladtam volna, a Kir\u00e1lyok v\u00f6lgye is r\u00e9m\u00edszt\u0151 volt ink\u00e1bb, mint felemel\u0151. Minden a halottak k\u00f6r\u00fcl forgott, mindenhol. S ha nem, akkor a turist\u00e1kat zaklat\u00f3k ijesztettek el. Tal\u00e1n egyed\u00fcl a karnaki Tud\u00e1s Temploma volt r\u00e1m k\u00fcl\u00f6nleges hat\u00e1ssal. Igaz ott ketten k\u00f3boroltunk a f\u00e9rjemmel \u00e9s senki nem zavart abban, ha lehunytam a szemem, lelki szemeim el\u0151tt megelevenedhetett a h\u00e1romezer \u00e9ves m\u00falt a hatalmas k\u00f6vek k\u00f6z\u00f6tt.<\/p>\n<p>&nbsp;Mivel igencsak k\u00edv\u00e1ncsi ember vagyok, s nem szeretem a lez\u00e1ratlan dolgokat, a titkokat, ezt az Egyiptom t\u00e9m\u00e1t is szeretn\u00e9m megfejteni. Gondolod kedves Kaf\u00e9, hogy siker\u00fcl?<\/p>\n<p>&nbsp;<\/p>\n<p><em>Iv\u00e1n Gizella<\/em> \u00fajs\u00e1g\u00edr\u00f3, \u00edr\u00f3, szerkeszt\u00f5. Budapesten \u00e9l.<\/p>\n<p>&nbsp;<\/p>\n<p><a href=\"https:\/\/ujkafe.website\/?s=iv%C3%A1n+gizella\">Iv\u00e1n Gizella a K\u00e1f\u00e9ban<\/a><\/p>\n","protected":false},"excerpt":{"rendered":"<p>&nbsp; Futok a lelkem titkai ut\u00e1n \u00d3 kedves K\u00e1f\u00e9, megtisztel\u0151 a k\u00e9rd\u00e9s, hogy mit \u00edrok, mit olvasok. N\u00e1lam az \u00edr\u00e1s, nem is hiszed el, egy pillanat sz\u00fcl\u00f6tte. A t\u00e9ma lehet, hogy f\u0151z\u00e9s k\u00f6zben pattan ki a fejemb\u0151l, de az is lehet, hogy egy mad\u00e1r r\u00f6pte, vagy \u00e9pp egy lusta macska l\u00e1tv\u00e1nya adja az ihletet. Nem, [&hellip;]<\/p>\n","protected":false},"author":2954,"featured_media":0,"comment_status":"open","ping_status":"open","sticky":false,"template":"","format":"standard","meta":{"_monsterinsights_skip_tracking":false,"_monsterinsights_sitenote_active":false,"_monsterinsights_sitenote_note":"","_monsterinsights_sitenote_category":0,"ngg_post_thumbnail":0,"footnotes":""},"categories":[1],"tags":[],"class_list":["post-105747","post","type-post","status-publish","format-standard","hentry","category-nincs-kategorizalva"],"_links":{"self":[{"href":"https:\/\/ujkafe.website\/index.php?rest_route=\/wp\/v2\/posts\/105747","targetHints":{"allow":["GET"]}}],"collection":[{"href":"https:\/\/ujkafe.website\/index.php?rest_route=\/wp\/v2\/posts"}],"about":[{"href":"https:\/\/ujkafe.website\/index.php?rest_route=\/wp\/v2\/types\/post"}],"author":[{"embeddable":true,"href":"https:\/\/ujkafe.website\/index.php?rest_route=\/wp\/v2\/users\/2954"}],"replies":[{"embeddable":true,"href":"https:\/\/ujkafe.website\/index.php?rest_route=%2Fwp%2Fv2%2Fcomments&post=105747"}],"version-history":[{"count":0,"href":"https:\/\/ujkafe.website\/index.php?rest_route=\/wp\/v2\/posts\/105747\/revisions"}],"wp:attachment":[{"href":"https:\/\/ujkafe.website\/index.php?rest_route=%2Fwp%2Fv2%2Fmedia&parent=105747"}],"wp:term":[{"taxonomy":"category","embeddable":true,"href":"https:\/\/ujkafe.website\/index.php?rest_route=%2Fwp%2Fv2%2Fcategories&post=105747"},{"taxonomy":"post_tag","embeddable":true,"href":"https:\/\/ujkafe.website\/index.php?rest_route=%2Fwp%2Fv2%2Ftags&post=105747"}],"curies":[{"name":"wp","href":"https:\/\/api.w.org\/{rel}","templated":true}]}}