
{"id":105755,"date":"2025-10-05T17:01:33","date_gmt":"2025-10-05T17:01:33","guid":{"rendered":"https:\/\/ujkafe.website\/?p=105755"},"modified":"2025-10-08T16:39:53","modified_gmt":"2025-10-08T16:39:53","slug":"mit-olvas-naszta-katalin","status":"publish","type":"post","link":"https:\/\/ujkafe.website\/?p=105755","title":{"rendered":"Mit olvas N\u00e1szta Katalin?"},"content":{"rendered":"<p>&nbsp;<\/p>\n<p>Olvasom Sz\u00e1vai G\u00e9za <em>Torzmagyar<\/em>j\u00e1t, mivelhogy nemsok\u00e1ra tisztelet\u00e9t teszi Egerszegen, rem\u00e9nyeink szerint, mint megh\u00edvott. \u00c9s sajn\u00e1lom, hogy nincs m\u00e9g egy \u00e9letem.<\/p>\n<p>Ezt a somm\u00e1s kijelent\u00e9st kor\u00e1bban abban a hiszemben tettem, hogy maszekba k\u00fcld\u00f6m a K\u00e1f\u00e9nak.<\/p>\n<p>Cs\u0151be lettem h\u00fazva.<\/p>\n<p>De nem haragszom.<\/p>\n<p>Folytatnom kellene ugyanis, hogy mit tenn\u00e9k, ha lenne. M\u00e9g egy \u00e9letem.<\/p>\n<p>&nbsp;<\/p>\n<p><a href=\"https:\/\/ujkafe.website\/wp-content\/uploads\/2025\/10\/Naszta.jpg\"><img loading=\"lazy\" decoding=\"async\" class=\"size-full wp-image-105756 aligncenter\" src=\"https:\/\/ujkafe.website\/wp-content\/uploads\/2025\/10\/Naszta.jpg\" alt=\"\" width=\"200\" height=\"200\" srcset=\"https:\/\/ujkafe.website\/wp-content\/uploads\/2025\/10\/Naszta.jpg 200w, https:\/\/ujkafe.website\/wp-content\/uploads\/2025\/10\/Naszta-150x150.jpg 150w\" sizes=\"auto, (max-width: 200px) 100vw, 200px\" \/><\/a><\/p>\n<p>Kieg\u00e9sz\u00edt\u00e9s\u00fcl<\/p>\n<p>Annyi mindent \u00f6ssze\u00edrtam az \u00e9letemr\u0151l, arr\u00f3l, amiket gondolok, ezeket pr\u00f3b\u00e1lom rendszerezni. \u00c9rdekl\u0151d\u00e9setek megind\u00edtott. Egy napl\u00f3folyam \u00e9s egy \u00faj k\u00f6tet sz\u00ednh\u00e1zi \u00edr\u00e1saimb\u00f3l fekszik az \u201easztalon\u201d. Nehezen tudom elengedni \u0151ket. A szerkeszt\u00e9st ezeken gyakorlom, de a MI meg az AI sokat ront a munkakedvemen. A hi\u00e1ba \u00e9s a m\u00e9gis k\u00f6z\u00f6tt vacill\u00e1lok. \u00d6r\u00fcl\u00f6k, amikor \u00edr\u00f3i gy\u00f6tr\u0151d\u00e9sekr\u0151l olvasok, mindj\u00e1rt nem \u00e9rzem magam olyan egyed\u00fcl. Tulajdonk\u00e9ppen h\u00e1l\u00e1s vagyok, hogy megk\u00e9rdezt\u00e9l.<\/p>\n<p>Legink\u00e1bb sz\u00ednh\u00e1zi k\u00f6nyvek k\u00f6tnek le. Alf\u00f6ldi R\u00f3bert interj\u00fait, Cs\u00e1ki Judit vele \u00e9s Cserhalmi Gy\u00f6rggyel k\u00e9sz\u00fclt \u00e9letrajzi k\u00f6nyv\u00e9t, Szinet\u00e1r Mikl\u00f3s, Benedek Mikl\u00f3s visszaeml\u00e9kez\u00e9seit olvastam mostan\u00e1ban, Kulka J\u00e1nos \u00e9let\u00e9r\u0151l sz\u00f3l\u00f3t, Navalnij napl\u00f3j\u00e1t. Sz\u00e1raz Mikl\u00f3s Gy\u00f6rgy <em>\u00cdrd fel h\u00e1zad kapuj\u00e1ra<\/em> \u00e9s <em>Ap\u00e1m darabokban<\/em> c. k\u00f6nyveit m\u00e9g nem fejeztem be. Kor\u00e1bban Sz\u00e9kely Csaba dr\u00e1m\u00e1ib\u00f3l az <em>Igazs\u00e1g Gyerty\u00e1i<\/em>t, ami Sz\u00e1vai G\u00e9za <em>Sz\u00e9kely Jeruzs\u00e1lem<\/em>e miatt \u00e9rdekelt. Babarczy Eszter <em>Ap\u00e1m meghal<\/em>t c. k\u00f6nyv\u00e9t olvastam legut\u00f3bb. Remek, de v\u00e9gtelen\u00fcl keser\u0171. Mit hagyunk magunk ut\u00e1n mi sz\u00ednh\u00e1ziak? Lekt\u0171rkateg\u00f3ri\u00e1ban S\u00e1ndor Anik\u00f3 <em>\u00c9n igen nagy v\u00e9tkem<\/em> c. k\u00f6nyv\u00e9t egy d\u00e9lut\u00e1n elolvastam. \u00dagy hatott r\u00e1m, mint egy j\u00f3 f\u00fcrd\u0151.<\/p>\n<p>K\u00f6zben figyelemmel k\u00eds\u00e9rem a zalaegerszegi sz\u00ednh\u00e1z \u00e9let\u00e9t. Pestre menetelem ritkult, a tavaszi Pride t\u00fcntet\u00e9sek konkr\u00e9tan akad\u00e1lyoztak a k\u00f6zleked\u00e9sben, a R\u00f3zsav\u00f6lgyi Szalon egyik el\u0151ad\u00e1s\u00e1ra jeggyel a zsebemben se volt m\u00e1r kedvem elmenni, miut\u00e1n el\u0151z\u0151 este a Pincesz\u00ednh\u00e1zb\u00f3l kij\u00f6vet zavaros utcai \u00e1llapotok fogadtak. Leb\u00e9nult a k\u00f6zleked\u00e9s, mert az \u00fattesten piknikeztek. Ki h\u00e1t az agresszor? T\u00f6bb plusz km-t tett\u00fcnk meg a taxival miattuk. Tudni akarom, mi zajlik a vil\u00e1gban. Minden h\u00edrad\u00f3 \u00e9s id\u0151j\u00e1r\u00e1sjelent\u00e9sn\u00e9l ismer\u0151seimre gondolok, akik a vil\u00e1g k\u00fcl\u00f6nb\u00f6z\u0151 t\u00e1jain \u00e9lnek.<\/p>\n<p>&nbsp;<\/p>\n<p><a href=\"https:\/\/ujkafe.website\/wp-content\/uploads\/2025\/10\/Naszta-versdrama.jpg\"><img loading=\"lazy\" decoding=\"async\" class=\"alignnone size-medium wp-image-105757\" src=\"https:\/\/ujkafe.website\/wp-content\/uploads\/2025\/10\/Naszta-versdrama-206x300.jpg\" alt=\"\" width=\"206\" height=\"300\" srcset=\"https:\/\/ujkafe.website\/wp-content\/uploads\/2025\/10\/Naszta-versdrama-206x300.jpg 206w, https:\/\/ujkafe.website\/wp-content\/uploads\/2025\/10\/Naszta-versdrama.jpg 545w\" sizes=\"auto, (max-width: 206px) 100vw, 206px\" \/><\/a><\/p>\n<p>&nbsp;<\/p>\n<p><em>N\u00e1szta Katalin sz\u00edn\u00e9sz, k\u00f6lt\u00f5, szerkeszt\u00f5. Sepsiszentgy\u00f6rgyr\u00f5l sz\u00e1mazott el,&nbsp; jelenleg Magyarorsz\u00e1gon \u00e9l.<\/em><\/p>\n<p>&nbsp;<\/p>\n<p><a href=\"https:\/\/bookline.hu\/szerzo\/naszta-katalin\/12833931?page=1\">N\u00e1szta Katalin k\u00f6nyvei<\/a><\/p>\n<p><a href=\"https:\/\/ujkafe.website\/?s=mit+olvas\">A Mit olvas?-sorozat eddigi darabjai<\/a><\/p>\n","protected":false},"excerpt":{"rendered":"<p>&nbsp; Olvasom Sz\u00e1vai G\u00e9za Torzmagyarj\u00e1t, mivelhogy nemsok\u00e1ra tisztelet\u00e9t teszi Egerszegen, rem\u00e9nyeink szerint, mint megh\u00edvott. \u00c9s sajn\u00e1lom, hogy nincs m\u00e9g egy \u00e9letem. Ezt a somm\u00e1s kijelent\u00e9st kor\u00e1bban abban a hiszemben tettem, hogy maszekba k\u00fcld\u00f6m a K\u00e1f\u00e9nak. Cs\u0151be lettem h\u00fazva. De nem haragszom. Folytatnom kellene ugyanis, hogy mit tenn\u00e9k, ha lenne. M\u00e9g egy \u00e9letem. &nbsp; Kieg\u00e9sz\u00edt\u00e9s\u00fcl Annyi [&hellip;]<\/p>\n","protected":false},"author":2954,"featured_media":0,"comment_status":"open","ping_status":"open","sticky":false,"template":"","format":"standard","meta":{"_monsterinsights_skip_tracking":false,"_monsterinsights_sitenote_active":false,"_monsterinsights_sitenote_note":"","_monsterinsights_sitenote_category":0,"ngg_post_thumbnail":0,"footnotes":""},"categories":[1],"tags":[],"class_list":["post-105755","post","type-post","status-publish","format-standard","hentry","category-nincs-kategorizalva"],"_links":{"self":[{"href":"https:\/\/ujkafe.website\/index.php?rest_route=\/wp\/v2\/posts\/105755","targetHints":{"allow":["GET"]}}],"collection":[{"href":"https:\/\/ujkafe.website\/index.php?rest_route=\/wp\/v2\/posts"}],"about":[{"href":"https:\/\/ujkafe.website\/index.php?rest_route=\/wp\/v2\/types\/post"}],"author":[{"embeddable":true,"href":"https:\/\/ujkafe.website\/index.php?rest_route=\/wp\/v2\/users\/2954"}],"replies":[{"embeddable":true,"href":"https:\/\/ujkafe.website\/index.php?rest_route=%2Fwp%2Fv2%2Fcomments&post=105755"}],"version-history":[{"count":0,"href":"https:\/\/ujkafe.website\/index.php?rest_route=\/wp\/v2\/posts\/105755\/revisions"}],"wp:attachment":[{"href":"https:\/\/ujkafe.website\/index.php?rest_route=%2Fwp%2Fv2%2Fmedia&parent=105755"}],"wp:term":[{"taxonomy":"category","embeddable":true,"href":"https:\/\/ujkafe.website\/index.php?rest_route=%2Fwp%2Fv2%2Fcategories&post=105755"},{"taxonomy":"post_tag","embeddable":true,"href":"https:\/\/ujkafe.website\/index.php?rest_route=%2Fwp%2Fv2%2Ftags&post=105755"}],"curies":[{"name":"wp","href":"https:\/\/api.w.org\/{rel}","templated":true}]}}