
{"id":105765,"date":"2025-10-15T08:14:02","date_gmt":"2025-10-15T08:14:02","guid":{"rendered":"https:\/\/ujkafe.website\/?p=105765"},"modified":"2025-10-16T14:28:36","modified_gmt":"2025-10-16T14:28:36","slug":"ki-is-ez-az-ivan-gizella-szakacskonyvet-nem-a-kohok-mellett-irta-es-megtudta-a-dohany-nem-cukorrepa","status":"publish","type":"post","link":"https:\/\/ujkafe.website\/?p=105765","title":{"rendered":"Ki is ez az Iv\u00e1n Gizella? Szak\u00e1csk\u00f6nyv\u00e9t nem a koh\u00f3k mellett \u00edrta, \u00e9s megtudta: a doh\u00e1ny nem cukorr\u00e9pa"},"content":{"rendered":"<p>&nbsp;<\/p>\n<p>Nem sz\u00fclettem \u00fajs\u00e1g\u00edr\u00f3nak, de arra bizony\u00edt\u00e9kom van, hogy m\u00e1r tizenhat \u00e9vesen tudtam, az akarok lenni. Ezt \u00e9ppen az els\u0151 szerelmemnek \u00edrtam meg, s a megs\u00e1rgult lapocsk\u00e1t nemr\u00e9gen kaptam vissza t\u0151le. Meg\u0151rizte. Hatvan \u00e9vig. Nem \u00fagy, ahogy \u00e9n a napl\u00f3mat, amibe lejegyeztem. Oly sok helyen \u00e9ltem m\u00e1r ebben a kis haz\u00e1ban, hogy ki tudja hov\u00e1 ker\u00fclt. Lehet, hogy \u00e9pp egy cser\u00e9pk\u00e1lyh\u00e1ba. Na de a m\u00falton k\u00e1r sir\u00e1nkozni.<\/p>\n<p>\u00cdrni mindig szerettem, k\u00f6z\u00e9piskol\u00e1ban is vezettem egy napl\u00f3t, az ottani t\u00f6rt\u00e9n\u00e9sekkel. Mert ki tudja mi\u00e9rt, de velem, mindig t\u00f6rt\u00e9nt, t\u00f6rt\u00e9nik valami. M\u00e1r az is fura volt, hogy \u00e9n egy koh\u00f3ipari technikumban tanultam. Nem akartam \u00e9n odamenni, s\u00edrtam is miatta eleget, de anyu\u00e9k \u00fagy gondolt\u00e1k, egy sima gimn\u00e1zium nem ad semmilyen k\u00e9pzetts\u00e9get \u00e9s ha \u0151k kor\u00e1n halnak, mi lesz velem. Anyu negyven \u00e9ves volt, amikor sz\u00fclettem, s nyolc \u00e9vet v\u00e1rtak r\u00e1m, sz\u00f3val kicsit joggal gondolkodtak \u00edgy. Abban az id\u0151ben, 1964-et \u00edrtunk, a koh\u00e1szat m\u00e9g jav\u00e1ban vir\u00e1gzott Miskolcon, senki nem sejthette, hogy egyszer annak is v\u00e9ge lesz. Igaz majd 250 \u00e9v kellett hozz\u00e1.<\/p>\n<p>A koh\u00e1szatot ezen a t\u00e1jon m\u00e9g M\u00e1ria Ter\u00e9zia alap\u00edtotta 1770-ben, s azt a Fazola Henriket nevezte ki vezet\u0151j\u00e9v\u00e9, aki akkor m\u00e1r p\u00e1r \u00e9ve j\u00f3l m\u0171k\u00f6d\u0151 v\u00e1llalkoz\u00e1st vezetett \u00d3mass\u00e1n. Az ipar csak 1870-ben k\u00f6lt\u00f6z\u00f6tt Di\u00f3sgy\u0151rbe. Az \u00e9vek alatt, m\u00edg l\u00e9tezett, sok t\u00edzezer embernek adott munk\u00e1t, az orsz\u00e1g ipari fellegv\u00e1ra lett. Azt\u00e1n j\u00f6tt a privatiz\u00e1ci\u00f3, kis id\u0151re az \u00fczleti sikerek is bek\u00f6sz\u00f6ntek, majd a cs\u0151d, a felsz\u00e1mol\u00e1s\u2026 Szeg\u00e9ny Fazola sem gondolta, hogy a 2000-res \u00e9vekben a hazai koh\u00e1szatnak h\u00edre-hamva sem marad.<\/p>\n<p>Sz\u00f3val, legyen szakma a kezemben, ez volt a c\u00e9l.<\/p>\n<p>&nbsp;<\/p>\n<p><a href=\"https:\/\/ujkafe.website\/wp-content\/uploads\/2025\/10\/Ivan-po.jpg\"><img loading=\"lazy\" decoding=\"async\" class=\"alignnone size-medium wp-image-105766\" src=\"https:\/\/ujkafe.website\/wp-content\/uploads\/2025\/10\/Ivan-po-282x300.jpg\" alt=\"\" width=\"282\" height=\"300\" srcset=\"https:\/\/ujkafe.website\/wp-content\/uploads\/2025\/10\/Ivan-po-282x300.jpg 282w, https:\/\/ujkafe.website\/wp-content\/uploads\/2025\/10\/Ivan-po.jpg 578w\" sizes=\"auto, (max-width: 282px) 100vw, 282px\" \/><\/a><\/p>\n<p>&nbsp;<\/p>\n<p>Persze titokban arra gondoltam, majd csak otthagyom egyszer ezt az eg\u00e9szet, hiszen bevallom, az iskol\u00e1ban, ahol hatsz\u00e1z fi\u00fa \u00e9s vagy nyolcban l\u00e1ny tanult, ink\u00e1bb rettegtem, mint j\u00f3l \u00e9reztem magam. Annyira nem illettem oda, nekem mindig irodalmi, hum\u00e1n \u00e9rdekl\u0151d\u00e9sem volt. S k\u00fcl\u00f6nben is, mit keres egy n\u0151 a koh\u00e1szatban?<\/p>\n<p>Az iskola sem volt k\u00f6nny\u0171, f\u00e9ltem az \u00e1br\u00e1zol\u00f3 geometri\u00e1t\u00f3l \u00e9s a k\u00e9mi\u00e1t\u00f3l is, s nem voltam egy matekzseni\u2026<\/p>\n<p>A laborgyakorlatot azonban nem ut\u00e1ltam. Annak ellen\u00e9re, hogy elk\u00f6vettem az iskola t\u00f6rt\u00e9net\u00e9ben a legeml\u00e9kezetesebb sztorit.<\/p>\n<p>K\u00eds\u00e9rletezt\u00fcnk, ha j\u00fcl eml\u00e9kszem elektrol\u00edzisnek h\u00edvt\u00e1k a folyamatot,&nbsp; amit a tan\u00e1r \u00far szeretett volna nek\u00fcnk bemutatni. Vagyis egy foly\u00e9kony vegy\u00fcletet bontottunk fel elektromos \u00e1rammal. A g\u00e9pbe, ami ha j\u00f3l eml\u00e9kszem egy mai robotg\u00e9phez hasonl\u00edtott legink\u00e1bb, egy platina rudat kellett belehelyezni \u00e9s azt a folyad\u00e9kba m\u00e1rtani, majd bekapcsolni. Na \u00e9n meg is tettem, de a f\u00e9mr\u00fad pillanatok alatt beleolvadt a k\u00e9kes folyad\u00e9kba. Akkor \u00e9n, mint aki j\u00f3l v\u00e9gezte dolg\u00e1t, odamentem a tan\u00e1r \u00farhoz \u00e9s mondtam neki, hogy tan\u00e1r \u00far k\u00e9rem, elfogyott a platina, k\u00e9rek m\u00e1sikat.<\/p>\n<p>\u0150 pedig \u00fagy n\u00e9zett r\u00e1m, mint egy \u0171rl\u00e9nyre \u00e9s csak az\u00e9rt nem t\u00e9pte ki a haj\u00e1t, mert kev\u00e9s volt neki. K\u00e9s\u0151bb megtudtam, hogy mekkora k\u00e1rt okoztam az iskol\u00e1nak azzal, hogy ford\u00edtva k\u00f6t\u00f6ttem be a platin\u00e1t&#8230;, apunak az igazgat\u00f3val kellett elrendezni a dolgot.<\/p>\n<p>Mint l\u00e1that\u00f3, nem voltam egyszer\u0171 kisl\u00e1ny. Mivel sokat olvastam \u00e9s \u00e1lmodoztam, nagyon bele tudtam \u00e9lni magam bizonyos helyzetekbe. Nem, nem voltam olyan \u00e1lmodoz\u00f3, aki a f\u00f6ld felett j\u00e1r, de az\u00e9rt mindig, mindenben azt kerestem, ami csak nekem lehetett \u00e9rdekes.<\/p>\n<p>Amikor p\u00e9ld\u00e1ul tetszett egy film, benne egy s\u00e1rmos f\u00e9rfi, mondjuk Jean Marais, k\u00e9pes voltam magam tizenn\u00e9gy \u00e9vesen is bele\u00e9lni a szerelembe. \u00c9s akkor szerelmes verseket \u00edrtam. Nem neki, hanem csak \u00fagy. Persze nem tudtam, honnan is tudtam volna, hogy a h\u0151s, a cs\u00e1b\u00edt\u00f3 vil\u00e1gfi, nem is szereti a n\u0151ket. Azokban az id\u0151kben nem is volt a homoszexualit\u00e1s soha t\u00e9ma. Sem a csal\u00e1dokban, sem az utc\u00e1n, sem az iskol\u00e1ban. Persze egy norm\u00e1lis vil\u00e1gban most sem kellene, hogy legyen.<\/p>\n<p>Sz\u00f3val \u00edrtam, csak \u00edrtam, s mikor elv\u00e9geztem az iskol\u00e1t, labor\u00e1nsk\u00e9nt kezdtem el dolgozni a di\u00f3sgy\u0151ri g\u00e9pgy\u00e1rban. Ott, ahol a ny\u00e1ri \u00fczemi gyakorlat alatt egyszer \u00e9rdekes besz\u00e9lget\u00e9st hallottam meg v\u00e9letlen\u00fcl a dolgoz\u00f3kt\u00f3l. Ha j\u00f3l eml\u00e9kszem, 1967-et \u00edrtunk, s gy\u00e1rban nagy volt az el\u00e9gedetlens\u00e9g, a fizet\u00e9sek miatt. \u00c9pp a nagy kov\u00e1csm\u0171helyben botork\u00e1ltam, mikor vagy t\u00edzen k\u00f6rbe\u00e1lltak egy hatalmas g\u00e9pet \u00e9s arr\u00f3l besz\u00e9ltek, ez nem mehet \u00edgy tov\u00e1bb, ha nem adja meg a p\u00e9nzt amit k\u00e9rnek, Isten bizony a nagy kalap\u00e1cs al\u00e1 teszik a fej\u00e9t. Nem tudtam kir\u0151l van sz\u00f3, de gondolom, a vez\u00e9rigazgat\u00f3r\u00f3l besz\u00e9ltek. S el\u0151ttem volt a nagykalap\u00e1cs\u2026 A munk\u00e1sok meg nagyon d\u00fch\u00f6sek voltak. Minden olyan filmszer\u0171 volt. A f\u00e9rfiak v\u00e9d\u0151sisakban \u00e1lltak a f\u00e9lhom\u00e1lyban, a magas ablakokb\u00f3l besz\u0171r\u0151d\u00f6tt a f\u00e9ny \u00e9s a kez\u00fckben l\u00e9v\u0151 vasrudakra, az \u00f3ri\u00e1si fog\u00f3kra vet\u0151d\u00f6tt. S \u00e9n, egy tizenhat \u00e9ves fruska ott \u00e1lltam, szerintem egy pillanatra nem is tudtam hol vagyok, b\u00e9nultan hallgattam. Mit keresek \u00e9n itt?<br \/>\nA lelki szemeim el\u0151tt az lebegett, hogy k\u00e9ne innen gyorsan elrep\u00fclni. Nem akarok koh\u00e1sz lenni.&nbsp;<\/p>\n<p>A terveimet, hogy lehetek \u00fajs\u00e1g\u00edr\u00f3, k\u00e9sleltette, hogy f\u00e9rjhez mentem, vid\u00e9kre k\u00f6lt\u00f6zt\u00fcnk, s megsz\u00fcletett a fiam. De az\u00e9rt nem tettem le az \u00e1lmomr\u00f3l.<\/p>\n<p>V\u00e9g\u00fcl az els\u0151 nyomtatott m\u0171vem, mikor visszak\u00f6lt\u00f6zt\u00fcnk a sz\u00fcl\u0151v\u00e1rosomba, a miskolci D\u00e9li H\u00edrlap c\u00edm\u0171 lapban jelent meg. Ha j\u00f3l eml\u00e9kszem, 1976-ban, egy l\u00f6v\u00e9szversenyr\u0151l tud\u00f3s\u00edtottam. Magam is sportoltam, l\u00f6v\u00e9sz voltam, nem is rossz, de sportriporter soha nem lett bel\u0151lem.<\/p>\n<p>Addig addig s\u00fcnd\u00f6r\u00f6gtem a miskolci \u00fajs\u00e1gokn\u00e1l, m\u00edg megismertek. S nem csak annyit tudtak r\u00f3lam, hogy \u00fajs\u00e1g\u00edr\u00f3nak k\u00e9sz\u00fcl\u00f6k, hanem azt is, hogy bizony verseket is \u00edrok. Nem lehettek rosszak, mert eml\u00e9kszem, abban az id\u0151ben egy vers\u00e9rt, ami az \u00c9szak-Magyarorsz\u00e1g vas\u00e1rnapi sz\u00e1m\u00e1ban jelent meg, s \u00f6t perc alatt \u00edrtam a villamoson, \u00f6tsz\u00e1z forintot adtak. Az nagyon j\u00f3 p\u00e9nz volt.<\/p>\n<p>Az egyik szerkeszt\u0151 javasolta, hogy menjek el a fiatal \u00edr\u00f3k \u00e9s k\u00f6lt\u0151k klubj\u00e1ba, nem \u00e1rt a t\u00e1rsas\u00e1g. Biztos arra gondolt, majd ragad r\u00e1m valami az \u0151 kult\u00far\u00e1jukb\u00f3l. El is mentem, eml\u00e9kszem a miskolci Marx t\u00e9ren volt a klub. Ny\u00e1r volt, az ajt\u00f3 m\u00f6g\u00f6tt egy hatalmas f\u00fcgg\u00f6ny, mint a sz\u00ednh\u00e1zakban, minden\u00fctt beh\u00fazva, ott \u00fcltek a j\u00f6v\u0151 fiatal \u00edg\u00e9retei, tehets\u00e9gei. Az asztalokon s\u00f6r \u00e9s rengeteg cigarettacsikk az \u00fcveg hamutart\u00f3kban. D\u0151lt a f\u00fcst a s\u00f6t\u00e9tben, nem b\u00edrtam ezt az apokaliptikus hangulatot. A fi\u00fak noha d\u00e9l sem volt m\u00e9g, l\u00e1that\u00f3an be voltak csiccsentve, a l\u00e1nyok meg csak \u00f6sszekuporodva \u00fcltek a kopott fotelekben. Na gondoltam, ha ilyenek a k\u00f6lt\u0151k \u00e9s az \u00edr\u00f3k, akkor \u00e9n nem k\u00e9rek bel\u0151l\u00fck. Nem is mentem oda t\u00f6bbet.<\/p>\n<p>Az\u00e9rt egy id\u0151 m\u00falva csak elstartoltam a k\u00fcls\u0151z\u00e9sb\u0151l, mert v\u00e9gre kaptam egy \u00e1ll\u00e1saj\u00e1nlatot \u00e9s felvettek gyakornoknak a Borsodi Vegy\u00e9sz c\u00edm\u0171 \u201evil\u00e1glaphoz\u201d, ami szenz\u00e1ci\u00f3s iskola volt. A felel\u0151s szerkeszt\u0151, Szegedi L\u00e1szl\u00f3, nem csak hagyott kibontakozni, de soha nem is korl\u00e1tozott. \u00cdgy k\u00e9s\u0151bb sem akad\u00e1lyozott a munk\u00e1ban a k\u00e9nyszer\u0171, mindenkinek felelj meg \u00e9s ne keresd a bajt c\u00edm\u0171 \u00f6nkontroll. Az igazs\u00e1g\u00e9rzetem igen er\u0151s volt \u00e9s nem f\u00e9ltem el\u00edrni a gondolataimat. Volt szerencs\u00e9m v\u00e9gigk\u00eds\u00e9rni egy akkori \u00f3ri\u00e1si gy\u00e1rberuh\u00e1z\u00e1s, a prolipropil\u00e9n-gy\u00e1r \u00e9p\u00edt\u00e9s\u00e9t. Az a beruh\u00e1z\u00e1s akkor 3,6 milli\u00e1rd forintba ker\u00fclt, ma lehet, nem tudn\u00e1k megcsin\u00e1lni 500 milli\u00e1rdb\u00f3l. Fantasztikusan okos emberekkel hozott \u00f6ssze ott a sors, akik komolyan vettek, hi\u00e1ba voltam gyakornok, kezd\u0151, mindenben partnernek tekintettek. M\u00e9g egy t\u00e1rgyal\u00e1son is r\u00e9szt vehettem, amikor Medvegyev, aki akkor orosz vegyipari miniszter volt, oda l\u00e1togatott. Bennem nem volt semmi oroszelleness\u00e9g. Akkor \u00e9s od\u00e1ig. De l\u00e1tni azt, hogy t\u00e1rgyal a magyar gy\u00e1rvezet\u00e9ssel, milyen nagyk\u00e9p\u0171en \u00e9s lekezel\u0151en, el\u00e9g volt ahhoz, hogy \u00e1t\u00e9rt\u00e9keljem az addigi v\u00e9lem\u00e9nyemet.<\/p>\n<p>Jobb iskol\u00e1t el sem tudok k\u00e9pzelni egy kezd\u0151nek, aki a tud\u00e1st akarta mag\u00e1ba sz\u00edvni \u00e9s megvolt benne az al\u00e1zat, ugyanakkor volt szeme is, hogy \u00e9szrevegyen olyat is, amit \u00e9pp takarni akartak.<\/p>\n<p>Leninv\u00e1rosb\u00f3l, a kombin\u00e1tb\u00f3l is van egy eml\u00e9kezetes sztorim, ami \u00e9ppen az akkor minisztereln\u00f6k helyettes, Szek\u00e9r Gyula \u00e9s az \u00e9p\u00edt\u00e9si miniszter \u00c1brah\u00e1m P\u00e1l l\u00e1togat\u00e1s\u00e1hoz kapcsol\u00f3dik. A k\u00e9t hatalmass\u00e1g meg akarta n\u00e9zni a gy\u00e1r \u00e9p\u00edt\u00e9s\u00e9t, meg a jap\u00e1n technol\u00f3gi\u00e1t, s a Tiszai Vegyi Kombin\u00e1tban k\u00e9sz\u00fcltek is a l\u00e1togat\u00e1sra rendesen. \u0150sz volt, az utak mellett a f\u00fcvet m\u00e1r s\u00e1rg\u00e1ra festette az id\u0151. De \u00edgy nem maradhat, gondolta n\u00e9h\u00e1ny okos \u00e9s a kombin\u00e1t fest\u00e9kgy\u00e1r\u00e1b\u00f3l fest\u00e9ket adtak &#8211; mondanom sem kell-, z\u00f6ld fest\u00e9ket ! a dolgoz\u00f3knak, hogy kenj\u00e9k le a f\u00fcvet, m\u00e9giscsak szebb lesz z\u00f6lden. \u00c9s lefestett\u00e9k\u2026 \u00e9n meg meg\u00edrtam. \u00c9s meg is jelent. \u00c9s senki nem harapta le a fejemet\u2026<\/p>\n<p>\u00c1m ez a tanul\u00f3id\u0151szak is v\u00e9get \u00e9rt egyszer, mert ott ismertem meg a m\u00e1sodik f\u00e9rjemet \u00e9s gyorsan el is k\u00f6lt\u00f6zt\u00fcnk Debrecenbe. Szenz\u00e1ci\u00f3s \u00e9vek k\u00f6vetkeztek. Nem csak az \u00faj h\u00e1zass\u00e1g miatt, hanem az\u00e9rt is, mert a Hajd\u00fa-Bihar megyei Napl\u00f3n\u00e1l dolgozhattam. Amikor odaker\u00fcltem, \u00d3nosi L\u00e1szl\u00f3 volt a f\u0151szerkeszt\u0151, akit a v\u00e1rosi p\u00e1rtbizotts\u00e1gr\u00f3l helyeztek oda. Azt hiszem, el\u0151tte p\u00e1rttitk\u00e1r volt. Arra eml\u00e9kszem, hogy egy szerkeszt\u0151s\u00e9gi \u00e9rtekezleten azt mondta. Ti tudtok \u00edrni, \u00e9n pedig meg tudlak v\u00e9deni benneteket. Szimpatikus mondat volt. \u00c9s b\u00e1tor, hiszen 1979-et \u00edrtunk. Azt jelentette, \u0151 nem fog minket korl\u00e1tozni. Ha j\u00f3l tudom, t\u00f6rt\u00e9n\u00e9sz volt. Amit \u00edg\u00e9rt, be is tartotta, b\u00e1r nem sok\u00e1ig volt a f\u0151n\u00f6ki sz\u00e9kben.<\/p>\n<p>Ut\u00e1na megkaptam \u00e9letem egyik legjobb f\u0151szerkeszt\u0151j\u00e9t, B\u00e9nyei J\u00f3zsefet. B\u00e9nyei k\u00f6lt\u0151 volt, \u00e9rz\u00e9keny ember, aki legal\u00e1bb hetente egyszer k\u00e9nytelen volt feltenni nekem a k\u00e9rd\u00e9st: Gizi, mit \u00edrt m\u00e1r megint? Ez \u00e1ltal\u00e1ban reggelente, a l\u00e9pcs\u0151n felfel\u00e9 menet t\u00f6rt\u00e9nt, \u0151 el\u0151l, \u00e9n egy f\u00e9l emelettel lejjebb. Mindig mi \u00e9rt\u00fcnk be els\u0151k\u00e9nt a szerkeszt\u0151s\u00e9gbe, \u00e9n az\u00e9rt, mert a nagyot suliba, a kicsit oviba vittem. S \u00fagy \u00e9rt\u00fcnk oda, hogy \u0151 f\u00e9l emelettel minden nap megel\u0151z\u00f6tt. M\u00e1r azon gondolkoztam, az\u00e9rt siet, hogy fel\u00fclr\u0151l sz\u00f3lhasson hozz\u00e1m. Sosem fogom elfelejteni, a k\u00e9rd\u00e9sek el\u0151tt rendre b\u00e1natos arcot akart felvenni, de a szeme huncutul villant. Persze \u0151 m\u00e1r otthon kapott egy telefont, hogy mit k\u00f6vettem el. Azt\u00e1n csak annyit mondott: feljegyz\u00e9s. Vagyis ir\u00e1ny dolgozni, \u00edrd meg, mi t\u00f6rt\u00e9nt, mi\u00e9rt \u00e9s mivel bizony\u00edtod, hogy igazad van. Egy nagy halom dosszi\u00e9t siker\u00fclt a t\u00edz \u00e9v napl\u00f3s m\u0171k\u00f6d\u00e9sem alatt megt\u00f6ltenem a magyar\u00e1zkod\u00e1sommal. A v\u00e9g\u00e9n azonban mindig igazam volt. Be is tudtam bizony\u00edtani. Nem volt helyreigaz\u00edt\u00e1s \u00e9s bocs\u00e1nat.<\/p>\n<p>Na de el lehet k\u00e9pzelni azokat az id\u0151ket, amikor az\u00e9rt telefon\u00e1lt a j\u00e1r\u00e1si p\u00e1rttitk\u00e1r, hogy Iv\u00e1ngizi cikk\u00e9nek a c\u00edme az volt, hogy P\u00e1rth\u00e1zb\u00f3l lett&nbsp; t\u0171\u00fczem. Igen, t\u00e9nyleg, egy injekci\u00f3s t\u0171\u00fczem k\u00f6lt\u00f6z\u00f6tt a kor\u00e1bbi p\u00e1rth\u00e1zba. Csakhogy ezt t\u00f6bb t\u00edzezer p\u00e9ld\u00e1nyban l\u00e1tni a p\u00e1rttitk\u00e1rnak, nem volt \u00f6r\u00f6m. Mert ugye \u00fagy n\u00e9z ki, a p\u00e1rt maga sz\u0171nik meg\u2026 Jaj Istenem!<\/p>\n<p>Egyszer az\u00e9rt megijedtem, mi lesz velem, mikor egy k\u00e1lyh\u00e1s sz\u00f6vetkezet eln\u00f6ke feljelentett az MSZMP k\u00f6zponti Bizotts\u00e1g\u00e1n\u00e1l\u2026 holott nem is voltam p\u00e1rttag. Persze a Napl\u00f3 a megyei p\u00e1rtbizotts\u00e1g lapja volt, \u00edgy jogos lehetett a feljelent\u00e9s. A sz\u00f6vetkezet dolgoz\u00f3i, k\u00f6zt\u00fck sok cig\u00e1ny ember j\u00f6tt be panaszkodni a szerkeszt\u0151s\u00e9gbe, hogy az eln\u00f6k munk\u00e1s\u0151r egyenruh\u00e1ban vezeti a c\u00e9get \u00e9s a pisztoly\u00e1t meg kiteszi az asztalra, mikor bemennek hozz\u00e1. Nehogy elkan\u00e1szodjanak m\u00e1r a cig\u00e1nyok, meg nem \u00e1rt, ha f\u00e9lnek is egy kicsit. \u00c1m ebb\u0151l sem lett bajom, mert akkorra m\u00e1r volt annyi eszem, hogy a cikk azon r\u00e9sz\u00e9t bemutattam az eln\u00f6knek, amit \u0151 nyilatkozott \u00e9s ami r\u00f3la sz\u00f3l, s\u0151t, al\u00e1 is \u00edrattam vele minden oldalt.<\/p>\n<p>A Napl\u00f3n\u00e1l sok tehets\u00e9ges \u00edr\u00f3ember volt, akire \u00e9rdemes volt feln\u00e9zni. Volt k\u00e1v\u00e9h\u00e1zi \u00e9let, kocsm\u00e1z\u00e1s. J\u00f3magam azonban nem tudtam a gyerekek miatt \u00e9s lehet, nem is akartam ebbe bekapcsol\u00f3dni. Maradt a munka \u00e9s a csal\u00e1d. Lapunk felvette a kapcsolatot a legend\u00e1s Nagyv\u00e1radi Napl\u00f3val is, id\u0151r\u0151l id\u0151re \u00e1truccantunk egym\u00e1shoz egy kis tapasztalatcser\u00e9re. Egy\u00e9bk\u00e9nt ebben az \u00fajs\u00e1gban Ady Endre is publik\u00e1lt, s\u0151t azt mondj\u00e1k, tulajdonk\u00e9ppen itt indult el a karrierje.<\/p>\n<p>A h\u00e9tk\u00f6znapjaik azonban m\u00e1r nem voltak ilyen legend\u00e1sak. S\u00e9t\u00e1lni kiment\u00fcnk a K\u0151r\u00f6s partj\u00e1ra, hiszen m\u00e9g b\u0151ven benne voltunk a Ceausescu id\u0151kben, hogy besz\u00e9lgess\u00fcnk. A szerkeszt\u0151s\u00e9gben nem lett volna szerencs\u00e9s, felmutattak a l\u00e1mp\u00e1ra&#8230; tudtam, lehallgatj\u00e1k \u0151ket. \u00c9n akkor Biharkeresztesr\u0151l vittem nekik kenyeret, meg vajat, mert ez a nyolcvanas \u00e9vek eleje volt, el\u00e9g szeg\u00e9nyes volt az \u00e9lelmiszer k\u00edn\u00e1latuk. S a biharkeresztesi keny\u00e9rnek h\u00edre volt Debrecenben is.<\/p>\n<p>A gazdas\u00e1gi rovatunk akkori vezet\u0151je a mez\u0151gazdas\u00e1ggal foglalkozott, azt szerette volna, ha \u00e9n abba beletanulok. Nagyon aranyos volt, egyszer el is vitt N\u00e1dudvarra, a h\u00edres Szab\u00f3 Istv\u00e1nhoz, a n\u00e1dudvari f\u0151f\u0151 ag\u00e1r atyaistenhez egy nagy\u00fczemi reggelire, hogy ismerkedjek meg a megye mez\u0151gazdas\u00e1gi prominenseivel. K\u00f6zben az \u00faton, mi h\u00e1tul \u00fclt\u00fcnk a kocsiban\u2026 ja akkor m\u00e9g sof\u0151r vitt minket vid\u00e9kre\u2026 tan\u00edtgatott. Mutatta a doh\u00e1ny \u00e9s a cukorr\u00e9pa f\u00f6ldeket. Nekem, v\u00e1rosi l\u00e1nynak ez kicsit magas volt, a gy\u00fcm\u00f6lcsf\u00e1kat is csak akkor tudtam, melyik milyen, ha volt rajta gy\u00fcm\u00f6lcs. Persze nem akartam csal\u00f3d\u00e1st okozni neki, s hogy mondjak valamit, egyszer megsz\u00f3laltam. Na itt is nagyon sz\u00e9p lesz a cukorr\u00e9pa term\u00e9s\u2026 \u0151 pedig: nem baj Gizi, maradunk az iparn\u00e1l, meg a mell\u00e9k-\u00fczem\u00e1gakn\u00e1l. Mondanom sem kell, doh\u00e1nyf\u00f6ld mellett vitt el az utunk.<\/p>\n<p>Debrecenben majdnem t\u00edz \u00e9vig \u00e9lt\u00fcnk, s ott sz\u00fcletett meg a m\u00e1sodik fiam. Hamar visszamentem dolgozni, de az \u00fajs\u00e1g\u00edr\u00f3 iskol\u00e1t, a st\u00fadi\u00f3 ut\u00e1n m\u00e1r nem tudtam v\u00e1llalni k\u00e9t gyerek \u00e9s a munka mellett. Hiszen \u00fajra Pestre kellett volna j\u00e1rni, \u00edgy maradt Debrecenben a marxista egyetem.<\/p>\n<p>P\u00e1lyakezd\u0151 \u00fajs\u00e1g\u00edr\u00f3 lettem, majd munkat\u00e1rs. T\u00edz \u00e9v Debrecen ut\u00e1n a f\u00e9rjemet Budapestre h\u00edvt\u00e1k dolgozni. \u00c9n nem nagyon v\u00e1gytam, de mit lehet tenni? Beadtam a derekam.<\/p>\n<p>Budapestre m\u00e1r \u00fagy ment\u00fcnk, hogy igazi \u00fajs\u00e1g\u00edr\u00f3nak \u00e9reztem magam. De nagyon f\u00e9ltem \u00e1m a f\u0151v\u00e1rost\u00f3l. A N\u00e9pszav\u00e1t n\u00e9ztem ki magamnak, s be is mentem a f\u0151szerkeszt\u0151h\u00f6z, Fodor L\u00e1szl\u00f3hoz. Mondtam neki, Iv\u00e1n Gizella vagyok Debrecenb\u0151l, s ide szeretn\u00e9k j\u00f6nni dolgozni. Mondta, rendben. Ezt nem \u00e9rtettem. Mi az hogy rendben? Semmit nem k\u00e9rdez r\u00f3lam? Kicsit m\u00e9g besz\u00e9lgett\u00fcnk, kider\u00fclt, volt \u0151 Miskolcon is f\u0151szerkeszt\u0151 az \u00c9szakn\u00e1l&#8230;vagyis f\u00f6ldik voltunk.<\/p>\n<p>Azt\u00e1n csak annyit mondott, menjek be a gazdas\u00e1gi rovat vezet\u0151j\u00e9hez, akinek ugyanezt elmondtam, s \u0151 is r\u00e1b\u00f3lintott. H\u00e9tf\u0151n kezdhet\u2026 Jesszusom, hogy mennek itt a dolgok? Csak \u00fagy bej\u00f6n valaki az utc\u00e1r\u00f3l \u00e9s fel van v\u00e9ve? K\u00e9s\u0151bb persze kider\u00fclt, ismertek \u0151k engem nagyon is j\u00f3l. Nem az\u00e9rt mert olyan h\u00edres voltam, hanem az\u00e9rt, mert abban az id\u0151ben minden \u00fajs\u00e1g\u00edr\u00f3 p\u00e1ly\u00e1zaton indultam. Persze mindig m\u00e1sodik lettem. Nem \u00e9rtettem, mert amikor megn\u00e9ztem az els\u0151 p\u00e1lyam\u0171v\u00e9t, az sehogy sem \u00e9rdemelt volna els\u0151 d\u00edjat\u2026 szerintem. S ki is der\u00fclt, hogy akkor volt egy hallgat\u00f3lagos&nbsp; megegyez\u00e9s a b\u00edr\u00e1l\u00f3k k\u00f6z\u00f6tt, hogy els\u0151 d\u00edjat csak a f\u0151v\u00e1rosi lapok munkat\u00e1rsai vihetik el. A fen\u00e9be is&#8230; de \u00edgy viszont, mivel a rovatvezet\u0151 volt a legt\u00f6bb p\u00e1ly\u00e1zat b\u00edr\u00e1l\u00f3 bizotts\u00e1g\u00e1nak eln\u00f6ke, tudta, hogy nem vagyok kutya\u00fct\u0151.<\/p>\n<p>A N\u00e9pszav\u00e1n\u00e1l j\u00e1rtam a vid\u00e9ket, az orsz\u00e1got, ahogy azt Debrecenben megszoktam. Amire ottani munk\u00e1b\u00f3l b\u00fcszke vagyok, az a Piszkos tizenkett\u0151 c\u00edm\u0171 sorozatom, amiben sorra vettem az orsz\u00e1g legink\u00e1bb k\u00f6rnyezetszennyez\u0151 gy\u00e1rait.<\/p>\n<p>&nbsp;A f\u00e9rjem akkor sokat j\u00e1r L\u00edbi\u00e1ba, l\u00e9v\u00e9n egy \u00e9p\u00edt\u0151ipari c\u00e9g vezet\u0151je. N\u00e9ha elk\u00eds\u00e9rtem \u00e9s nagyon \u00e9rdekes sorozatokat \u00edrtam Kadhafi orsz\u00e1g\u00e1r\u00f3l. M\u00e9g a laktany\u00e1j\u00e1ba is bejutottam, ott n\u0151 \u00e9s \u00fajs\u00e1g\u00edr\u00f3, rajtam k\u00edv\u00fcl csak Oriani Fallaci j\u00e1rt. Igaz \u0151 Kadhafival csin\u00e1lt interj\u00fat \u00e9n viszont f\u00e9nyk\u00e9pezhettem is. S a k\u00e9pek meg is jelentek a lapban. Gondolom ez t\u0171nt fel az akkori korm\u00e1nylap gazdas\u00e1gi rovatvezet\u0151j\u00e9nek, Kocsi Ilon\u00e1nak, mert nem k\u00f6nnyen, de siker\u00fclt elcs\u00e1b\u00edtania az \u00fajs\u00e1ghoz. Akkor a New York palot\u00e1ban volt a szerkeszt\u0151s\u00e9g, s nagy szt\u00e1rok is voltak k\u00f6z\u00f6tt\u00fcnk, p\u00e9ld\u00e1ul Pint\u00e9r Dezs\u0151, akit a r\u00e1di\u00f3b\u00f3l az eg\u00e9sz orsz\u00e1g ismert. \u0150 volt a belpolitikai rovat vezet\u0151je. \u0150 \u00e9s a rovata vitte a parlamenti tud\u00f3s\u00edt\u00e1sokat is. Egyszer, amikor m\u00e9g el\u00e9g \u00faj voltam, egy gazdas\u00e1gi t\u00e9ma miatt nekem kellett mennem. El is mentem, meg is \u00edrtam. Akkor m\u00e9g nem voltak sz\u00e1m\u00edt\u00f3g\u00e9pek, \u00edr\u00f3g\u00e9pen kopogtattuk le a tud\u00f3s\u00edt\u00e1st. Odavittem a k\u00e9t flekket Pint\u00e9rnek, meg\u00e1lltam az \u00edr\u00f3asztala el\u0151tt \u00e9s v\u00e1rtam, hogy elolvassa. Belen\u00e9zett, picit olvasott, azt\u00e1n felugrott \u00e9s kiszaladt a szob\u00e1b\u00f3l. Uram aty\u00e1m, gondoltam, mit csin\u00e1ltam rosszul? Ki vagyok r\u00fagva? Na de akkor hallottam \u00e1m a folyos\u00f3n, na n\u00e9zz\u00e9tek meg, \u00edgy kell egy tud\u00f3s\u00edt\u00e1st megcsin\u00e1lni\u2026 Ennek van eleje, v\u00e9ge, nem egy jegyz\u0151k\u00f6nyv&#8230;nagy k\u0151 g\u00f6rd\u00fclt le a sz\u00edvemr\u0151l. Az\u00e9rt ez nem volt nekem olyan j\u00f3 bel\u00e9p\u0151 a pesti \u00fajs\u00e1g\u00edr\u00f3 t\u00e1rsas\u00e1gba, akik addig jegyz\u0151k\u00f6nyvet \u00edrtak tud\u00f3s\u00edt\u00e1s helyett.<\/p>\n<p>A Magyar H\u00edrlap nagyon bej\u00f6tt. Nekem is, meg az olvas\u00f3knak is. A rendszerv\u00e1lt\u00e1s ut\u00e1n a N\u00e9pszabads\u00e1g mellett a legolvasottabb napilap lett. Volt, hogy 120 ezer p\u00e9ld\u00e1nyban jelent\u00fcnk meg. Nagyon szerettem ott lenni, s b\u00e1r voltak cs\u00e1b\u00edt\u00e1sok, de \u00e9n ott maradtam tizen\u00f6t \u00e9vig. Munkat\u00e1rs, f\u0151munkat\u00e1rs a gazdas\u00e1gi rovat szerkeszt\u0151je voltam, de egy ideig vezettem a a rovatot is.<\/p>\n<p>Mozgalmas napok voltak, igaz, a tulajdonosok j\u00f6ttek, mentek, ilyenkor mindig cser\u00e9lt\u00e9k a f\u0151szerkeszt\u0151ket, meg a sz\u00e1m\u00edt\u00f3g\u00e9peket, \u00fagy n\u00e9zett ki, jobb helyzetbe ker\u00fcl\u00fcnk, de a val\u00f3s\u00e1g m\u00e1s volt. A tulajdonosok szerettek volna j\u00f3ban lenni a regn\u00e1l\u00f3 hatalommal, mi meg f\u00fcggetlenek szerett\u00fcnk volna maradni. Ez a harc az olvas\u00f3nak az\u00e9rt nem hiszem, hogy felt\u0171nt, mert el\u00e9g b\u00e1tor cikkek jelentek meg n\u00e1lunk, ak\u00e1rki is volt hatalmon. Persze volt id\u0151, mikor jobboldalra h\u00faz\u00f3 f\u0151szerkeszt\u0151nk volt, \u0151 is rendes tisztogat\u00e1st hajtott v\u00e9gre a lapn\u00e1l. Azt hiszem, s rem\u00e9lem is, hogy \u00edgy volt, hogy a gazdas\u00e1gi rovatban az\u00e9rt nem volt v\u00e9rengz\u00e9s, mert pr\u00f3b\u00e1ltam hatni r\u00e1. Persze ki tudja, lehet \u00e9rezte, egy h\u00faz\u00f3 rovatnak m\u00e9gis k\u00e9ne maradni. A p\u00e9ld\u00e1nysz\u00e1m esett, ez a k\u00e9tezres \u00e9vek elej\u00e9n&nbsp; volt, az emberek magukt\u00f3l kerestek m\u00e1s munkahelyeket. Persze akkor m\u00e1r l\u00e1tszott, a fiatal demokrat\u00e1k kem\u00e9nyen k\u00e9zbe vett\u00e9k a sajt\u00f3t, \u00e9rezt\u00e9k, hogy j\u00f3, ha van nekik saj\u00e1t sz\u00f3cs\u00f6v\u00fck.<\/p>\n<p>N\u00e1lunk is j\u00f6tt egy f\u0151szerkeszt\u0151 csere, ami el\u0151re vet\u00edtette, hogy v\u00e9ge a j\u00f3 vil\u00e1gnak. Kezdtek besziv\u00e1rogni a laphoz a kev\u00e9sb\u00e9 tehets\u00e9ges, ink\u00e1bb helyezked\u0151 jobbosok. \u00c9n akkor \u00fagy d\u00f6nt\u00f6ttem, nem v\u00e1llalok fel egy ilyen k\u00f6z\u00f6ss\u00e9get \u00e9s elkezdtem int\u00e9zni a nyugd\u00edjba vonul\u00e1st.<\/p>\n<p>Nem tudom mi\u00e9rt, de egy\u00e1ltal\u00e1n nem voltam szomor\u00fa, pedig addig azt hittem, n\u00e9lk\u00fclem nem l\u00e9tezik Magyar H\u00edrlap. Nem az\u00e9rt, mert sorra kaptam az \u00e1ll\u00e1saj\u00e1nlatokat, t\u00f6bbi k\u00f6zt az akkor m\u00e9g regn\u00e1l\u00f3 N\u00e9pszabads\u00e1gt\u00f3l is. Egyet sem fogadtam el. Magamban \u00fagy rendeztem, v\u00e9ge. El\u00e9g volt. K\u00f6zben az a h\u00edrlap, amit \u00e9n is szerettem \u00e9s sokan tett\u00fck naggy\u00e1, egyszer\u0171en elhalt. Lett helyette valami sz\u00f6rny\u0171, sz\u00e9ls\u0151jobbos \u00fajs\u00e1gnak nem nevezhet\u0151 kiadv\u00e1ny.<\/p>\n<p>Persze az \u00e9n karrierem, az\u00e9rt ezt tegy\u00fck id\u00e9z\u0151jelbe, nem \u00e9rt v\u00e9get, mert arra gondoltam, a felhalmozott tud\u00e1st \u00e1t kell adnom m\u00e1soknak. S mivel oly sokat foglalkoztam a hazai turizmussal, \u00fagy gondoltam, hogy az meg\u00e9rdemel egy k\u00f6tetet.<\/p>\n<p>Meg\u00edrtam a Feket\u00e9n feh\u00e9ren a turizmusr\u00f3l c\u00edm\u0171 k\u00f6nyvemet, ami p\u00e9ld\u00e1ul az akkori Heller Farkas f\u0151iskol\u00e1n \u00e9s m\u00e1s oktat\u00e1si int\u00e9zm\u00e9nyben is aj\u00e1nlott irodalom lett.<\/p>\n<p>Majd egy szak\u00e1csk\u00f6nyv k\u00f6vetkezett, csak \u00fagy kedvtel\u00e9sb\u0151l, amit az Alexandra adott ki. S\u0151t, egy \u00fajabb k\u00f6nyvet is megjelentettem E k\u00f6nyvk\u00e9nt, Kit\u00e1rulkoz\u00e1s c\u00edmen. Politikai mes\u00e9imet pedig a k\u00f6z\u00f6ss\u00e9gi h\u00e1l\u00f3n hoztam nyilv\u00e1noss\u00e1gra, ezek ma \u00f6sszerendezve v\u00e1rnak arra, hogy megjelenjenek.<\/p>\n<p>Persze az \u00edr\u00e1st \u00e9s a szerkeszt\u00e9st ezut\u00e1n is \u00e9letem r\u00e9sze maradt, mert Kereszty Andr\u00e1s, a volt sz\u00e9prem\u00e9ny\u0171 N\u00e9pszabads\u00e1g felel\u0151s szerkeszt\u0151je szerkeszt\u0151nek h\u00edvott maga mell\u00e9. Egy\u00fctt dolgoztunk j\u00f3 p\u00e1r \u00e9vig, eg\u00e9szen a hal\u00e1l\u00e1ig. Ingyen. Mindenki. Szerkeszt\u0151k, szerz\u0151k.<\/p>\n<p>M\u00e1ig h\u00e1l\u00e1s vagyok neki \u00e9s gondolom szerkeszt\u0151t\u00e1rsaim is, hogy \u00fajra\u00e9leszthett\u00fck a n\u00e9pszabit, ha csak p\u00e1r \u00e9vre is, online form\u00e1ban. S mivel sz\u00e9p olvas\u00f3t\u00e1borral dicsekedhett\u00fcnk \u00e9s jeles szerz\u0151kkel rendelkezt\u00fcnk, r\u00e1ad\u00e1sul senkinek nem voltunk elk\u00f6telezve, mindenki a legjobb form\u00e1j\u00e1t hozta.<\/p>\n<p>De m\u00e1r ez is csak a m\u00falt. Amire j\u00f3 eml\u00e9kezni.<\/p>\n<p>&nbsp;<\/p>\n<p><a href=\"https:\/\/ujkafe.website\/?s=iv%C3%A1n+gizella\">Iv\u00e1n Gizella a K\u00e1f\u00e9ban<\/a><\/p>\n<p><a href=\"https:\/\/bookline.hu\/szerzo\/ivan-gizella\/69475?page=1\">M\u00fbvei<\/a><\/p>\n<p>&nbsp;<\/p>\n","protected":false},"excerpt":{"rendered":"<p>&nbsp; Nem sz\u00fclettem \u00fajs\u00e1g\u00edr\u00f3nak, de arra bizony\u00edt\u00e9kom van, hogy m\u00e1r tizenhat \u00e9vesen tudtam, az akarok lenni. Ezt \u00e9ppen az els\u0151 szerelmemnek \u00edrtam meg, s a megs\u00e1rgult lapocsk\u00e1t nemr\u00e9gen kaptam vissza t\u0151le. Meg\u0151rizte. Hatvan \u00e9vig. Nem \u00fagy, ahogy \u00e9n a napl\u00f3mat, amibe lejegyeztem. Oly sok helyen \u00e9ltem m\u00e1r ebben a kis haz\u00e1ban, hogy ki tudja hov\u00e1 [&hellip;]<\/p>\n","protected":false},"author":2954,"featured_media":0,"comment_status":"open","ping_status":"open","sticky":false,"template":"","format":"standard","meta":{"_monsterinsights_skip_tracking":false,"_monsterinsights_sitenote_active":false,"_monsterinsights_sitenote_note":"","_monsterinsights_sitenote_category":0,"ngg_post_thumbnail":0,"footnotes":""},"categories":[1],"tags":[],"class_list":["post-105765","post","type-post","status-publish","format-standard","hentry","category-nincs-kategorizalva"],"_links":{"self":[{"href":"https:\/\/ujkafe.website\/index.php?rest_route=\/wp\/v2\/posts\/105765","targetHints":{"allow":["GET"]}}],"collection":[{"href":"https:\/\/ujkafe.website\/index.php?rest_route=\/wp\/v2\/posts"}],"about":[{"href":"https:\/\/ujkafe.website\/index.php?rest_route=\/wp\/v2\/types\/post"}],"author":[{"embeddable":true,"href":"https:\/\/ujkafe.website\/index.php?rest_route=\/wp\/v2\/users\/2954"}],"replies":[{"embeddable":true,"href":"https:\/\/ujkafe.website\/index.php?rest_route=%2Fwp%2Fv2%2Fcomments&post=105765"}],"version-history":[{"count":0,"href":"https:\/\/ujkafe.website\/index.php?rest_route=\/wp\/v2\/posts\/105765\/revisions"}],"wp:attachment":[{"href":"https:\/\/ujkafe.website\/index.php?rest_route=%2Fwp%2Fv2%2Fmedia&parent=105765"}],"wp:term":[{"taxonomy":"category","embeddable":true,"href":"https:\/\/ujkafe.website\/index.php?rest_route=%2Fwp%2Fv2%2Fcategories&post=105765"},{"taxonomy":"post_tag","embeddable":true,"href":"https:\/\/ujkafe.website\/index.php?rest_route=%2Fwp%2Fv2%2Ftags&post=105765"}],"curies":[{"name":"wp","href":"https:\/\/api.w.org\/{rel}","templated":true}]}}