
{"id":10700,"date":"2011-08-23T05:36:42","date_gmt":"2011-08-23T05:36:42","guid":{"rendered":"https:\/\/ujkafe.website\/?p=10700"},"modified":"2011-08-23T05:36:58","modified_gmt":"2011-08-23T05:36:58","slug":"toth-istvan-herbarium-3","status":"publish","type":"post","link":"https:\/\/ujkafe.website\/?p=10700","title":{"rendered":"T\u00f3th Istv\u00e1n: Herb\u00e1rium (3)"},"content":{"rendered":"<div id=\"attachment_10701\" style=\"width: 630px\" class=\"wp-caption alignnone\"><a href=\"https:\/\/ujkafe.website\/wp-content\/uploads\/2011\/08\/Polytrichum.commune.23.jpg\"><img loading=\"lazy\" decoding=\"async\" aria-describedby=\"caption-attachment-10701\" class=\"size-full wp-image-10701\" title=\"Polytrichum.commune.23\" src=\"https:\/\/ujkafe.website\/wp-content\/uploads\/2011\/08\/Polytrichum.commune.23.jpg\" alt=\"\" width=\"620\" height=\"413\" srcset=\"https:\/\/ujkafe.website\/wp-content\/uploads\/2011\/08\/Polytrichum.commune.23.jpg 620w, https:\/\/ujkafe.website\/wp-content\/uploads\/2011\/08\/Polytrichum.commune.23-300x199.jpg 300w\" sizes=\"auto, (max-width: 620px) 100vw, 620px\" \/><\/a><p id=\"caption-attachment-10701\" class=\"wp-caption-text\">A csillagmoha<\/p><\/div>\n<p><strong><em>CSILLAGMOHA<br \/>\n(Polytrichum commune)<\/em><\/strong><\/p>\n<p>Vir\u00e1gtalan, p\u00e1r ujjnyi termeted<br \/>\nalig l\u00e1tszik az els\u00e1padt alomb\u00f3l.<br \/>\nS ha a sarkk\u00f6ri \u00e9gbolt fel\u00e9nk mozdul,<br \/>\nte t\u00e1masztod a ny\u00e1ri sz\u00edneket.<!--more--><\/p>\n<p>A f\u0171, mint cs\u00f6k\u00f6tt testv\u00e9r\u00e9t, len\u00e9zett;<br \/>\na l\u00e1basj\u00f3sz\u00e1g most s\u00e1rba tapos:<br \/>\nde \u00e9l\u00e9nkz\u00f6ld vagy, hol percig napos<br \/>\na t\u00e1j; vezekl\u00e9sedet \u00e9bren v\u00e9gzed.<\/p>\n<p>Ki n\u00f6veszt \u00edgy, v\u00e9kony, z\u00f6ld fel\u00fclet?<br \/>\n&#8211; k\u00e9rdezhetik az egy\u00f6ntet\u0171ek:<br \/>\ntelek a t\u00e9lben \u00e9s nyarak a ny\u00e1rban.<\/p>\n<p>Azt \u00e9rezheted \u00edgy, \u00e1lmatlanul,<br \/>\nhogy hajsz\u00e1l\u00e9r vagy, amin \u00e1tnyomul<br \/>\na ny\u00e1r sz\u00edne, mely v\u00e1rt a j\u00e9gbe z\u00e1rtan.<\/p>\n","protected":false},"excerpt":{"rendered":"<p>CSILLAGMOHA (Polytrichum commune) Vir\u00e1gtalan, p\u00e1r ujjnyi termeted alig l\u00e1tszik az els\u00e1padt alomb\u00f3l. S ha a sarkk\u00f6ri \u00e9gbolt fel\u00e9nk mozdul, te t\u00e1masztod a ny\u00e1ri sz\u00edneket.<\/p>\n","protected":false},"author":3,"featured_media":0,"comment_status":"open","ping_status":"open","sticky":false,"template":"","format":"standard","meta":{"_monsterinsights_skip_tracking":false,"_monsterinsights_sitenote_active":false,"_monsterinsights_sitenote_note":"","_monsterinsights_sitenote_category":0,"ngg_post_thumbnail":0,"footnotes":""},"categories":[5,4],"tags":[],"class_list":["post-10700","post","type-post","status-publish","format-standard","hentry","category-foto","category-vers"],"_links":{"self":[{"href":"https:\/\/ujkafe.website\/index.php?rest_route=\/wp\/v2\/posts\/10700","targetHints":{"allow":["GET"]}}],"collection":[{"href":"https:\/\/ujkafe.website\/index.php?rest_route=\/wp\/v2\/posts"}],"about":[{"href":"https:\/\/ujkafe.website\/index.php?rest_route=\/wp\/v2\/types\/post"}],"author":[{"embeddable":true,"href":"https:\/\/ujkafe.website\/index.php?rest_route=\/wp\/v2\/users\/3"}],"replies":[{"embeddable":true,"href":"https:\/\/ujkafe.website\/index.php?rest_route=%2Fwp%2Fv2%2Fcomments&post=10700"}],"version-history":[{"count":0,"href":"https:\/\/ujkafe.website\/index.php?rest_route=\/wp\/v2\/posts\/10700\/revisions"}],"wp:attachment":[{"href":"https:\/\/ujkafe.website\/index.php?rest_route=%2Fwp%2Fv2%2Fmedia&parent=10700"}],"wp:term":[{"taxonomy":"category","embeddable":true,"href":"https:\/\/ujkafe.website\/index.php?rest_route=%2Fwp%2Fv2%2Fcategories&post=10700"},{"taxonomy":"post_tag","embeddable":true,"href":"https:\/\/ujkafe.website\/index.php?rest_route=%2Fwp%2Fv2%2Ftags&post=10700"}],"curies":[{"name":"wp","href":"https:\/\/api.w.org\/{rel}","templated":true}]}}