
{"id":10957,"date":"2011-09-06T14:05:15","date_gmt":"2011-09-06T14:05:15","guid":{"rendered":"https:\/\/ujkafe.website\/?p=10957"},"modified":"2011-09-06T14:05:15","modified_gmt":"2011-09-06T14:05:15","slug":"somorcik-sz-rozalia-az-arab-kocsis","status":"publish","type":"post","link":"https:\/\/ujkafe.website\/?p=10957","title":{"rendered":"Somor\u010d\u00edk Sz. Roz\u00e1lia: Az arab kocsis"},"content":{"rendered":"<p>\u00c9g s\u00e1rgas\u00e1ga,<br \/>\nN\u00edlus var\u00e1zsa,<br \/>\nf\u00e1jdalma, sara,<br \/>\nmotoros b\u00e1rka<br \/>\nolajszaga,<br \/>\nvezet\u0151je<br \/>\neres keze, a<br \/>\nsz\u00e9l, a\u00a0sz\u00e9l, a\u00a0sz\u00e9l,<br \/>\nhajam fogja,<br \/>\ns besz\u00e9l:<!--more--><br \/>\n-Ez \u00e9rted van,<br \/>\nde ne f\u00e9lj.-<\/p>\n<p>V\u00e9gtelen \u00f3r\u00e1k<br \/>\nforr\u00f3s\u00e1ga k\u00eds\u00e9r,<br \/>\nsztr\u00e1da has\u00edt\u00e9ka,<br \/>\nnarancsligetek k\u00f6ze,<br \/>\n\u00fcltetv\u00e9nyek z\u00f6ldje,<br \/>\neper-, s\u00a0ban\u00e1nillat,<br \/>\nm\u00e9zes \u00e1ldozat,<br \/>\n\u00fczleth\u00e1l\u00f3zat<br \/>\nbefogadja majd.<br \/>\nHull\u00e1mz\u00f3 szmog-fogs\u00e1g,<br \/>\nmetropolisz, az \u00f3ri\u00e1s,<br \/>\nsok, egym\u00e1sba tolul\u00f3<br \/>\naraszol\u00f3 aut\u00f3.<br \/>\nL\u00e1tom a\u00a0b\u0171zl\u0151 \u00e9g alatt<br \/>\na piramisk\u00fapokat.<br \/>\n\u2013 Ez mind t\u00e9ged<br \/>\nszolg\u00e1l, de ne f\u00e9lj,<br \/>\nmondja a\u00a0n\u00edlusi sz\u00e9l.-<\/p>\n<p><a href=\"https:\/\/ujkafe.website\/wp-content\/uploads\/2011\/09\/arab2.jpg\"><img loading=\"lazy\" decoding=\"async\" class=\"alignnone size-full wp-image-10958\" title=\"arab2\" src=\"https:\/\/ujkafe.website\/wp-content\/uploads\/2011\/09\/arab2.jpg\" alt=\"\" width=\"407\" height=\"542\" srcset=\"https:\/\/ujkafe.website\/wp-content\/uploads\/2011\/09\/arab2.jpg 679w, https:\/\/ujkafe.website\/wp-content\/uploads\/2011\/09\/arab2-225x300.jpg 225w\" sizes=\"auto, (max-width: 407px) 100vw, 407px\" \/><\/a><\/p>\n<p>Zsibong\u00f3 f\u00e9rficsapat.<br \/>\nRugdoss\u00e1k, verik lovaikat.<br \/>\nRiadt szemek,<br \/>\npiszkos kezek,<br \/>\nrik\u00e1csolnak, nem adj\u00e1k,<br \/>\nkifogj\u00e1k a\u00a0j\u00f3 turist\u00e1t.<br \/>\n\u2013 Adj nekem doll\u00e1rt sokat!<br \/>\nTe gazdag, \u00e9n szeg\u00e9ny arab!-<br \/>\nFigyel, s\u00a0f\u00e9lrekacsint,<br \/>\nmeg ne l\u00e1ssa f\u0151n\u00f6ke megint.<br \/>\n\u00dcl kem\u00e9nyen<br \/>\nel\u0151ttem,<br \/>\ntark\u00f3ja kopott,<br \/>\nkeze aszott,<br \/>\nringatja f\u00e1jdalmamat<br \/>\nk\u00f6nny\u00edtve azt,<br \/>\nm\u00e1r l\u00e1tom a hajdani<br \/>\nrabszolgahadat.<\/p>\n<p>A koszos s\u00e1rgas\u00e1g leszakad,<br \/>\naz \u00e9g \u00e1ttetsz\u0151 k\u00e9ks\u00e9ge fogad.<br \/>\nSir\u00e1lyok \u00e9hes hada huss!<br \/>\nGy\u00edjja te d\u00f6g, fuss!<br \/>\nVisszafordul a\u00a0szeg\u00e9ny arab.<br \/>\n\u2013Nekem sok gyerek! H\u00e1t nem adsz?! &#8211;<br \/>\nRingat az emelked\u0151,<br \/>\nfenn a\u00a0dombtet\u0151,<br \/>\na nagy kanyar,<br \/>\nG\u00edza l\u00e1tv\u00e1nya pazar,<br \/>\nSfinx mag\u00e1nya,<br \/>\nk\u00f6vek ar\u00e1nya<br \/>\nostorcsap\u00e1sok,<br \/>\nord\u00edt\u00e1sok,<br \/>\nrabszolg\u00e1k verejt\u00e9ke,<br \/>\nb\u0151r\u00fck v\u00e9re,<br \/>\ntestem remeg\u00e9se,<br \/>\nl\u00e1ndzs\u00e1k hegye,<br \/>\nk\u00f6nnyem \u00f6mlik, hagyom,<br \/>\na kocsis a\u00a0bakon<br \/>\ntartja az ir\u00e1nyt,<br \/>\nmindent,<br \/>\namit a\u00a0f\u0151n\u00f6k k\u00edv\u00e1nt.<\/p>\n<p>\u00c9s hallom ahogy<br \/>\na n\u00edlusi sz\u00e9l<br \/>\nsusogja fel\u00e9m,<br \/>\n-Ez mind a\u00a0tied,<br \/>\nde ne f\u00e9lj. &#8211;<\/p>\n<div id=\"attachment_10959\" style=\"width: 643px\" class=\"wp-caption alignnone\"><a href=\"https:\/\/ujkafe.website\/wp-content\/uploads\/2011\/09\/arab1.jpg\"><img loading=\"lazy\" decoding=\"async\" aria-describedby=\"caption-attachment-10959\" class=\"size-full wp-image-10959 \" title=\"arab1\" src=\"https:\/\/ujkafe.website\/wp-content\/uploads\/2011\/09\/arab1.jpg\" alt=\"\" width=\"633\" height=\"475\" srcset=\"https:\/\/ujkafe.website\/wp-content\/uploads\/2011\/09\/arab1.jpg 904w, https:\/\/ujkafe.website\/wp-content\/uploads\/2011\/09\/arab1-300x225.jpg 300w\" sizes=\"auto, (max-width: 633px) 100vw, 633px\" \/><\/a><p id=\"caption-attachment-10959\" class=\"wp-caption-text\">A szerz\u0151 felv\u00e9telei<\/p><\/div>\n","protected":false},"excerpt":{"rendered":"<p>\u00c9g s\u00e1rgas\u00e1ga, N\u00edlus var\u00e1zsa, f\u00e1jdalma, sara, motoros b\u00e1rka olajszaga, vezet\u0151je eres keze, a sz\u00e9l, a\u00a0sz\u00e9l, a\u00a0sz\u00e9l, hajam fogja, s besz\u00e9l:<\/p>\n","protected":false},"author":3,"featured_media":0,"comment_status":"open","ping_status":"open","sticky":false,"template":"","format":"standard","meta":{"_monsterinsights_skip_tracking":false,"_monsterinsights_sitenote_active":false,"_monsterinsights_sitenote_note":"","_monsterinsights_sitenote_category":0,"ngg_post_thumbnail":0,"footnotes":""},"categories":[5,4],"tags":[],"class_list":["post-10957","post","type-post","status-publish","format-standard","hentry","category-foto","category-vers"],"_links":{"self":[{"href":"https:\/\/ujkafe.website\/index.php?rest_route=\/wp\/v2\/posts\/10957","targetHints":{"allow":["GET"]}}],"collection":[{"href":"https:\/\/ujkafe.website\/index.php?rest_route=\/wp\/v2\/posts"}],"about":[{"href":"https:\/\/ujkafe.website\/index.php?rest_route=\/wp\/v2\/types\/post"}],"author":[{"embeddable":true,"href":"https:\/\/ujkafe.website\/index.php?rest_route=\/wp\/v2\/users\/3"}],"replies":[{"embeddable":true,"href":"https:\/\/ujkafe.website\/index.php?rest_route=%2Fwp%2Fv2%2Fcomments&post=10957"}],"version-history":[{"count":0,"href":"https:\/\/ujkafe.website\/index.php?rest_route=\/wp\/v2\/posts\/10957\/revisions"}],"wp:attachment":[{"href":"https:\/\/ujkafe.website\/index.php?rest_route=%2Fwp%2Fv2%2Fmedia&parent=10957"}],"wp:term":[{"taxonomy":"category","embeddable":true,"href":"https:\/\/ujkafe.website\/index.php?rest_route=%2Fwp%2Fv2%2Fcategories&post=10957"},{"taxonomy":"post_tag","embeddable":true,"href":"https:\/\/ujkafe.website\/index.php?rest_route=%2Fwp%2Fv2%2Ftags&post=10957"}],"curies":[{"name":"wp","href":"https:\/\/api.w.org\/{rel}","templated":true}]}}