
{"id":11666,"date":"2011-10-25T07:25:15","date_gmt":"2011-10-25T07:25:15","guid":{"rendered":"https:\/\/ujkafe.website\/?p=11666"},"modified":"2012-02-29T06:19:32","modified_gmt":"2012-02-29T06:19:32","slug":"kukkolas-a-mult-szazadra-1900-szeptember","status":"publish","type":"post","link":"https:\/\/ujkafe.website\/?p=11666","title":{"rendered":"Kukkol\u00e1s a m\u00falt sz\u00e1zadra: 1900 szeptember"},"content":{"rendered":"<p><strong><span style=\"color: #808080;\">A pekingi kir\u00e1lyi palota titkos iratai<\/span><\/strong><\/p>\n<p>Berlinben ugy tudj\u00e1k, hogy a cs\u00e1sz\u00e1ri palot\u00e1ban megtal\u00e1lt\u00e1k azokat a jelent\u00e9seket, a melyekben a hat\u00f3s\u00e1gok besz\u00e1molnak arr\u00f3l, hogy Pekingben naponk\u00e9nt h\u00e1ny kereszt\u00e9nyt gyilkolnak le.<br \/>\nR\u00e1akadtak a rend\u0151rminiszternek egy juliusban kelt proklam\u00e1czi\u00f3j\u00e1ra is, a melyben tudt\u00e1ra adja a lakoss\u00e1gnak, hogy egy kereszt\u00e9ny f\u00e9rfi kiszolg\u00e1ltat\u00e1s\u00e1\u00e9rt 50, asszony\u00e9rt 40, gyermek\u00e9rt 30 taelt fizetnek. A rend\u0151rminisztert, akit azzal v\u00e1dolnak, hogy r\u00e9sze volt Ketteler meggyilkos\u00e1s\u00e1ban, Pekingben a mult h\u00e9ten k\u00e9zreker\u00edtett\u00e9k.<br \/>\nA kegyetlenked\u00e9sek, a kereszt\u00e9nyek \u00f6ld\u00f6s\u00e9se m\u00e9g egyre tart Khin\u00e1ban. Ezeknek megtorl\u00e1s\u00e1ra Taku kik\u00f6t\u0151v\u00e1rosban, mely a sz\u00f6vets\u00e9gesek hatalm\u00e1ban van, az elfogott boxereket, kikre gyilkoss\u00e1g bizonyult, szeptember 3-ik\u00e1n agyonl\u0151tt\u00e9k.<\/p>\n<div id=\"attachment_11667\" style=\"width: 310px\" class=\"wp-caption alignnone\"><a href=\"https:\/\/ujkafe.website\/wp-content\/uploads\/2011\/10\/3615_a_khinai_haboru.jpg\"><img loading=\"lazy\" decoding=\"async\" aria-describedby=\"caption-attachment-11667\" class=\"size-full wp-image-11667\" title=\"3615_a_khinai_haboru\" src=\"https:\/\/ujkafe.website\/wp-content\/uploads\/2011\/10\/3615_a_khinai_haboru.jpg\" alt=\"\" width=\"300\" height=\"181\" \/><\/a><p id=\"caption-attachment-11667\" class=\"wp-caption-text\">K\u00edna \u00e9s a hatalmak. Korabeli karikat\u00fara<\/p><\/div>\n<p><!--more--><\/p>\n<p><strong><span style=\"color: #808080;\">Oroszorsz\u00e1g \u00e9s Amerika v\u00e1ratlan b\u00e9keaj\u00e1nlata<\/span><\/strong><\/p>\n<p>Khin\u00e1ba eg\u00e9sz v\u00e1ratlanul nagy fordulat k\u00f6vetkezett be. Oroszorsz\u00e1g \u00e9s az amerikai Egyes\u00fclt \u00c1llamok hirtelen kijelentett\u00e9k, hogy \u0151k b\u00e9k\u00e9t k\u00edv\u00e1nnak Khin\u00e1ban, f\u00f6lh\u00edvt\u00e1k teh\u00e1t a t\u00f6bbi hatalmat is, hogy kezdj\u00e9k meg az alkudoz\u00e1sokat, s \u00fcr\u00edts\u00e9k ki Pekinget, hogy a khinai cs\u00e1sz\u00e1ri csal\u00e1d visszat\u00e9rhessen.<br \/>\nMinden arra mutat, hogy Oroszorsz\u00e1g \u00e9s Amerika \u00f6szek\u00f6ttet\u00e9sben van a cs\u00e1sz\u00e1ri csal\u00e1ddal. A k\u00e9t \u00e1llam f\u00f6ll\u00e9p\u00e9se a b\u00e9kek\u00f6t\u00e9s \u00e9rdel\u00e9ben nagy meglepet\u00e9st szerzett, kiv\u00e1lt N\u00e9metorsz\u00e1gban, mely hosszan tart\u00f3 h\u00e1borura k\u00e9sz\u00fclt \u00e9s nagy szertart\u00e1sok k\u00f6zt k\u00fcldte el legels\u0151 vez\u00e9r\u00e9t, Walderseet a messze vil\u00e1gr\u00e9szbe. Most m\u00e1r ak\u00e1r f\u00e9lbeszak\u00edthatja utj\u00e1t.<br \/>\nAz orosz k\u00f6vet m\u00e1r parancsot kapott, hogy hagyja el Pekinget \u00e9s menje Tien-Czinbe. A pekingi orosz csapatok is parancsot kaptak, hogy a v\u00e1rost hagyj\u00e1k el. M\u00e1r pedig a sz\u00f6vets\u00e9ges csapatok jelent\u00e9keny r\u00e9sze orosz \u00e9s jap\u00e1n. A jap\u00e1noknak az esem\u00e9nyekb\u0151l nagy szerep jutott s ez okozta, hogy Oroszorsz\u00e1g s\u00fcrg\u0151snek tal\u00e1lta a b\u00e9k\u00e9t. Jap\u00e1n nagy siets\u00e9ggel vitte csapatait Khin\u00e1ba, a gy\u0151zelmekben f\u0151 r\u00e9sze volt. De Oroszorsz\u00e1g m\u00e1r r\u00e9gen f\u00e9lt\u00e9keny a jap\u00e1nokra, s a Jap\u00e1n \u00e9s Khinai k\u00f6zt lefolyt h\u00e1boruban is f\u0151leg Oroszorsz\u00e1g akad\u00e1lyozta meg, hogy Jap\u00e1n nem tarthatta meg a hozz\u00e1 k\u00f6zel es\u0151 Korea tartom\u00e1nyt. Most a jap\u00e1nok n\u00e9h\u00e1ny nap el\u0151tt hirtelen csapatokat sz\u00e1ll\u00edtottak Amojba is, mely a jap\u00e1nok birtok\u00e1ban lev\u0151 Formosa szigettel szemk\u00f6zt fekszik. A jap\u00e1nok azt mondj\u00e1k, hogy Amojban a khinaiak felgyujtott\u00e1k a jap\u00e1n templomot, l\u00e1zad\u00e1s \u00fct\u00f6tt ki, az\u00e9rt k\u00fcldtek oda katonas\u00e1got, hogy a l\u00e1zad\u00e1st elnyomj\u00e1k.<br \/>\nOroszorsz\u00e1g egyet\u00e9rtve Amerik\u00e1val, mely kezdet \u00f3ta tart\u00f3zkod\u00f3n viselte mag\u00e1t, eg\u00e9sz v\u00e1ratlanul kit\u00fczte a b\u00e9ke lobog\u00f3j\u00e1t.<br \/>\nHogy azonban a t\u00f6bbi sz\u00f6vets\u00e9ges hatalmak mit fognak sz\u00f3lni a dologhoz, s h\u00e1ny indul Oroszorsz\u00e1g nyom\u00e1n, h\u00e1ny nem, azt most m\u00e9g nem tudhatni, de a legk\u00f6zelebbi j\u00f6v\u0151 majd megmutatja ezt is s kit\u00fcnik, hogy Oroszorsz\u00e1g kezdem\u00e9nyez\u00e9se jav\u00e1ra lesz-e a b\u00e9k\u00e9nek, vagy m\u00e9g jobban \u00f6sszebonyolitja a dolgot?<br \/>\nEddig az l\u00e1tszik, hogy N\u00e9metorsz\u00e1g, de k\u00fcl\u00f6n\u00f6sen az angolok vannak az orosz javaslat ellen.<br \/>\nA n\u00e9met korm\u00e1nynyal \u00f6sszek\u00f6ttet\u00e9sben lev\u0151 lapok hangja mutatja, hogy Oroszorsz\u00e1g nagy b\u00e9k\u00fcl\u00e9kenys\u00e9ge mily meglepet\u00e9st okozott a n\u00e9met korm\u00e1nyn\u00e1l. Londonban meg vannak r\u00f3la gy\u0151z\u00f6dve, hogy Oroszorsz\u00e1gnak elhat\u00e1roz\u00e1sa, hogy csapatait a t\u00f6bbi hatalmass\u00e1g elhat\u00e1roz\u00e1s\u00e1ra val\u00f3 tekintet n\u00e9lk\u00fcl kivonja Khin\u00e1b\u00f3l, nagyon alkalmas arra, hogy igen sulyos v\u00e1ls\u00e1got id\u00e9zzen f\u00f6l.<br \/>\nAz orosz javaslat elfogad\u00e1s\u00e1t N\u00e9metorsz\u00e1gban csak sz\u00e9gyennek tartj\u00e1k, m\u00edg Londonban borzaszt\u00f3 k\u00e1rnak, mert ezzel Anglia kiesik eg\u00e9sz Khin\u00e1b\u00f3l. Az angol lapok rendk\u00edv\u00fcl el vannak keseredve Oroszorsz\u00e1g ellen. Hirlik, hogy N\u00e9metorsz\u00e1g m\u00e1r \u00e1ll\u00e1st foglalt az orosz javaslat ellen, de a p\u00e9terv\u00e1ri aj\u00e1nlatra csak akkor fog v\u00e1laszolni, ha m\u00e1r valamennyi korm\u00e1ny felelt.<\/p>\n<p><strong><span style=\"color: #808080;\">Harc egy cip\u0151gy\u00e1r\u00e9rt<\/span><\/strong><\/p>\n<p>A nagyv\u00e1radi ipartest\u00fclet f\u00f6liratot int\u00e9zett a kereskedelmi miniszterhez, ne r\u00e9szesiten\u00e9 \u00e1llami t\u00e1mogat\u00e1sban a Nagyv\u00e1radon tervezett cip\u0151gy\u00e1rat.<br \/>\nHeged\u00fcs miniszter az ottani kereskedelmi kamar\u00e1hoz int\u00e9zett leirat\u00e1ban most v\u00e1laszolt az ipartest\u00fclet felterjeszt\u00e9s\u00e9re, a melyben ut\u00f3bbinak azt a n\u00e9zet\u00e9t, mintha a f\u00f6l\u00e1llitand\u00f3 cip\u0151gy\u00e1r a kisipart vesz\u00e9lyeztetn\u00e9, t\u00e9vesnek mondja, mivel a gy\u00e1ri term\u00e9kekkel szemben versenyk\u00e9pes kisiparos prosper\u00e1l\u00e1s\u00e1t a gy\u00e1r nem \u00e9rinti, a nem versenyk\u00e9pesnek pedig alkalmat ad, hogy a gy\u00e1rban \u00e1lland\u00f3 foglalkoz\u00e1st kapjanak. A gy\u00e1r teh\u00e1t \u00e1llami segits\u00e9ggel lehet\u0151leg miel\u0151bb l\u00e9tes\u00fclni fog.<\/p>\n<div id=\"attachment_11669\" style=\"width: 310px\" class=\"wp-caption alignnone\"><a href=\"https:\/\/ujkafe.website\/wp-content\/uploads\/2011\/10\/1948_nagyvarad.jpg\"><img loading=\"lazy\" decoding=\"async\" aria-describedby=\"caption-attachment-11669\" class=\"size-full wp-image-11669\" title=\"1948_nagyvarad\" src=\"https:\/\/ujkafe.website\/wp-content\/uploads\/2011\/10\/1948_nagyvarad.jpg\" alt=\"\" width=\"300\" height=\"163\" \/><\/a><p id=\"caption-attachment-11669\" class=\"wp-caption-text\">Nagyv\u00e1radi l\u00e1tk\u00e9p<\/p><\/div>\n<p><strong><span style=\"color: #808080;\">A p\u00e1risi ki\u00e1ll\u00edt\u00e1son kit\u00fcntetett magyarok<\/span><\/strong><\/p>\n<p>A p\u00e1risi ki\u00e1llit\u00e1s \u00e9s a magyar kit\u00fcntet\u00e9sek. A p\u00e1risi ki\u00e1llit\u00e1s nemzetk\u00f6zi b\u00edr\u00e1l\u00f3bizotts\u00e1g\u00e1nak it\u00e9lete igazolta azt a sok elismer\u00e9st, melyet Magyarorsz\u00e1g ki\u00e1ll\u00edt\u00e1s\u00e1r\u00f3l hallottunk \u00e9s olvastunk. E szerint a magyar ki\u00e1llit\u00f3k a k\u00f6vetkez\u0151 kit\u00fcntet\u00e9sekben r\u00e9szes\u00fclnek: 145 grand prix (nagy d\u00edj), 240 arany\u00e9rem, 360 ez\u00fcst\u00e9rem, 322 bronz\u00e9rem, 209 elismer\u0151 lev\u00e9l; \u00f6sszesen teh\u00e1t 1276 kit\u00fcntet\u00e9s \u00e1llap\u00edttatott meg a magyar ki\u00e1llit\u00f3k sz\u00e1m\u00e1ra. A k\u00f6zrem\u00fck\u00f6d\u0151k sz\u00e1m\u00e1ra meg\u00e1llapitott kit\u00fcntet\u00e9sek nincsenek itt befoglalva.<br \/>\nA bir\u00e1l\u00f3 bizotts\u00e1g \u00f6sszesen 42,790 ki\u00e1ll\u00edt\u00e1si \u00e9rmet \u00edt\u00e9lt meg, melynek legnagyobb r\u00e9sz\u00e9t, 22,923-at franczi\u00e1k nyert\u00e9k el, a t\u00f6bbi megoszlott a k\u00fclf\u00f6ldi r\u00e9sztvev\u0151k k\u00f6z\u00f6tt. K\u00f6r\u00fclbel\u00fcl hasonl\u00f3 ar\u00e1nyban osztott\u00e1k ki a nagy \u00e9rmet is, melyben a k\u00fclf\u00f6ldiek k\u00f6z\u00f6tt N\u00e9metorsz\u00e1g jutott els\u0151 helyre. A k\u00f6zoktat\u00e1s\u00fcgyi ki\u00e1llit\u00e1s\u00e9rt N\u00e9metorsz\u00e1g nem kapott nagy \u00e9rmet, itt els\u0151 helyen Magyarorsz\u00e1g \u00e1ll, mely oly roppant \u00e1ldozatokat hozott az oktat\u00e1s\u00fcgynek mind korm\u00e1nya, mind f\u0151v\u00e1rosa utj\u00e1n.<br \/>\nA k\u00fcl\u00f6nb\u00f6z\u0151 \u00e1llamok korm\u00e1nybiztosai is kit\u00fcntet\u00e9sekben r\u00e9szes\u00fcltek. Luk\u00e1cs B\u00e9la magyar korm\u00e1nybiztos a becs\u00fcletrend f\u0151tisztj\u00e9v\u00e9 neveztetett ki. A korm\u00e1nybiztoss\u00e1g t\u00f6bb tagjait a becs\u00fcletrend parancsnokaiv\u00e1, tisztjeiv\u00e9 \u00e9s lovagjaiv\u00e1 nevezt\u00e9k ki. Mikl\u00f3s \u00d6d\u00f6n helyettes korm\u00e1nybiztos a becs\u00fcletrend k\u00f6z\u00e9pkeresztj\u00e9t, N\u00e1ray Alad\u00e1r dr. a rend lovagkeresztj\u00e9t kapta.<br \/>\nA p\u00e1risi ki\u00e1ll\u00edt\u00e1son kit\u00fcntet\u00e9st nyert magyarok. A franczia hivatalos lap k\u00fcl\u00f6n nagy mell\u00e9klete k\u00f6z\u00f6lte a ki\u00e1ll\u00edt\u00e1son osztott kit\u00fcntet\u00e9seket. A lajstromban hoszszu helyet foglalnak el a magyar ki\u00e1ll\u00edt\u00f3k, kik k\u00f6z\u00fcl 1276-ot \u00e9rt k\u00fcl\u00f6nb\u00f6z\u0151 fok\u00fa kit\u00fcntet\u00e9s. A kultur\u00e1ra vonatkoz\u00f3 elismer\u00e9sek nagyon el\u0151ny\u00f6sen emelik ki Magyarorsz\u00e1got. A k\u00f6zoktat\u00e1s\u00fcgy\u00e9rt az \u00e1llam \u00e9s Budapest f\u0151v\u00e1ros a legnagyobb kit\u00fcntet\u00e9sben r\u00e9szes\u00fclt. A magyar fest\u0151k, szobr\u00e1szok \u00e9s \u00e9p\u00edt\u00e9szek k\u00f6vetkez\u0151 kit\u00fcntet\u00e9seket nyert\u00e9k:<br \/>\nA fest\u0151k k\u00f6z\u00fcl: Grand prix: Bencz\u00far Gyula. Arany \u00e9rem: Bencz\u00far Gyula, Cs\u00f3k Istv\u00e1n, L\u00e1szl\u00f3 F\u00fcl\u00f6p. Ez\u00fcst \u00e9rem: Bukov\u00e1cz (horv\u00e1t), Heged\u00fcs, Horovicz, Holl\u00f3sy, Karlovszky, M\u00e1rk, P\u00e1llik, Papp, R\u00e9ty, Rauscher, Rippl-R\u00f3nai, Szinnyei, V\u00e1g\u00f3, Zempl\u00e9nyi, Ziegler. Bronz \u00e9rem: Bachmann, Ball\u00f3, D\u00e9ry, Doby, Eisenhut, F\u00e9nyes, Ferenczy, Flesch, Gr\u00fcnwald, Halmi, Kardos, Kaufman, Kernstock, Masics, Migl, Olgyai, Paczka, Paczk\u00e1n\u00e9 Korn\u00e9lia, R\u00e9v\u00e9sz, Sp\u00e1nyik, Szenes, Szikszay, Szegfy Erzsi, Szl\u00e1nyi, T\u00f6lgyessy, Tornay, Ujv\u00e1ry, Vaszary, Veres. Elismer\u0151 oklev\u00e9l: Koszta, Jendrassik, K\u00e9m\u00e9ndy, P\u00e1llya, Skuteczky, Boruth, Ferenczy, Ferraris, Manheimer, Glatz, Kriesch, Katona, Perlmutter, Vastag, Kunffy, Kaczi\u00e1ny, Bruck, Bosznay, Baditz, Ebner, Mihalik, Mendlik.<\/p>\n<div id=\"attachment_11668\" style=\"width: 235px\" class=\"wp-caption alignnone\"><a href=\"https:\/\/ujkafe.website\/wp-content\/uploads\/2011\/10\/6563_fadrusz_janos.jpg\"><img loading=\"lazy\" decoding=\"async\" aria-describedby=\"caption-attachment-11668\" class=\"size-full wp-image-11668\" title=\"6563_fadrusz_janos\" src=\"https:\/\/ujkafe.website\/wp-content\/uploads\/2011\/10\/6563_fadrusz_janos.jpg\" alt=\"\" width=\"225\" height=\"300\" \/><\/a><p id=\"caption-attachment-11668\" class=\"wp-caption-text\">P\u00e1rizsi Grand Prix: Fadrusz J\u00e1nos<\/p><\/div>\n<p>Szobr\u00e1szok: Grand prix: Fadrusz J\u00e1nos, Strobl Alajos, Zala Gy\u00f6rgy. Arany \u00e9rem: Franges R\u00f3bert (horv\u00e1t), R\u00f3na J\u00f3zsef, Senyei K\u00e1roly, Vastagh Gy\u00f6rgy. Ez\u00fcst \u00e9rem: Kiss Gy\u00f6rgy, Telcs Ede, T\u00f3th Istv\u00e1n. Bronz \u00e9rem: Ligeti Mikl\u00f3s, Nagy K\u00e1lm\u00e1n, Radnay Albert, Valdek Rudolf, Vedres M. Elismer\u0151 oklev\u00e9l: Barcza Lajos.<br \/>\n\u00c9p\u00edt\u00e9szek: Fittler Kamill mint jury tag: hors concours. Grand prix: B\u00e1lint \u00e9s J\u00e1mbor, Haussmann. Arany \u00e9rem: Alp\u00e1r, M\u0171t\u00f6rt\u00e9nelmi eml\u00e9kek bizotts\u00e1ga, Steindl. Ez\u00fcst \u00e9rem: Boll\u00e9, F\u0151rk.<br \/>\nA m\u0171v\u00e9szi oktat\u00e1s\u00e9rt: Arany \u00e9rem: Iparm\u0171v\u00e9szeti iskola, Mintarajztanoda \u00e9s rajztan\u00e1rk\u00e9pz\u0151. Ez\u00fcst \u00e9rem: Tam\u00e1ssyn\u00e9 G\u00e1l Anna, Nov\u00e1k Vincze.<br \/>\nA nyomd\u00e1szat, k\u00f6nyvkiad\u00e1s, f\u00e9nyk\u00e9p\u00e9szet \u00e9s sokszoros\u00edt\u00f3 m\u0171ipar is els\u0151rend\u0171 \u00e9s sz\u00e1mos kit\u00fcntet\u00e9st hozott a magyar ki\u00e1ll\u00edt\u00f3knak. A nyomd\u00e1szat\u00e9rt \u00e9s sokszoros\u00edt\u00e1s\u00e9rt a kit\u00fcntet\u00e9sek ezek: Grand prix: \u00c1llamnyomda. Arany \u00e9rem: Franklin-T\u00e1rsulat, Athenaeum, L\u00e9gr\u00e1dy testv\u00e9rek. Ez\u00fcst \u00e9rem: Hory\u00e1nszky, Pesti r\u00e9szv\u00e9nynyomda, Morelli Guszt\u00e1v, Czettel \u00e9s Deutsch, Kunosy V. \u00e9s fia. Bronz \u00e9rem: Bruchsteiner \u00e9s fia, Weinwurm, Willigschlager K\u00e1roly. K\u00f6zrem\u0171k\u00f6d\u0151k arany \u00e9rme: Czettel D\u00e1niel. K\u00f6zrem\u0171k\u00f6d\u0151k ez\u00fcst \u00e9rme. Gyulai Lajos, Brafmann J\u00e1nos, Tim\u00e1r Mih\u00e1ly, Gr\u00fcszner \u00c1rmin, Schulcz P\u00e1l, Schweiger M\u00f3r, Fazekas Alajos, Schultz J\u00e1nos. K\u00f6zrem\u0171k\u00f6d\u0151k bronz \u00e9rme: Roth Farkas, Rosenfeld Zsigond, Kornick J\u00f3zsef.<\/p>\n<p><strong><span style=\"color: #808080;\">Vill\u00e1mos k\u00e9zil\u00e1mp\u00e1k<\/span><\/strong><\/p>\n<p>Ujabban Amerik\u00e1b\u00f3l s\u0171r\u0171n j\u00f6nnek a keresked\u00e9sbe k\u00e9zi haszn\u00e1latra val\u00f3 villamos l\u00e1mp\u00e1k, a melyek rendk\u00edv\u00fcl praktikusak. Van benn\u00fck egy apr\u00f3, de rendk\u00edv\u00fcl kiad\u00f3s sz\u00e1raz elem, a melyet sok ezerszer haszn\u00e1lhatunk, a n\u00e9lk\u00fcl, hogy \u00fajjal kellene felcser\u00e9lni. A felcser\u00e9l\u00e9s k\u00f6lts\u00e9ge is mind\u00f6ssze csak 150-240 korona, a batteria nagys\u00e1ga szerint \u00e9s az \u00faj elem egyszer\u0171 k\u00e9zmozdulattal beilleszthet\u0151. A gy\u00e1rtm\u00e1nyokat Ever Ready n\u00e9v alatt \u00e1rulj\u00e1k.<br \/>\nA legmegszokottabb form\u00e1juk k\u00f6z\u00f6ns\u00e9ges k\u00e9zi gyertyatart\u00f3; az \u00e1gyban val\u00f3 olvas\u00e1s k\u00e9nyelm\u00e9re szolg\u00e1l\u00f3 k\u00e9zi vil\u00e1g\u00edt\u00f3k; t\u0171zvesz\u00e9ly n\u00e9lk\u00fcl val\u00f3 \u00e9jjeli l\u00e1mp\u00e1k, \u00f3ratart\u00f3val vagy a n\u00e9lk\u00fcl; tov\u00e1bb\u00e1 pincz\u00e9be val\u00f3 h\u00e1zi l\u00e1mp\u00e1k, \u00fati- \u00e9s biczikli-l\u00e1mp\u00e1k, s\u0151t zsebbe val\u00f3 l\u00e1mp\u00e1k is, melyek nagys\u00e1ga 1-10 cm. Orvosok \u00e9s fogorvosok sz\u00e1m\u00e1ra, valamint az orr- \u00e9s g\u00e9gef\u0151 vizsg\u00e1l\u00e1s\u00e1ra a legk\u00fcl\u00f6nf\u00e9l\u00e9bb alak\u00fa ilyen vill\u00e1mos l\u00e1mp\u00e1kat konstru\u00e1lnak.<br \/>\nMindenkinek az \u00faj vill\u00e1mos l\u00e1mp\u00e1knak haszn\u00e1lhat\u00f3s\u00e1ga kezel\u00e9s\u00fck k\u00e9nyelm\u00e9ben rejlik: meggy\u00fajt\u00e1sukhoz nem kell gyufa, el\u00e9g egy kis nyom\u00e1s a villamos gombra \u00e9s a t\u0171zvesz\u00e9lyt\u0151l biztons\u00e1gban vagyunk. \u00dajabban m\u00e1r g\u00e1zmeggy\u00fajt\u00f3kat is k\u00e9sz\u00edtenek, sz\u00e1raz batteri\u00e1val Every Ready m\u00f3dj\u00e1ra berendezve.<\/p>\n<div id=\"attachment_11671\" style=\"width: 207px\" class=\"wp-caption alignnone\"><a href=\"https:\/\/ujkafe.website\/wp-content\/uploads\/2011\/10\/2433_markhirdetesnagy1.jpg\"><img loading=\"lazy\" decoding=\"async\" aria-describedby=\"caption-attachment-11671\" class=\"size-full wp-image-11671\" title=\"2433_markhirdetesnagy\" src=\"https:\/\/ujkafe.website\/wp-content\/uploads\/2011\/10\/2433_markhirdetesnagy1.jpg\" alt=\"\" width=\"197\" height=\"300\" \/><\/a><p id=\"caption-attachment-11671\" class=\"wp-caption-text\">A l\u00e1mparekl\u00e1m<\/p><\/div>\n<p><strong><span style=\"color: #808080;\">Gr\u00f3f Sennyey G\u00e9za, minden id\u0151k legjobb magyar hajt\u00f3ja<\/span><\/strong><\/p>\n<p>Gr\u00f3f Sennyey G\u00e9za a magyar \u00fcget\u0151sport h\u0151skor\u00e1nak egyik legjelent\u0151sebb alakja volt. 1895 \u00e9s 1928 k\u00f6z\u00f6tti akt\u00edv p\u00e1lyafut\u00e1sa alatt 491 versenyben gy\u0151z\u00f6tt, ami a kor er\u0151sen ingadoz\u00f3 stabilit\u00e1s\u00fa verseny\u00e9let\u00e9ben igen jelent\u0151s teljes\u00edtm\u00e9nynek sz\u00e1m\u00edtott.<br \/>\nNe feledj\u00fck, e korban, legal\u00e1bbis a sz\u00e1zadfordul\u00f3 t\u00e1j\u00e1n m\u00e9g l\u00e9t\u00e9\u00e9rt k\u00fczd\u00f6tt ez a sport. Volt olyan \u00e9v, hogy h\u00e1rom versennyel champion lehetett valaki. 1900-ban maga Sennyey G\u00e9za is n\u00e9gy versennyel volt az \u00e9v legjobbja. M\u00e1sodik champions\u00e1g\u00e1t az \u00fcget\u0151 fel\u00edvel\u0151 szakasz\u00e1ban, 1916-ban szerezte, ekkor negyvenn\u00e9gy gy\u0151zelmet \u00e9rt el, Feiser S\u00e1ndor, Nov\u00e1k Gy\u00f6rgy ill. Cassolini Luigi jelentett\u00e9k akkor a konkurenci\u00e1t.<br \/>\nA Magyar \u00dcget\u0151 c\u00edm\u0171 k\u00f6nyv\u00e9ben dr. Vecsekl\u0151y J\u00f3zsef, aki m\u00e9g l\u00e1thatta hajtani Sennyeyt, minden id\u0151k legjobb magyar hajt\u00f3jak\u00e9nt eml\u00e9kezik r\u00e1. \u00darkocsis volt, mai sz\u00f3val amat\u0151r, az \u00fcget\u0151sportot passzi\u00f3b\u00f3l, de teljes emberk\u00e9nt \u0171zte.<br \/>\nCs\u00f6rg\u0151i, kis l\u00e9tsz\u00e1m\u00fa m\u00e9nes\u00e9ben igen sz\u00ednvonalas teny\u00e9szt\u0151i munka folyt. Az \u0151 keze alatt sz\u00fcletett minden id\u0151k legsikeresebb magyar \u00fcget\u0151lova, az Eur\u00f3pa-rekorder Baka. 1917-t\u0151l 1934-ig, hal\u00e1l\u00e1ig aleln\u00f6ke \u00e9s legf\u0151bb mozgat\u00f3ja volt a Budapesti \u00dcget\u0151verseny Egyes\u00fcletnek.<\/p>\n<div id=\"attachment_11672\" style=\"width: 310px\" class=\"wp-caption alignnone\"><a href=\"https:\/\/ujkafe.website\/wp-content\/uploads\/2011\/10\/6551_tarsasag_az_geton_1900.jpg\"><img loading=\"lazy\" decoding=\"async\" aria-describedby=\"caption-attachment-11672\" class=\"size-full wp-image-11672\" title=\"6551_tarsasag_az_geton_1900\" src=\"https:\/\/ujkafe.website\/wp-content\/uploads\/2011\/10\/6551_tarsasag_az_geton_1900.jpg\" alt=\"\" width=\"300\" height=\"276\" \/><\/a><p id=\"caption-attachment-11672\" class=\"wp-caption-text\">T\u00e1rsas\u00e1g az \u00fcget\u0151n<\/p><\/div>\n<p><strong><span style=\"color: #808080;\">A helynevek magyars\u00e1ga ellen<\/span><\/strong><\/p>\n<p>Brass\u00f3 v\u00e1ros k\u00f6zgy\u0171l\u00e9se a napokban azt a hat\u00e1rozatot hozta, hogy Brass\u00f3 hivatalos neve ezentul Kronstadt legyen. Ily \u00e9rtelemben tesznek jelent\u00e9st a bel\u00fcgyminiszternek. A k\u00f6zgy\u00fcl\u00e9s magyar tagjai a t\u00fcntet\u0151 hat\u00e1rozat ellen fellebbez\u00e9st adtak be.<br \/>\nNagy-Szeben v\u00e1ros v\u00e1ros- gy\u00fcl\u00e9se k\u00f6vette Brass\u00f3 p\u00e9ld\u00e1j\u00e1t s a v\u00e1ros hivatalos nev\u00e9t Hermanstadtnak k\u00e9ri meg\u00e1llap\u00edtani.  A d\u00e9lvid\u00e9ki Feh\u00e9rtemplom szint\u00e9n n\u00e9met nevet k\u00e9r mag\u00e1nak a bel\u00fcgyminisztert\u0151l, a Weiszkirchen nevet. Mint l\u00e1tszik ez rendszeres izgat\u00e1s a magyar helynevekr\u0151l sz\u00f3l\u00f3 t\u00f6rv\u00e9ny v\u00e9grehajt\u00e1sa ellen.<\/p>\n<p><strong><span style=\"color: #808080;\">Lakm\u00e1roz\u00f3 halott<\/span><\/strong><\/p>\n<p>A biharmegyei Kresznje ol\u00e1h k\u00f6zs\u00e9gb\u0151l hihetelennek l\u00e1tsz\u00f3 esetet jelentenek. A hegyek k\u00f6zt lev\u0151 faluban meghalt G\u00e1ja Gyorgye gazda. Kresznje k\u00f6zs\u00e9gben nincs p\u00f3pa, a ki eltemethette volna, a m\u00e1sik faluba kellett teh\u00e1t k\u00fcldeni \u00e9rte.<br \/>\nA temet\u00e9sre \u00f6sszegy\u00fclt m\u00e1r a rokons\u00e1g, k\u00f6zben pedig az asszonyn\u00e9p k\u00e9sz\u00fcl\u0151d\u00f6tt a torra. De hi\u00e1ba v\u00e1rtak, a p\u00f3pa nem j\u00f6tt, azt izente egy kis fiuval, hogy beteg, csak m\u00e1snap j\u00f6het. Csakhogy minden k\u00e9szen volt a konyh\u00e1n a torra. Az\u00e9rt a gy\u00e1szol\u00f3 gy\u00fclekezet a halottas szoba mellett lakom\u00e1hoz \u00fclt \u00e9s kegyelettel kezdte fogyasztani a paprik\u00e1st \u00e9s az italt.<br \/>\nEstefel\u00e9 gyanus neszt halottak a m\u00e1sik szob\u00e1b\u00f3l, f\u00f6lny\u00edlt az ajtaja \u00e9s ott \u00e1llott a toroz\u00f3 t\u00e1rsas\u00e1g el\u00f6tt feh\u00e9r leped\u0151j\u00e9ben a halott.<br \/>\nSokan az asztal al\u00e1 bujtak, sokan a kij\u00e1rat fel\u00e9 rohantak, pedig h\u00e1t G\u00e1ja Gyorgye uram, a f\u00f6lt\u00e1madott halott, \u00e9pen nem mutatott ellens\u00e9ges sz\u00e1nd\u00e9kot. M\u00e9g \u0151 iparkodott az egybegy\u00fclteket b\u00e1tor\u00edtani: &#8211;  Sohse f\u00e9ljetek! Nem b\u00e1ntok senkit! F\u00f6lt\u00e1madtam \u00e9s most ujra fogok \u00e9lni!  Azzal a csal\u00e1df\u0151i jogaiba l\u00e9pett, elfoglalv\u00e1n a helyet \u2013 az asztalf\u0151n.<br \/>\nA rokonok \u00e9s ismer\u00f6s\u00f6k t\u00e1rsas\u00e1ga lassan nekib\u00e1torodott, s\u0151t a kapatosabbak tr\u00e9f\u00e1san k\u00edn\u00e1lgatni kezdt\u00e9k: &#8211; Igy\u00e1l \u00f6reg, azt\u00e1n mond el : mit l\u00e1tt\u00e1l a m\u00e1svil\u00e1gon? A f\u00f6lt\u00e1madt ember v\u00edgan koczintott a saj\u00e1t halotti tor\u00e1n.<\/p>\n<div id=\"attachment_11673\" style=\"width: 310px\" class=\"wp-caption alignnone\"><a href=\"https:\/\/ujkafe.website\/wp-content\/uploads\/2011\/10\/1920_halotti_tor.jpg\"><img loading=\"lazy\" decoding=\"async\" aria-describedby=\"caption-attachment-11673\" class=\"size-full wp-image-11673\" title=\"1920_halotti_tor\" src=\"https:\/\/ujkafe.website\/wp-content\/uploads\/2011\/10\/1920_halotti_tor.jpg\" alt=\"\" width=\"300\" height=\"199\" \/><\/a><p id=\"caption-attachment-11673\" class=\"wp-caption-text\">Halotti tor<\/p><\/div>\n<p>Id\u00e1ig csak mulats\u00e1gos volt az eset, de itt k\u00f6vetkezett a szomor\u00fa fordulat. G\u00e1ja Gyorgye feles\u00e9ge ugyanis nem volt odahaza, mikor az ura f\u00f6l\u00e9bredt a tetszhal\u00e1lb\u00f3l. Akkor j\u00f6tt haza a szomsz\u00e9db\u00f3l \u00e9s l\u00e9pett a szob\u00e1ba, mikor az ura halott ruh\u00e1j\u00e1ban, ott \u00fclt az asztalf\u0151n \u00e9s koczintott a k\u00f6r\u00fcl\u00f6tte \u00fcl\u0151kkel.<br \/>\nAz asszonyt ez a l\u00e1tv\u00e1ny ugy megr\u00e9m\u00edtette, hogy \u00e9les sikollyal sziv\u00e9hez kapott \u00e9s \u00f6sszerogyott\u2026. S mikor m\u00e1snap a p\u00f3pa elj\u00f6tt, csakugyan volt halott, a kit eltemessen. De nem a f\u00e9rfit, hanem a r\u00e9m\u00fclett\u0151l sz\u00f6rnyet halt feles\u00e9get kis\u00e9rte a temet\u0151be.<\/p>\n<p>(Forr\u00e1s: <em><a href=\"http:\/\/huszadikszazad.hu\">huszadikszazad.hu<\/a><\/em>)<\/p>\n","protected":false},"excerpt":{"rendered":"<p>A pekingi kir\u00e1lyi palota titkos iratai Berlinben ugy tudj\u00e1k, hogy a cs\u00e1sz\u00e1ri palot\u00e1ban megtal\u00e1lt\u00e1k azokat a jelent\u00e9seket, a melyekben a hat\u00f3s\u00e1gok besz\u00e1molnak arr\u00f3l, hogy Pekingben naponk\u00e9nt h\u00e1ny kereszt\u00e9nyt gyilkolnak le. R\u00e1akadtak a rend\u0151rminiszternek egy juliusban kelt proklam\u00e1czi\u00f3j\u00e1ra is, a melyben tudt\u00e1ra adja a lakoss\u00e1gnak, hogy egy kereszt\u00e9ny f\u00e9rfi kiszolg\u00e1ltat\u00e1s\u00e1\u00e9rt 50, asszony\u00e9rt 40, gyermek\u00e9rt 30 taelt [&hellip;]<\/p>\n","protected":false},"author":3,"featured_media":0,"comment_status":"open","ping_status":"open","sticky":false,"template":"","format":"standard","meta":{"_monsterinsights_skip_tracking":false,"_monsterinsights_sitenote_active":false,"_monsterinsights_sitenote_note":"","_monsterinsights_sitenote_category":0,"ngg_post_thumbnail":0,"footnotes":""},"categories":[13],"tags":[],"class_list":["post-11666","post","type-post","status-publish","format-standard","hentry","category-dokumentum"],"_links":{"self":[{"href":"https:\/\/ujkafe.website\/index.php?rest_route=\/wp\/v2\/posts\/11666","targetHints":{"allow":["GET"]}}],"collection":[{"href":"https:\/\/ujkafe.website\/index.php?rest_route=\/wp\/v2\/posts"}],"about":[{"href":"https:\/\/ujkafe.website\/index.php?rest_route=\/wp\/v2\/types\/post"}],"author":[{"embeddable":true,"href":"https:\/\/ujkafe.website\/index.php?rest_route=\/wp\/v2\/users\/3"}],"replies":[{"embeddable":true,"href":"https:\/\/ujkafe.website\/index.php?rest_route=%2Fwp%2Fv2%2Fcomments&post=11666"}],"version-history":[{"count":0,"href":"https:\/\/ujkafe.website\/index.php?rest_route=\/wp\/v2\/posts\/11666\/revisions"}],"wp:attachment":[{"href":"https:\/\/ujkafe.website\/index.php?rest_route=%2Fwp%2Fv2%2Fmedia&parent=11666"}],"wp:term":[{"taxonomy":"category","embeddable":true,"href":"https:\/\/ujkafe.website\/index.php?rest_route=%2Fwp%2Fv2%2Fcategories&post=11666"},{"taxonomy":"post_tag","embeddable":true,"href":"https:\/\/ujkafe.website\/index.php?rest_route=%2Fwp%2Fv2%2Ftags&post=11666"}],"curies":[{"name":"wp","href":"https:\/\/api.w.org\/{rel}","templated":true}]}}