
{"id":11718,"date":"2011-10-28T06:28:40","date_gmt":"2011-10-28T06:28:40","guid":{"rendered":"https:\/\/ujkafe.website\/?p=11718"},"modified":"2011-10-28T06:30:01","modified_gmt":"2011-10-28T06:30:01","slug":"pillantas-a-szonyeg-ala","status":"publish","type":"post","link":"https:\/\/ujkafe.website\/?p=11718","title":{"rendered":"Pillant\u00e1s a sz\u0151nyeg al\u00e1"},"content":{"rendered":"<p style=\"text-align: left;\">\n<p style=\"text-align: left;\">\n<p style=\"text-align: left;\">ngg_shortcode_0_placeholder<\/p>\n<p style=\"text-align: center;\"><strong><em>\u00c1d\u00e1m Gyula a budapesti Kolta Gal\u00e9ri\u00e1ban<\/em><\/strong><\/p>\n<p>November 10-\u00e9n ny\u00edlik t\u00e1rlata \u00c1d\u00e1m Gyula cs\u00edkszeredai fot\u00f3m\u0171v\u00e9sznek abban a rangos ki\u00e1ll\u00edt\u00f3helyis\u00e9gben, amely \u00edgy aj\u00e1nlja mag\u00e1t: <em>&#8222;2005 okt\u00f3ber\u00e9ben megnyitott fot\u00f3gal\u00e9ri\u00e1nk n\u00e9vad\u00f3ja a tragikusan fiatalon elhunyt fot\u00f3t\u00f6rt\u00e9n\u00e9sz, dr. Kolta Magdolna, a Magyar Fotogr\u00e1fiai M\u00fazeum \u00e9s a Magyar Fotogr\u00e1fusok H\u00e1za (Mai Man\u00f3 H\u00e1z) alap\u00edt\u00f3ja, a magyar fotogr\u00e1fia elm\u00falt tizen\u00f6t \u00e9v\u00e9nek egyik legfontosabb, megker\u00fclhetetlen szem\u00e9lyis\u00e9ge. A gal\u00e9ria vezet\u0151je Katk\u00f3 Tam\u00e1s fot\u00f3m\u0171v\u00e9sz, m\u0171v\u00e9szeti tan\u00e1csad\u00f3i a legfontosabb szakmai szervezetek k\u00e9pvisel\u0151i: Haris L\u00e1szl\u00f3 fot\u00f3m\u0171v\u00e9sz, Kincses K\u00e1roly fot\u00f3t\u00f6rt\u00e9n\u00e9sz \u00e9s Korniss P\u00e9ter fot\u00f3m\u0171v\u00e9sz.&#8221;<\/em><!--more--><br \/>\n\u00c1d\u00e1m Gyula a megnyit\u00f3 ut\u00e1n p\u00e1r h\u00e9ttel, november 28-\u00e1n lesz \u00f6tven esztend\u0151s. T\u00e1rlata, amit e sorok sz\u00fclet\u00e9sekor \u00e1ll\u00edtott \u00f6ssze, egyfajta \u00f6sszegz\u00e9s is: r\u00e9gi \u00e9s \u00faj munk\u00e1k sz\u0171k\u00f6sen m\u00e9rt elegye. Visszafogotts\u00e1g\u00e1t ne \u00fagy \u00e9rtelmezz\u00fck, mintha nem telne ki m\u0171hely\u00e9b\u0151l egyszerre t\u00f6bb t\u00e1rlatra val\u00f3 is, de Az eml\u00edtett gal\u00e9ria szab\u00e1lyai ugyanis el\u0151\u00edrj\u00e1k a mindenkire k\u00f6telez\u0151 \u00e9rv\u00e9ny\u0171 jelsz\u00f3t: keveset, de j\u00f3t&#8230;<br \/>\nAz \u00f6tvenet el\u00e9rve, mint minden alkot\u00f3 ember, \u00c1d\u00e1m Gyula is \u00edgy vagy \u00fagy, fel\u00e9r a tet\u0151re. Mondhatni, paradicsomi \u00e1llapotok. Erej\u00e9nek m\u00e9g telj\u00e9ben, b\u0151ven van m\u00e1r mire visszapillantania, van mit sz\u00e1mbavennie \u00e9s nem egyszer \u00fajra felfedeznie, az \u00e9lettapasztalat sz\u0171r\u0151j\u00e9n \u00e1ltalengedve. A k\u00e9sz\u00edtend\u0151 t\u00e1rlat \u00e1rny\u00e9k\u00e1b\u00f3l \u00fczeni a fotogr\u00e1fus: egyre t\u00f6bbet gondol arra, hogy ideje lenne v\u00e9gre alaposabban ben\u00e9znie a sz\u0151nyeg al\u00e1. Ahov\u00e1 nap nap ut\u00e1n, h\u00e9tr\u0151l h\u00e9tre, h\u00f3napr\u00f3l h\u00f3napra, \u00e9vr\u0151l \u00e9vre mondjuk \u00fagy, beseperte munk\u00e1lkod\u00e1sa hozam\u00e1t, s amikor \u00e9ppen kellett, csak el\u0151h\u00fazta onnan mindennapi csod\u00e1it, amiket viszont b\u0151 k\u00e9zzel, sz\u00e1molatlanul m\u00e9rt mindenkinek, aki k\u00e9rte, aki sz\u00e1m\u00edtott r\u00e1.<br \/>\nTehette, mert jutott is, maradt is &#8211; de mi? De mennyi?<br \/>\nErre a k\u00e9rd\u00e9sre m\u00e9g csak ezut\u00e1n fog v\u00e1laszolni a f\u00e9l \u00e9vsz\u00e1zadot meg\u00e9lt szerz\u0151. Aki m\u00e1ris \u00e9rzi a mulaszt\u00e1sok p\u00f3tl\u00e1s\u00e1nak k\u00e9nyszer\u00edt\u0151 erej\u00e9t. Valah\u00e1nyszor csak beny\u00fal ama k\u00e9pletes sz\u0151nyeg al\u00e1, \u00f6r\u00f6kk\u00e9 megrend\u00fcl att\u00f3l, ami el\u0151ker\u00fcl. Mintha nem \u0151 halmozta volna fel az el\u0151kapart kincset! Mintha k\u00e9sz, immanens \u00e9rt\u00e9ket kapott volna aj\u00e1nd\u00e9kba az id\u0151t\u0151l. Pedig semmi nem j\u00f6tt l\u00e9tre \u00f6nmag\u00e1t\u00f3l ebben a m\u0171helyben. Mindent megel\u0151z\u00f6tt egy j\u00f3 \u00e9rtelemben vett, term\u00e9szetes k\u00edv\u00e1ncsis\u00e1g, k\u00f6vetkezetes meg\u00f6r\u00f6k\u00edt\u00e9si sz\u00e1nd\u00e9k, amikor igaz\u00e1b\u00f3l nem is a fot\u00f3 k\u00f6r\u00fcl forogtak a t\u00f6rt\u00e9n\u00e9sek, hanem a r\u00f6gz\u00edt\u00e9s, a meg\u0151rz\u00e9s milyens\u00e9ge, az \u00e9leth\u0171s\u00e9g ker\u00fcltek el\u0151t\u00e9rbe, meg az ihletett izgalommal p\u00e1rosul\u00f3 v\u00e1rakoz\u00e1s, hogy rendszeresen \u00e9s szerencs\u00e9sen vissza-visszat\u00e9rhessen oda, ahov\u00e1 akkoriban nem sokan mer\u00e9szkedtek &#8211; a minden \u00faton-m\u00f3don letagadott, ellen\u0151rz\u00f6tt, megfesz\u00edtett, f\u00e9lelemben tartott cs\u00e1ng\u00f3 \u00e9let val\u00f3s\u00e1g\u00e1hoz. Az \u00fcnnepekhez \u00e9s a mindennapokhoz. A term\u00e9szetes f\u00e9nyekhez \u00e9s \u00e1rny\u00e9kokhoz. Az \u00e9let\u00fcket, marad\u00e9k kult\u00far\u00e1jukat \u00f3v\u00f3, gyanakod\u00f3, jobb sorsra \u00e9rdemes moldvai magyarokhoz. Felebar\u00e1taihoz.<br \/>\nHa gondolatban figyelmesen v\u00e9gigp\u00f6rgetj\u00fck \u00c1d\u00e1m Gyula nyilv\u00e1noss\u00e1g el\u0151tt is j\u00f3l ismert munk\u00e1it &#8211; az Arcpo\u00e9tika m\u00edves portr\u00e9- \u00e9s \u00e9letk\u00e9p-v\u00e1logat\u00e1s\u00e1t, a Sz\u00e9kelyf\u00f6ldi v\u00edzikerekek nyom\u00e1ban saj\u00e1tos ezermester-vil\u00e1g\u00e1t, az \u00dcnnepl\u0151ben k\u00e9psorozaton meg\u00f6r\u00f6k\u00edtett sz\u00e9kely t\u00e1jegys\u00e9gek jellegzetes viselet\u00e9t, az Ezer sz\u00e9kely le\u00e1ny l\u00e1tv\u00e1nyba oltott szok\u00e1sk\u00f6r\u00e9t, a Hegyen-v\u00f6lgy\u00f6n j\u00e1rogat\u00e9k vala v\u00e1logatott remekm\u0171veit &#8211; \u00e9s a sok-sok lapk\u00f6zl\u00e9st, internetes jelenl\u00e9tet, k\u00f6z\u00f6s t\u00e1rlaton val\u00f3 jelentkez\u00e9s\u00e9t, ugyanahhoz a felismer\u00e9shez juthatunk, amit a fotogr\u00e1fus \u00edgy fogalmazott alul\u00edrott sz\u00e1m\u00e1ra, amikor \u00e9lete els\u0151 \u00f6tven esztendej\u00e9nek \u00e9rtelm\u00e9r\u0151l k\u00e9rdeztem:<br \/>\n<em> &#8222;Annak idej\u00e9n nem a fot\u00f3 divathull\u00e1m\u00e1ra \u00fcltem fel. Sz\u00e1momra a fot\u00f3 nem vad\u00e1szat \u00e9s nem vet\u00e9lked\u00e9s. Amikor nem megyek fot\u00f3zni, val\u00f3j\u00e1ban akkor is a fot\u00f3 k\u00f6r\u00fcl forog minden. A fot\u00f3im kell\u0151s k\u00f6zep\u00e9n \u00e9lek. \u00d6rvendek, hogy nem voltam r\u00e9szese semmif\u00e9le versenyfut\u00e1snak, s a k\u00e9pen k\u00edv\u00fcl semmi m\u00e1s nem \u00e9rdekelt. Nem v\u00e1gyok sem teszem azt singaporei, sem fokf\u00f6ldi, barcelonai, vagy \u00e9ppen p\u00e1rizsi bab\u00e9rokra. Annak \u00f6rvendek, hogy olyan dokumentumok maradnak ut\u00e1nam, amiket neh\u00e9z lesz fel\u00fcl\u00edrni. Olyasmiket \u00f6r\u00f6k\u00edthettem meg az elm\u00falt \u00e9vtizedek sor\u00e1n, amik ma m\u00e1r jobb\u00e1ra csak a k\u00e9peimen l\u00e1that\u00f3k.&#8221;<\/em><br \/>\nK\u00edv\u00e1nunk legal\u00e1bb \u00fajabb \u00f6tven der\u0171s, dolgos esztend\u0151t a begy\u0171jt\u00e9st k\u00f6vet\u0151 behord\u00e1shoz.<\/p>\n<p style=\"text-align: right;\"><strong><em>Cseke G\u00e1bor<\/em><\/strong><\/p>\n<p style=\"text-align: left;\"><strong><em>Forr\u00e1s: szereda.origo m\u0171sorf\u00fczet, 2011 november<\/em><\/strong><\/p>\n","protected":false},"excerpt":{"rendered":"<p>\u00c1d\u00e1m Gyula a budapesti Kolta Gal\u00e9ri\u00e1ban November 10-\u00e9n ny\u00edlik t\u00e1rlata \u00c1d\u00e1m Gyula cs\u00edkszeredai fot\u00f3m\u0171v\u00e9sznek abban a rangos ki\u00e1ll\u00edt\u00f3helyis\u00e9gben, amely \u00edgy aj\u00e1nlja mag\u00e1t: &#8222;2005 okt\u00f3ber\u00e9ben megnyitott fot\u00f3gal\u00e9ri\u00e1nk n\u00e9vad\u00f3ja a tragikusan fiatalon elhunyt fot\u00f3t\u00f6rt\u00e9n\u00e9sz, dr. Kolta Magdolna, a Magyar Fotogr\u00e1fiai M\u00fazeum \u00e9s a Magyar Fotogr\u00e1fusok H\u00e1za (Mai Man\u00f3 H\u00e1z) alap\u00edt\u00f3ja, a magyar fotogr\u00e1fia elm\u00falt tizen\u00f6t \u00e9v\u00e9nek egyik [&hellip;]<\/p>\n","protected":false},"author":3,"featured_media":0,"comment_status":"open","ping_status":"open","sticky":false,"template":"","format":"standard","meta":{"_monsterinsights_skip_tracking":false,"_monsterinsights_sitenote_active":false,"_monsterinsights_sitenote_note":"","_monsterinsights_sitenote_category":0,"ngg_post_thumbnail":0,"footnotes":""},"categories":[120,5],"tags":[],"class_list":["post-11718","post","type-post","status-publish","format-standard","hentry","category-essze","category-foto"],"_links":{"self":[{"href":"https:\/\/ujkafe.website\/index.php?rest_route=\/wp\/v2\/posts\/11718","targetHints":{"allow":["GET"]}}],"collection":[{"href":"https:\/\/ujkafe.website\/index.php?rest_route=\/wp\/v2\/posts"}],"about":[{"href":"https:\/\/ujkafe.website\/index.php?rest_route=\/wp\/v2\/types\/post"}],"author":[{"embeddable":true,"href":"https:\/\/ujkafe.website\/index.php?rest_route=\/wp\/v2\/users\/3"}],"replies":[{"embeddable":true,"href":"https:\/\/ujkafe.website\/index.php?rest_route=%2Fwp%2Fv2%2Fcomments&post=11718"}],"version-history":[{"count":0,"href":"https:\/\/ujkafe.website\/index.php?rest_route=\/wp\/v2\/posts\/11718\/revisions"}],"wp:attachment":[{"href":"https:\/\/ujkafe.website\/index.php?rest_route=%2Fwp%2Fv2%2Fmedia&parent=11718"}],"wp:term":[{"taxonomy":"category","embeddable":true,"href":"https:\/\/ujkafe.website\/index.php?rest_route=%2Fwp%2Fv2%2Fcategories&post=11718"},{"taxonomy":"post_tag","embeddable":true,"href":"https:\/\/ujkafe.website\/index.php?rest_route=%2Fwp%2Fv2%2Ftags&post=11718"}],"curies":[{"name":"wp","href":"https:\/\/api.w.org\/{rel}","templated":true}]}}