
{"id":12889,"date":"2011-12-26T16:59:43","date_gmt":"2011-12-26T16:59:43","guid":{"rendered":"https:\/\/ujkafe.website\/?p=12889"},"modified":"2011-12-26T16:59:55","modified_gmt":"2011-12-26T16:59:55","slug":"vancso-zoltan-erdei-fotoi","status":"publish","type":"post","link":"https:\/\/ujkafe.website\/?p=12889","title":{"rendered":"Vancs\u00f3 Zolt\u00e1n erdei fot\u00f3i"},"content":{"rendered":"<p><a href=\"https:\/\/ujkafe.website\/wp-content\/uploads\/2011\/12\/void15.jpg\"><img loading=\"lazy\" decoding=\"async\" class=\"alignnone size-full wp-image-12891\" title=\"void15\" src=\"https:\/\/ujkafe.website\/wp-content\/uploads\/2011\/12\/void15.jpg\" alt=\"\" width=\"610\" height=\"407\" srcset=\"https:\/\/ujkafe.website\/wp-content\/uploads\/2011\/12\/void15.jpg 610w, https:\/\/ujkafe.website\/wp-content\/uploads\/2011\/12\/void15-300x200.jpg 300w\" sizes=\"auto, (max-width: 610px) 100vw, 610px\" \/><\/a><\/p>\n<p>A budapesti Vancs\u00f3 Zolt\u00e1n fot\u00f3m\u0171v\u00e9sz h\u00edrlevel\u00e9ben olvastuk:<\/p>\n<p>&#8222;Az elm\u00falt k\u00e9t \u00e9vben szinte m\u00e1st sem csin\u00e1ltam, mint j\u00e1rtam az erd\u0151ket, r\u00e1ad\u00e1sul f\u00e9nyk\u00e9pez\u0151g\u00e9ppel a kezemben. Ez sz\u00e1momra is meglepet\u00e9s volt, hiszen el\u0151tte meg voltam arr\u00f3l gy\u0151z\u0151dve, hogy a fotogr\u00e1fi\u00e1ban m\u00e1r nem lehet semmi \u00fajat kihozni a f\u00e1k birodalm\u00e1b\u00f3l. Azt hiszem t\u00e9vedtem. :) Persze, ezek a kir\u00e1ndul\u00e1saim (hol mag\u00e1nyosan, hol t\u00e1rsas\u00e1gban) legt\u00f6bbsz\u00f6r bels\u0151 utaz\u00e1sok is voltak egyben, amire n\u00e9ha csak a monitor el\u00f6tt \u00fclve, a k\u00e9pek l\u00e1tt\u00e1n eszm\u00e9ltem magam is.<\/p>\n<p>Sok tervem van az elk\u00e9sz\u00fclt anyaggal, rem\u00e9nyeim szerint 2012-ben egy nagy meglepet\u00e9ssel is szolg\u00e1lhatok majd, de err\u0151l egyel\u0151re nem besz\u00e9lhetek, ann\u00e1l is ink\u00e1bb, mivel rengeteg teend\u0151m van m\u00e9g vele.<\/p>\n<p>Ami viszont m\u00e1r el\u00f6lj\u00e1r\u00f3ban elk\u00e9sz\u00fclt, az egy\u00a0<a href=\"http:\/\/go.madmimi.com\/redirects\/bcd0583be26fd9aef769575b6cb79c14?pa=6916315691\" target=\"_blank\">virtu\u00e1lis ki\u00e1ll\u00edt\u00e1s<\/a>, ahol n\u00e9gy teremben 24 fot\u00f3 l\u00e1that\u00f3, de a weboldalamon a sorozat\u00a0<a href=\"http:\/\/go.madmimi.com\/redirects\/4782cc1fdf1c1439cd680097477883c7?pa=6916315691\" target=\"_blank\">t\u00f6bbi k\u00e9peivel<\/a> is tal\u00e1lkozhattok.&#8221;<\/p>\n","protected":false},"excerpt":{"rendered":"<p>A budapesti Vancs\u00f3 Zolt\u00e1n fot\u00f3m\u0171v\u00e9sz h\u00edrlevel\u00e9ben olvastuk: &#8222;Az elm\u00falt k\u00e9t \u00e9vben szinte m\u00e1st sem csin\u00e1ltam, mint j\u00e1rtam az erd\u0151ket, r\u00e1ad\u00e1sul f\u00e9nyk\u00e9pez\u0151g\u00e9ppel a kezemben. Ez sz\u00e1momra is meglepet\u00e9s volt, hiszen el\u0151tte meg voltam arr\u00f3l gy\u0151z\u0151dve, hogy a fotogr\u00e1fi\u00e1ban m\u00e1r nem lehet semmi \u00fajat kihozni a f\u00e1k birodalm\u00e1b\u00f3l. Azt hiszem t\u00e9vedtem. :) Persze, ezek a kir\u00e1ndul\u00e1saim (hol [&hellip;]<\/p>\n","protected":false},"author":3,"featured_media":0,"comment_status":"open","ping_status":"open","sticky":false,"template":"","format":"standard","meta":{"_monsterinsights_skip_tracking":false,"_monsterinsights_sitenote_active":false,"_monsterinsights_sitenote_note":"","_monsterinsights_sitenote_category":0,"ngg_post_thumbnail":0,"footnotes":""},"categories":[5],"tags":[],"class_list":["post-12889","post","type-post","status-publish","format-standard","hentry","category-foto"],"_links":{"self":[{"href":"https:\/\/ujkafe.website\/index.php?rest_route=\/wp\/v2\/posts\/12889","targetHints":{"allow":["GET"]}}],"collection":[{"href":"https:\/\/ujkafe.website\/index.php?rest_route=\/wp\/v2\/posts"}],"about":[{"href":"https:\/\/ujkafe.website\/index.php?rest_route=\/wp\/v2\/types\/post"}],"author":[{"embeddable":true,"href":"https:\/\/ujkafe.website\/index.php?rest_route=\/wp\/v2\/users\/3"}],"replies":[{"embeddable":true,"href":"https:\/\/ujkafe.website\/index.php?rest_route=%2Fwp%2Fv2%2Fcomments&post=12889"}],"version-history":[{"count":0,"href":"https:\/\/ujkafe.website\/index.php?rest_route=\/wp\/v2\/posts\/12889\/revisions"}],"wp:attachment":[{"href":"https:\/\/ujkafe.website\/index.php?rest_route=%2Fwp%2Fv2%2Fmedia&parent=12889"}],"wp:term":[{"taxonomy":"category","embeddable":true,"href":"https:\/\/ujkafe.website\/index.php?rest_route=%2Fwp%2Fv2%2Fcategories&post=12889"},{"taxonomy":"post_tag","embeddable":true,"href":"https:\/\/ujkafe.website\/index.php?rest_route=%2Fwp%2Fv2%2Ftags&post=12889"}],"curies":[{"name":"wp","href":"https:\/\/api.w.org\/{rel}","templated":true}]}}