
{"id":13530,"date":"2012-01-28T09:56:29","date_gmt":"2012-01-28T09:56:29","guid":{"rendered":"https:\/\/ujkafe.website\/?p=13530"},"modified":"2012-01-28T10:24:42","modified_gmt":"2012-01-28T10:24:42","slug":"korniss-peter-a-varfok-galeriaban-2","status":"publish","type":"post","link":"https:\/\/ujkafe.website\/?p=13530","title":{"rendered":"Korniss P\u00e9ter a V\u00e1rfok Gal\u00e9ri\u00e1ban"},"content":{"rendered":"<div id=\"attachment_13531\" style=\"width: 643px\" class=\"wp-caption alignnone\"><a href=\"https:\/\/ujkafe.website\/wp-content\/uploads\/2012\/01\/kafeba_is.jpg\"><img loading=\"lazy\" decoding=\"async\" aria-describedby=\"caption-attachment-13531\" class=\"size-full wp-image-13531  \" title=\"kafeba_is\" src=\"https:\/\/ujkafe.website\/wp-content\/uploads\/2012\/01\/kafeba_is.jpg\" alt=\"\" width=\"633\" height=\"453\" srcset=\"https:\/\/ujkafe.website\/wp-content\/uploads\/2012\/01\/kafeba_is.jpg 904w, https:\/\/ujkafe.website\/wp-content\/uploads\/2012\/01\/kafeba_is-300x214.jpg 300w\" sizes=\"auto, (max-width: 633px) 100vw, 633px\" \/><\/a><p id=\"caption-attachment-13531\" class=\"wp-caption-text\">2012. janu\u00e1r 26-\u00e1n megny\u00edlt a budapesti V\u00e1rfok Gal\u00e9ri\u00e1ban Korniss P\u00e9ter fot\u00f3m\u0171v\u00e9sz FOLYTAT\u00c1S c. \u00faj t\u00e1rlata, amely r\u00e9gi \u00e9s \u00faj fotogr\u00e1fi\u00e1it \u00e1ll\u00edtja formailag szembe, \u00e1m szellemileg-tartalmilag egym\u00e1s mell\u00e9. Az esem\u00e9nyr\u0151l a t\u00e1rlaton jelenl\u00e9v\u0151 ifjabb p\u00e1lyat\u00e1rs, \u00c1d\u00e1m Gyula tud\u00f3s\u00edt k\u00e9pekkel a Fot\u00f3tan\u00fa c. blogban. Fent: r\u00e9szlet a k\u00e9psorb\u00f3l. * http:\/\/fototanu.blogspot.com\/2012\/01\/korniss-folytatja.html<\/p><\/div>\n","protected":false},"excerpt":{"rendered":"","protected":false},"author":3,"featured_media":0,"comment_status":"open","ping_status":"open","sticky":false,"template":"","format":"standard","meta":{"_monsterinsights_skip_tracking":false,"_monsterinsights_sitenote_active":false,"_monsterinsights_sitenote_note":"","_monsterinsights_sitenote_category":0,"ngg_post_thumbnail":0,"footnotes":""},"categories":[5],"tags":[],"class_list":["post-13530","post","type-post","status-publish","format-standard","hentry","category-foto"],"_links":{"self":[{"href":"https:\/\/ujkafe.website\/index.php?rest_route=\/wp\/v2\/posts\/13530","targetHints":{"allow":["GET"]}}],"collection":[{"href":"https:\/\/ujkafe.website\/index.php?rest_route=\/wp\/v2\/posts"}],"about":[{"href":"https:\/\/ujkafe.website\/index.php?rest_route=\/wp\/v2\/types\/post"}],"author":[{"embeddable":true,"href":"https:\/\/ujkafe.website\/index.php?rest_route=\/wp\/v2\/users\/3"}],"replies":[{"embeddable":true,"href":"https:\/\/ujkafe.website\/index.php?rest_route=%2Fwp%2Fv2%2Fcomments&post=13530"}],"version-history":[{"count":0,"href":"https:\/\/ujkafe.website\/index.php?rest_route=\/wp\/v2\/posts\/13530\/revisions"}],"wp:attachment":[{"href":"https:\/\/ujkafe.website\/index.php?rest_route=%2Fwp%2Fv2%2Fmedia&parent=13530"}],"wp:term":[{"taxonomy":"category","embeddable":true,"href":"https:\/\/ujkafe.website\/index.php?rest_route=%2Fwp%2Fv2%2Fcategories&post=13530"},{"taxonomy":"post_tag","embeddable":true,"href":"https:\/\/ujkafe.website\/index.php?rest_route=%2Fwp%2Fv2%2Ftags&post=13530"}],"curies":[{"name":"wp","href":"https:\/\/api.w.org\/{rel}","templated":true}]}}