
{"id":13764,"date":"2012-02-07T19:20:55","date_gmt":"2012-02-07T19:20:55","guid":{"rendered":"https:\/\/ujkafe.website\/?p=13764"},"modified":"2012-02-07T19:20:55","modified_gmt":"2012-02-07T19:20:55","slug":"vilaghiru-magyar-noi-fotomuveszek-kepei-a-biksady-galeriaban","status":"publish","type":"post","link":"https:\/\/ujkafe.website\/?p=13764","title":{"rendered":"Vil\u00e1gh\u00edr\u0171 magyar n\u0151i fot\u00f3m\u0171v\u00e9szek k\u00e9pei a Biksady Gal\u00e9ri\u00e1ban"},"content":{"rendered":"<p><a href=\"https:\/\/ujkafe.website\/wp-content\/uploads\/2012\/02\/ergy-landau_noradumas_0.jpg\"><img loading=\"lazy\" decoding=\"async\" class=\"alignnone size-full wp-image-13765\" title=\"ergy-landau_noradumas_0\" src=\"https:\/\/ujkafe.website\/wp-content\/uploads\/2012\/02\/ergy-landau_noradumas_0.jpg\" alt=\"\" width=\"615\" height=\"458\" srcset=\"https:\/\/ujkafe.website\/wp-content\/uploads\/2012\/02\/ergy-landau_noradumas_0.jpg 615w, https:\/\/ujkafe.website\/wp-content\/uploads\/2012\/02\/ergy-landau_noradumas_0-300x223.jpg 300w\" sizes=\"auto, (max-width: 615px) 100vw, 615px\" \/><\/a><\/p>\n<p><em>Ergy Landau (Landau Erzsi, 1896-1967) \u00e9s Nora Dumas (Kelenf\u00f6ldi Telkes N\u00f3ra, 1890-1979) \u00e9letm\u0171v\u00e9nek egy-egy szakasz\u00e1t mutatj\u00e1k be cs\u00fct\u00f6rt\u00f6k\u00f6n, \u00a0febru\u00e1r 9-\u00e9n reprezentat\u00edv ki\u00e1ll\u00edt\u00e1son. \u00a0A k\u00e9t vil\u00e1gh\u00edr\u0171 fot\u00f3m\u0171v\u00e9szn\u0151t kev\u00e9sbe ismerik saj\u00e1t haz\u00e1jukban, akik sok \u00e9ven \u00e1t dolgoztak egy\u00fctt P\u00e1rizsban. Az arch\u00edv fot\u00f3 kettej\u00fckr\u0151l k\u00e9sz\u00fclt.<\/em><\/p>\n","protected":false},"excerpt":{"rendered":"<p>Ergy Landau (Landau Erzsi, 1896-1967) \u00e9s Nora Dumas (Kelenf\u00f6ldi Telkes N\u00f3ra, 1890-1979) \u00e9letm\u0171v\u00e9nek egy-egy szakasz\u00e1t mutatj\u00e1k be cs\u00fct\u00f6rt\u00f6k\u00f6n, \u00a0febru\u00e1r 9-\u00e9n reprezentat\u00edv ki\u00e1ll\u00edt\u00e1son. \u00a0A k\u00e9t vil\u00e1gh\u00edr\u0171 fot\u00f3m\u0171v\u00e9szn\u0151t kev\u00e9sbe ismerik saj\u00e1t haz\u00e1jukban, akik sok \u00e9ven \u00e1t dolgoztak egy\u00fctt P\u00e1rizsban. Az arch\u00edv fot\u00f3 kettej\u00fckr\u0151l k\u00e9sz\u00fclt.<\/p>\n","protected":false},"author":3,"featured_media":0,"comment_status":"open","ping_status":"open","sticky":false,"template":"","format":"standard","meta":{"_monsterinsights_skip_tracking":false,"_monsterinsights_sitenote_active":false,"_monsterinsights_sitenote_note":"","_monsterinsights_sitenote_category":0,"ngg_post_thumbnail":0,"footnotes":""},"categories":[5],"tags":[],"class_list":["post-13764","post","type-post","status-publish","format-standard","hentry","category-foto"],"_links":{"self":[{"href":"https:\/\/ujkafe.website\/index.php?rest_route=\/wp\/v2\/posts\/13764","targetHints":{"allow":["GET"]}}],"collection":[{"href":"https:\/\/ujkafe.website\/index.php?rest_route=\/wp\/v2\/posts"}],"about":[{"href":"https:\/\/ujkafe.website\/index.php?rest_route=\/wp\/v2\/types\/post"}],"author":[{"embeddable":true,"href":"https:\/\/ujkafe.website\/index.php?rest_route=\/wp\/v2\/users\/3"}],"replies":[{"embeddable":true,"href":"https:\/\/ujkafe.website\/index.php?rest_route=%2Fwp%2Fv2%2Fcomments&post=13764"}],"version-history":[{"count":0,"href":"https:\/\/ujkafe.website\/index.php?rest_route=\/wp\/v2\/posts\/13764\/revisions"}],"wp:attachment":[{"href":"https:\/\/ujkafe.website\/index.php?rest_route=%2Fwp%2Fv2%2Fmedia&parent=13764"}],"wp:term":[{"taxonomy":"category","embeddable":true,"href":"https:\/\/ujkafe.website\/index.php?rest_route=%2Fwp%2Fv2%2Fcategories&post=13764"},{"taxonomy":"post_tag","embeddable":true,"href":"https:\/\/ujkafe.website\/index.php?rest_route=%2Fwp%2Fv2%2Ftags&post=13764"}],"curies":[{"name":"wp","href":"https:\/\/api.w.org\/{rel}","templated":true}]}}