
{"id":13773,"date":"2012-02-08T08:08:18","date_gmt":"2012-02-08T08:08:18","guid":{"rendered":"https:\/\/ujkafe.website\/?p=13773"},"modified":"2012-02-08T08:08:18","modified_gmt":"2012-02-08T08:08:18","slug":"csinodi-kronika-5","status":"publish","type":"post","link":"https:\/\/ujkafe.website\/?p=13773","title":{"rendered":"Csin\u00f3di kr\u00f3nika (5)"},"content":{"rendered":"<p><a href=\"https:\/\/ujkafe.website\/wp-content\/uploads\/2012\/02\/terepjaro.jpg\"><img loading=\"lazy\" decoding=\"async\" class=\"alignnone size-full wp-image-13774\" title=\"terepjaro\" src=\"https:\/\/ujkafe.website\/wp-content\/uploads\/2012\/02\/terepjaro.jpg\" alt=\"\" width=\"633\" height=\"423\" srcset=\"https:\/\/ujkafe.website\/wp-content\/uploads\/2012\/02\/terepjaro.jpg 904w, https:\/\/ujkafe.website\/wp-content\/uploads\/2012\/02\/terepjaro-300x200.jpg 300w\" sizes=\"auto, (max-width: 633px) 100vw, 633px\" \/><\/a><\/p>\n<p>Ami\u00f3ta Csin\u00f3dba j\u00e1runk (\u00e9s ennek 13 esztendeje m\u00e1r) most van a legkem\u00e9nyebb t\u00e9l. Ma reggel a 4&#215;4-es ARO terepj\u00e1r\u00f3val is alig tudtam lej\u00f6nni a hegyr\u0151l, pedig mindegyik kerek\u00e9n l\u00e1nc volt.<!--more--> Csak k\u00e9s\u0151 d\u00e9lut\u00e1nra \u00e9rkeztem Szentgy\u00f6rgyre, mert  Tusn\u00e1dn\u00e1l elszkadt az \u00e9ksz\u00edj, feforrt a v\u00edz \u00e9s t\u00f6nkrement a termoszt\u00e1t is. Am\u00edg ezeket megjav\u00edtottam, illetve kicser\u00e9ltem, bizony j\u00f3l megf\u00e1ztam. De most m\u00e1r melegben \u00fcl\u00f6k \u00e9s iszom a C vitamin kokt\u00e9lt.<\/p>\n<p style=\"text-align: right;\"><em><strong>K\u00e9p \u00e9s sz\u00f6veg: Nagy Bal\u00e1zs<\/strong><\/em><\/p>\n<p style=\"text-align: center;\"><em><strong><a href=\"https:\/\/ujkafe.website\/wp-content\/uploads\/2012\/02\/egyedul.jpg\"><img loading=\"lazy\" decoding=\"async\" class=\"aligncenter size-full wp-image-13775\" title=\"egyedul\" src=\"https:\/\/ujkafe.website\/wp-content\/uploads\/2012\/02\/egyedul.jpg\" alt=\"\" width=\"504\" height=\"489\" srcset=\"https:\/\/ujkafe.website\/wp-content\/uploads\/2012\/02\/egyedul.jpg 504w, https:\/\/ujkafe.website\/wp-content\/uploads\/2012\/02\/egyedul-300x291.jpg 300w\" sizes=\"auto, (max-width: 504px) 100vw, 504px\" \/><\/a><br \/>\n<\/strong><\/em><\/p>\n","protected":false},"excerpt":{"rendered":"<p>Ami\u00f3ta Csin\u00f3dba j\u00e1runk (\u00e9s ennek 13 esztendeje m\u00e1r) most van a legkem\u00e9nyebb t\u00e9l. Ma reggel a 4&#215;4-es ARO terepj\u00e1r\u00f3val is alig tudtam lej\u00f6nni a hegyr\u0151l, pedig mindegyik kerek\u00e9n l\u00e1nc volt.<\/p>\n","protected":false},"author":3,"featured_media":0,"comment_status":"open","ping_status":"open","sticky":false,"template":"","format":"standard","meta":{"_monsterinsights_skip_tracking":false,"_monsterinsights_sitenote_active":false,"_monsterinsights_sitenote_note":"","_monsterinsights_sitenote_category":0,"ngg_post_thumbnail":0,"footnotes":""},"categories":[5],"tags":[],"class_list":["post-13773","post","type-post","status-publish","format-standard","hentry","category-foto"],"_links":{"self":[{"href":"https:\/\/ujkafe.website\/index.php?rest_route=\/wp\/v2\/posts\/13773","targetHints":{"allow":["GET"]}}],"collection":[{"href":"https:\/\/ujkafe.website\/index.php?rest_route=\/wp\/v2\/posts"}],"about":[{"href":"https:\/\/ujkafe.website\/index.php?rest_route=\/wp\/v2\/types\/post"}],"author":[{"embeddable":true,"href":"https:\/\/ujkafe.website\/index.php?rest_route=\/wp\/v2\/users\/3"}],"replies":[{"embeddable":true,"href":"https:\/\/ujkafe.website\/index.php?rest_route=%2Fwp%2Fv2%2Fcomments&post=13773"}],"version-history":[{"count":0,"href":"https:\/\/ujkafe.website\/index.php?rest_route=\/wp\/v2\/posts\/13773\/revisions"}],"wp:attachment":[{"href":"https:\/\/ujkafe.website\/index.php?rest_route=%2Fwp%2Fv2%2Fmedia&parent=13773"}],"wp:term":[{"taxonomy":"category","embeddable":true,"href":"https:\/\/ujkafe.website\/index.php?rest_route=%2Fwp%2Fv2%2Fcategories&post=13773"},{"taxonomy":"post_tag","embeddable":true,"href":"https:\/\/ujkafe.website\/index.php?rest_route=%2Fwp%2Fv2%2Ftags&post=13773"}],"curies":[{"name":"wp","href":"https:\/\/api.w.org\/{rel}","templated":true}]}}